{"id":1507,"date":"2025-09-09T05:33:12","date_gmt":"2025-09-09T04:33:12","guid":{"rendered":"https:\/\/visaeta.uk\/news\/northern-group-allies-gather-in-warsaw-to-address-european-security-issues\/"},"modified":"2026-05-16T11:09:31","modified_gmt":"2026-05-16T10:09:31","slug":"northern-group-warsaw-meeting-uk-european-security","status":"publish","type":"post","link":"https:\/\/visaeta.uk\/cs\/blog\/northern-group-warsaw-meeting-uk-european-security\/","title":{"rendered":"Spojenci ze Severn\u00ed skupiny se se\u0161li ve Var\u0161av\u011b, aby \u0159e\u0161ili ot\u00e1zky evropsk\u00e9 bezpe\u010dnosti."},"content":{"rendered":"<p><strong>Zased\u00e1n\u00ed skupiny Northern Group ve Var\u0161av\u011b<\/strong> znamenala pro evropskou bezpe\u010dnost kl\u00ed\u010dov\u00fd okam\u017eik. Setkal se na n\u00ed zejm\u00e9na ministr obrany Spojen\u00e9ho kr\u00e1lovstv\u00ed Ben Wallace a jeho prot\u011bj\u0161ky z jeden\u00e1cti severoevropsk\u00fdch zem\u00ed. Var\u0161avsk\u00e9 zased\u00e1n\u00ed Severn\u00ed skupiny se p\u0159edev\u0161\u00edm zam\u011b\u0159ilo na koordinovanou reakci na prob\u00edhaj\u00edc\u00ed ruskou v\u00e1lku na Ukrajin\u011b a na dlouhodob\u00e9 odstra\u0161ov\u00e1n\u00ed. Krom\u011b toho pos\u00edlilo roli Spojen\u00e9ho kr\u00e1lovstv\u00ed jako st\u011b\u017eejn\u00edho bezpe\u010dnostn\u00edho partnera v pobaltsk\u00e9m a seversk\u00e9m regionu. Tento vztah rovn\u011b\u017e utv\u00e1\u0159\u00ed sou\u010dasn\u00e1 pravidla pro cestov\u00e1n\u00ed a vstup britsk\u00fdch n\u00e1v\u0161t\u011bvn\u00edk\u016f.<\/p>\n<h2>Co je setk\u00e1n\u00ed Severn\u00ed skupiny ve Var\u0161av\u011b?<\/h2>\n<p>Severn\u00ed skupina je neform\u00e1ln\u00ed, ale strategicky d\u016fle\u017eit\u00e9 f\u00f3rum pro obrannou spolupr\u00e1ci, kter\u00e9mu na rota\u010dn\u00edm principu p\u0159edsed\u00e1 dvan\u00e1ct \u010dlen\u016f. Pozoruhodn\u00e9 je, \u017ee var\u0161avsk\u00e9 zased\u00e1n\u00ed Severn\u00ed skupiny v roce 2025 n\u00e1sledovalo po p\u0159evzet\u00ed p\u0159edsednictv\u00ed Polskem, co\u017e podtrhuje rostouc\u00ed vliv Var\u0161avy v evropsk\u00e9 bezpe\u010dnostn\u00ed architektu\u0159e. Krom\u011b toho toto f\u00f3rum sp\u00ed\u0161e dopl\u0148uje NATO, ne\u017e aby ho dublovalo, a umo\u017e\u0148uje up\u0159\u00edmnou diskusi o region\u00e1ln\u00edch hrozb\u00e1ch mezi podobn\u011b sm\u00fd\u0161lej\u00edc\u00edmi spojenci.<\/p>\n<p>Dnes se v polsk\u00e9 Var\u0161av\u011b konalo zased\u00e1n\u00ed ministr\u016f Severn\u00ed skupiny. P\u0159ijeli minist\u0159i a z\u00e1stupci D\u00e1nska, Estonska, Finska, Islandu, Litvy, Loty\u0161ska, N\u011bmecka, Nizozemska, Norska, Polska, \u0160v\u00e9dska a Spojen\u00e9ho kr\u00e1lovstv\u00ed.<\/p>\n<p>Zased\u00e1n\u00ed, kter\u00e9mu v sou\u010dasn\u00e9 dob\u011b p\u0159edsed\u00e1 Polsko, se z\u00fa\u010dastnil ministr obrany Spojen\u00e9ho kr\u00e1lovstv\u00ed Ben Wallace, jeho\u017e hostitelem byl ministr n\u00e1rodn\u00ed obrany Mariusz B\u0142aszczak v Legionow\u011b u Var\u0161avy.<\/p>\n<p>Zased\u00e1n\u00ed se zab\u00fdvalo hrozbami a v\u00fdzvami pro evropskou bezpe\u010dnost. V\u0161ichni partne\u0159i uznali, \u017ee Putinova nez\u00e1konn\u00e1 invaze na Ukrajinu zm\u011bnila bezpe\u010dnostn\u00ed situaci. Stru\u010dn\u011b \u0159e\u010deno, agresivn\u00ed postoj Ruska p\u0159edstavuje p\u0159\u00edmou hrozbu pro bezpe\u010dnost a stabilitu euroatlantick\u00e9ho regionu.<\/p>\n<h2>Kl\u00ed\u010dov\u00ed \u00fa\u010dastn\u00edci var\u0161avsk\u00e9ho setk\u00e1n\u00ed Severn\u00ed skupiny<\/h2>\n\n<figure class=\"wp-block-image size-large\"><img loading=\"lazy\" decoding=\"async\" width=\"1200\" height=\"1800\" src=\"https:\/\/visaeta.uk\/wp-content\/uploads\/2026\/04\/uk-eta-families-children-applications-group-travel-img-4.jpg\" alt=\"ETA pro rodiny ve Spojen\u00e9m kr\u00e1lovstv\u00ed: D\u011btsk\u00e9 aplikace a tipy pro skupinov\u00e9 cesty obr\u00e1zek 4 zobrazuj\u00edc\u00ed cestovn\u00ed kontext\" class=\"wp-image-4981\" srcset=\"https:\/\/visaeta.uk\/wp-content\/uploads\/2026\/04\/uk-eta-families-children-applications-group-travel-img-4.jpg 1200w, https:\/\/visaeta.uk\/wp-content\/uploads\/2026\/04\/uk-eta-families-children-applications-group-travel-img-4-200x300.jpg 200w, https:\/\/visaeta.uk\/wp-content\/uploads\/2026\/04\/uk-eta-families-children-applications-group-travel-img-4-683x1024.jpg 683w, https:\/\/visaeta.uk\/wp-content\/uploads\/2026\/04\/uk-eta-families-children-applications-group-travel-img-4-768x1152.jpg 768w, https:\/\/visaeta.uk\/wp-content\/uploads\/2026\/04\/uk-eta-families-children-applications-group-travel-img-4-1024x1536.jpg 1024w, https:\/\/visaeta.uk\/wp-content\/uploads\/2026\/04\/uk-eta-families-children-applications-group-travel-img-4-8x12.jpg 8w\" sizes=\"auto, (max-width: 1200px) 100vw, 1200px\" \/><\/figure>\n\n\n<p>Na zased\u00e1n\u00ed Severn\u00ed skupiny ve Var\u0161av\u011b vyslalo sv\u00e9 ministry dvan\u00e1ct zem\u00ed. Z\u00fa\u010dastnilo se D\u00e1nsko, Estonsko, Finsko, Island, Litva, Loty\u0161sko, N\u011bmecko, Nizozemsko, Norsko, Polsko, \u0160v\u00e9dsko a Spojen\u00e9 kr\u00e1lovstv\u00ed. Setk\u00e1n\u00ed tedy reprezentovalo cel\u00e9 severn\u00ed k\u0159\u00eddlo NATO a neutr\u00e1ln\u00ed sousedy Irska. Krom\u011b toho polsk\u00fd ministr n\u00e1rodn\u00ed obrany Mariusz B\u0142aszczak form\u00e1ln\u011b hostil setk\u00e1n\u00ed v Legionow\u011b nedaleko Var\u0161avy, \u010d\u00edm\u017e zd\u016fraznil p\u0159edn\u00ed postaven\u00ed Polska.<\/p>\n<p>Vedle Bena Wallace p\u0159i\u0161li na jedn\u00e1n\u00ed tak\u00e9 vy\u0161\u0161\u00ed p\u0159edstavitel\u00e9, kte\u0159\u00ed p\u0159edstavili sv\u00e9 vlastn\u00ed priority v oblasti n\u00e1rodn\u00ed obrany. Nap\u0159\u00edklad pobaltsk\u00e9 st\u00e1ty d\u016fsledn\u011b prosazuj\u00ed siln\u011bj\u0161\u00ed p\u0159\u00edtomnost NATO na v\u00fdchodn\u00ed hranici. Sever\u0161t\u00ed \u010dlenov\u00e9 mezit\u00edm prosazuj\u00ed pos\u00edlen\u00ed bezpe\u010dnosti v Arktid\u011b a n\u00e1mo\u0159n\u00ed dohled. Stru\u010dn\u011b \u0159e\u010deno, Severn\u00ed skupina je m\u00edstem, kde se region\u00e1ln\u00ed nuance setk\u00e1vaj\u00ed s celoalian\u010dn\u00ed strategi\u00ed.<\/p>\n<h2>Pro\u010d je var\u0161avsk\u00e9 setk\u00e1n\u00ed Severn\u00ed skupiny d\u016fle\u017eit\u00e9 pro evropskou bezpe\u010dnost?<\/h2>\n<p>\u010clenov\u00e9 skupiny Sever se jednomysln\u011b shodli na jednom bod\u011b. Poskytnut\u00ed dal\u0161\u00ed vojensk\u00e9 pomoci Ukrajin\u011b je i nad\u00e1le nezbytn\u00e9 pro jej\u00ed obranu p\u0159ed ruskou agres\u00ed.<\/p>\n<blockquote>\n<p class=\"last-child\">Obrann\u00e1 partnerstv\u00ed, jako je Severn\u00ed skupina, jsou pro \u0159e\u0161en\u00ed spole\u010dn\u00fdch hrozeb z\u00e1sadn\u00ed. Jako zem\u011b se shodn\u00fdmi z\u00e1jmy jsme odhodl\u00e1ni podporovat Ukrajinu proti rusk\u00e9 agresi tak dlouho, jak to bude nutn\u00e9.<\/p>\n<\/blockquote>\n<blockquote>\n<p class=\"last-child\">Bylo mi pot\u011b\u0161en\u00edm znovu se setkat se sv\u00fdm p\u0159\u00edtelem a bl\u00edzk\u00fdm partnerem v obran\u011b Mariuszem B\u0142aszczakem. S Polskem n\u00e1s ji\u017e v\u00edce ne\u017e 150 let poj\u00ed siln\u00e9 obrann\u00e9 spojenectv\u00ed a na\u0161e trval\u00e1 spolupr\u00e1ce posiluje bezpe\u010dnost a stabilitu v cel\u00e9 Evrop\u011b.<\/p>\n<\/blockquote>\n<p>Var\u0161avsk\u00e9 zased\u00e1n\u00ed Severn\u00ed skupiny p\u0159edev\u0161\u00edm potvrdilo, \u017ee o jednot\u011b v ot\u00e1zce Ukrajiny nelze vyjedn\u00e1vat. \u00da\u010dastn\u00edci se nav\u00edc dohodli na urychlen\u00ed n\u011bkolika st\u00e1vaj\u00edc\u00edch z\u00e1vazk\u016f. Mezi n\u011b pat\u0159\u00ed v\u00fdroba munice, nasazen\u00ed protivzdu\u0161n\u00e9 obrany a v\u00fdcvikov\u00e9 mise pro ukrajinsk\u00e9 s\u00edly. Rozhodnut\u00ed z var\u0161avsk\u00e9ho zased\u00e1n\u00ed Severn\u00ed skupiny se proto v n\u00e1sleduj\u00edc\u00edch m\u011bs\u00edc\u00edch prom\u00edtnou do konkr\u00e9tn\u00edch vojensk\u00fdch bal\u00ed\u010dk\u016f.<\/p>\n\n<figure class=\"wp-block-image size-large\"><img loading=\"lazy\" decoding=\"async\" width=\"2048\" height=\"1889\" src=\"https:\/\/visaeta.uk\/wp-content\/uploads\/2025\/08\/UK-ETA-Non-European-Travel-Requirement.png\" alt=\"Po\u017eadavek ETA pro cesty mimo Evropu ve Spojen\u00e9m kr\u00e1lovstv\u00ed\" class=\"wp-image-1324\" srcset=\"https:\/\/visaeta.uk\/wp-content\/uploads\/2025\/08\/UK-ETA-Non-European-Travel-Requirement.png 2048w, https:\/\/visaeta.uk\/wp-content\/uploads\/2025\/08\/UK-ETA-Non-European-Travel-Requirement-300x277.png 300w, https:\/\/visaeta.uk\/wp-content\/uploads\/2025\/08\/UK-ETA-Non-European-Travel-Requirement-1024x945.png 1024w, https:\/\/visaeta.uk\/wp-content\/uploads\/2025\/08\/UK-ETA-Non-European-Travel-Requirement-768x708.png 768w, https:\/\/visaeta.uk\/wp-content\/uploads\/2025\/08\/UK-ETA-Non-European-Travel-Requirement-1536x1417.png 1536w, https:\/\/visaeta.uk\/wp-content\/uploads\/2025\/08\/UK-ETA-Non-European-Travel-Requirement-13x12.png 13w\" sizes=\"auto, (max-width: 2048px) 100vw, 2048px\" \/><\/figure>\n\n\n<p>Na z\u00e1klad\u011b t\u011bchto jedn\u00e1n\u00ed n\u011bkolik \u010dlensk\u00fdch st\u00e1t\u016f potvrdilo pl\u00e1ny na prohlouben\u00ed dvoustrann\u00fdch obrann\u00fdch smluv se Spojen\u00fdm kr\u00e1lovstv\u00edm. Zejm\u00e9na odborn\u00e9 znalosti Spojen\u00e9ho kr\u00e1lovstv\u00ed v oblasti komplexn\u00edch zbran\u00ed a integrovan\u00e9 protivzdu\u0161n\u00e9 obrany jsou v r\u00e1mci Severn\u00ed skupiny i nad\u00e1le velmi \u017e\u00e1dan\u00e9. Brit\u0161t\u00ed obrann\u00ed v\u00fdrobci proto budou t\u011b\u017eit z vlny v\u00edcelet\u00fdch zak\u00e1zek vze\u0161l\u00fdch z var\u0161avsk\u00fdch jedn\u00e1n\u00ed.<\/p>\n<h2>Zased\u00e1n\u00ed skupiny Northern Group ve Var\u0161av\u011b: Hlavn\u00ed body obrann\u00e9ho partnerstv\u00ed mezi Spojen\u00fdm kr\u00e1lovstv\u00edm a Polskem<\/h2>\n<p>T\u00e9matem diskuse byl tak\u00e9 summit NATO ve Vilniusu, kter\u00fd se zam\u011b\u0159il na prov\u00e1d\u011bn\u00ed dohod dosa\u017een\u00fdch na summitu v Madridu v roce 2022. \u010clenov\u00e9 Severn\u00ed skupiny se shodli na tom, \u017ee summit ve Vilniusu by m\u011bl pos\u00edlit region\u00e1ln\u00ed bezpe\u010dnost prost\u0159ednictv\u00edm dal\u0161\u00edho pos\u00edlen\u00ed alian\u010dn\u00edch strategi\u00ed odstra\u0161ov\u00e1n\u00ed a obrany.<\/p>\n<p>B\u011bhem setk\u00e1n\u00ed vedl ministr obrany Ben Wallace dvoustrannou diskusi se sv\u00fdm prot\u011bj\u0161kem Mariuszem B\u0142aszczakem. Od posledn\u00ed n\u00e1v\u0161t\u011bvy Bena Wallace v Polsku, kde byl hostem zased\u00e1n\u00ed Bukure\u0161\u0165 9, uplynul necel\u00fd m\u011bs\u00edc. Jejich p\u0159edchoz\u00ed setk\u00e1n\u00ed se uskute\u010dnilo v \u0159\u00edjnu 2022, kdy podepsali memorandum o porozum\u011bn\u00ed o zbra\u0148ov\u00e9m komplexu protivzdu\u0161n\u00e9 obrany a prohl\u00e1\u0161en\u00ed o z\u00e1m\u011bru v souvislosti s projektem Arrowhead-140.<\/p>\n<p>Memorandum o porozum\u011bn\u00ed v oblasti protivzdu\u0161n\u00e9 obrany umo\u017e\u0148uje Spojen\u00fdm kr\u00e1lovstv\u00edm a Polskem spolupracovat na sou\u010dasn\u00fdch i budouc\u00edch komplexn\u00edch zbran\u00edch. Na druh\u00e9 stran\u011b posiluje Smlouvu o obrann\u00e9 a bezpe\u010dnostn\u00ed spolupr\u00e1ci (2017) a zlep\u0161uje interoperabilitu na\u0161ich ozbrojen\u00fdch sil. Prohl\u00e1\u0161en\u00ed o z\u00e1m\u011bru Arrowhead-140 stanov\u00ed r\u00e1mec pro spole\u010dnou \u010dinnost. Ob\u011b vl\u00e1dy budou spolupracovat na po\u0159\u00edzen\u00ed a provozu t\u0159\u00ed fregat Arrowhead-140. Pozoruhodn\u00e9 je, \u017ee polsk\u00e9 fregaty jsou variantou tohoto modelu.<\/p>\n<p>Dvoustrann\u00e9 vztahy mezi Spojen\u00fdm kr\u00e1lovstv\u00edm a Polskem se staly jedn\u00edm z nejaktivn\u011bj\u0161\u00edch obrann\u00fdch partnerstv\u00ed v NATO. Konkr\u00e9tn\u011b ob\u011b zem\u011b spolupracuj\u00ed na n\u011bkolika front\u00e1ch. Pat\u0159\u00ed mezi n\u011b raketov\u00e9 syst\u00e9my, pozemn\u00ed protivzdu\u0161n\u00e1 obrana, stavba n\u00e1mo\u0159n\u00edch lod\u00ed a spole\u010dn\u00e9 v\u00fdcvikov\u00e9 rotace. Naproti tomu v p\u0159edchoz\u00edch desetilet\u00edch se jednalo o u\u017e\u0161\u00ed oblast zam\u011b\u0159enou p\u0159edev\u0161\u00edm na integraci do NATO. Dnes je osa Var\u0161ava-Lond\u00fdn sou\u010dasn\u011b opera\u010dn\u00ed, obchodn\u00ed i politick\u00e1.<\/p>\n<table><thead><tr><th>Dohoda<\/th><th>Hodnota<\/th><th>Podeps\u00e1no<\/th><th>Dopad<\/th><\/tr><\/thead><tbody><tr><td>Komplex zbran\u00ed protivzdu\u0161n\u00e9 obrany<\/td><td>R\u00e1mec<\/td><td>2022<\/td><td>Spolupr\u00e1ce na sou\u010dasn\u00fdch a budouc\u00edch zbran\u00edch<\/td><\/tr><tr><td>Prohl\u00e1\u0161en\u00ed o z\u00e1m\u011bru Arrowhead-140<\/td><td>R\u00e1mec<\/td><td>2022<\/td><td>T\u0159i fregaty pro Polsko<\/td><\/tr><tr><td>MBDA CAMM export<\/td><td>1,9 miliardy liber<\/td><td>2023<\/td><td>22 polsk\u00fdch bateri\u00ed protivzdu\u0161n\u00e9 obrany<\/td><\/tr><tr><td>Nasazen\u00ed syst\u00e9mu Sky Sabre<\/td><td>Provozn\u00ed<\/td><td>Pr\u016fb\u011b\u017en\u011b<\/td><td>Britsk\u00e1 jednotka protivzdu\u0161n\u00e9 obrany um\u00edst\u011bn\u00e1 v Polsku<\/td><\/tr><\/tbody><\/table>\n<h2>Zased\u00e1n\u00ed skupiny Northern Group ve Var\u0161av\u011b: D\u016fsledky pro cestuj\u00edc\u00ed ze Spojen\u00e9ho kr\u00e1lovstv\u00ed v severn\u00ed Evrop\u011b<\/h2>\n\n<figure class=\"wp-block-image size-large\"><img loading=\"lazy\" decoding=\"async\" width=\"1200\" height=\"801\" src=\"https:\/\/visaeta.uk\/wp-content\/uploads\/2026\/04\/uk-eta-families-children-applications-group-travel-img-5.jpg\" alt=\"ETA pro rodiny ve Spojen\u00e9m kr\u00e1lovstv\u00ed: obr\u00e1zek 5 zobrazuj\u00edc\u00ed cestovn\u00ed kontext\" class=\"wp-image-4982\" srcset=\"https:\/\/visaeta.uk\/wp-content\/uploads\/2026\/04\/uk-eta-families-children-applications-group-travel-img-5.jpg 1200w, https:\/\/visaeta.uk\/wp-content\/uploads\/2026\/04\/uk-eta-families-children-applications-group-travel-img-5-300x200.jpg 300w, https:\/\/visaeta.uk\/wp-content\/uploads\/2026\/04\/uk-eta-families-children-applications-group-travel-img-5-1024x684.jpg 1024w, https:\/\/visaeta.uk\/wp-content\/uploads\/2026\/04\/uk-eta-families-children-applications-group-travel-img-5-768x513.jpg 768w, https:\/\/visaeta.uk\/wp-content\/uploads\/2026\/04\/uk-eta-families-children-applications-group-travel-img-5-18x12.jpg 18w\" sizes=\"auto, (max-width: 1200px) 100vw, 1200px\" \/><\/figure>\n\n\n<p>A\u010dkoli je zased\u00e1n\u00ed Severn\u00ed skupiny ve Var\u0161av\u011b p\u0159edev\u0161\u00edm obrann\u00fdm f\u00f3rem, jeho v\u00fdsledky ovliv\u0148uj\u00ed tak\u00e9 cestovn\u00ed a hrani\u010dn\u00ed re\u017eim. Pos\u00edlen\u00e1 spolupr\u00e1ce Spojen\u00e9ho kr\u00e1lovstv\u00ed s Polskem, Pobalt\u00edm a seversk\u00fdmi zem\u011bmi se nap\u0159\u00edklad projevuje v hlad\u0161\u00ed konzul\u00e1rn\u00ed podpo\u0159e britsk\u00fdch cestuj\u00edc\u00edch v t\u011bchto zem\u00edch. Stejn\u011b tak vz\u00e1jemn\u00e9 cestovn\u00ed toky t\u011b\u017e\u00ed z p\u0159edv\u00eddateln\u00fdch politick\u00fdch vztah\u016f. Jednodu\u0161e \u0159e\u010deno, to m\u00e1 v\u00fdznam pro ka\u017ed\u00e9ho, kdo pl\u00e1nuje cestu Eurostarem nebo trajektem do Skandin\u00e1vie.<\/p>\n<p>Mezit\u00edm se cestuj\u00edc\u00ed vyd\u00e1vaj\u00ed i opa\u010dn\u00fdm sm\u011brem. N\u00e1v\u0161t\u011bvn\u00edci z Polska, N\u011bmecka, seversk\u00fdch a pobaltsk\u00fdch zem\u00ed mus\u00ed nyn\u00ed \u017e\u00e1dat o povolen\u00ed k pobytu. <a href=\"https:\/\/visaeta.uk\/cs\/blog\/uk-eta-2026\/\">ETA ve Spojen\u00e9m kr\u00e1lovstv\u00ed p\u0159ed n\u00e1stupem do letadla<\/a>. Do syst\u00e9mu ETA jsou nyn\u00ed pln\u011b zapojeni zejm\u00e9na dr\u017eitel\u00e9 polsk\u00fdch, n\u011bmeck\u00fdch a skandin\u00e1vsk\u00fdch pas\u016f. Krom\u011b toho byly zve\u0159ejn\u011bny dal\u0161\u00ed podrobnosti o <a href=\"https:\/\/visaeta.uk\/cs\/blog\/who-needs-eta-uk-2026\/\">kdo pot\u0159ebuje britsk\u00e9 ETA<\/a> a na <a href=\"https:\/\/visaeta.uk\/cs\/blog\/uk-eta-requirements-by-country-language-guide-2026\/\">po\u017eadavky na jednotliv\u00e9 zem\u011b<\/a> jsou k dispozici na str\u00e1nk\u00e1ch na\u0161eho pr\u016fvodce.<\/p>\n<p>Stejn\u011b tak brit\u0161t\u00ed turist\u00e9 nav\u0161t\u011bvuj\u00ed partnersk\u00e9 metropole, jako jsou Var\u0161ava, Vilnius, Helsinky, Tallinn, Koda\u0148, Oslo a Stockholm. Vyu\u017e\u00edvaj\u00ed schengensk\u00fdch pravidel pro bezv\u00edzov\u00fd vstup, kter\u00e1 se v r\u00e1mci obrann\u00fdch rozhovor\u016f nezm\u011bnila. V\u0161imn\u011bte si v\u0161ak, \u017ee ETIAS bude brzy platit i pro ob\u010dany Spojen\u00e9ho kr\u00e1lovstv\u00ed cestuj\u00edc\u00ed do schengensk\u00e9ho prostoru. Podrobn\u011bj\u0161\u00ed vysv\u011btlen\u00ed naleznete v na\u0161em \u010dl\u00e1nku <a href=\"https:\/\/visaeta.uk\/cs\/blog\/uk-eta-vs-etias-2026-comparison\/\">Srovn\u00e1n\u00ed ETA a ETIAS ve Spojen\u00e9m kr\u00e1lovstv\u00ed<\/a>.<\/p>\n<h2>Kontext: Od studen\u00e9 v\u00e1lky NATO k modern\u00ed Severn\u00ed skupin\u011b Var\u0161avsk\u00e9 setk\u00e1n\u00ed<\/h2>\n<p>Za prv\u00e9, Severn\u00ed skupina byla zalo\u017eena v roce 2010 z iniciativy Spojen\u00e9ho kr\u00e1lovstv\u00ed, aby formalizovala ji\u017e existuj\u00edc\u00ed model region\u00e1ln\u00edho obrann\u00e9ho dialogu. Od t\u00e9 doby se jej\u00ed agenda posunula od stabilizace po skon\u010den\u00ed studen\u00e9 v\u00e1lky k aktivn\u00edmu odrazov\u00e1n\u00ed od rusk\u00e9 agrese. Neform\u00e1lnost skupiny je nav\u00edc sp\u00ed\u0161e jej\u00ed vlastnost\u00ed ne\u017e chybou: umo\u017e\u0148uje ministr\u016fm p\u0159ij\u00edmat up\u0159\u00edmn\u00e9 z\u00e1vazky bez procedur\u00e1ln\u00ed z\u00e1t\u011b\u017ee, kterou by p\u0159edstavoval summit cel\u00e9 aliance.<\/p>\n\n<figure class=\"wp-block-image size-large\"><img loading=\"lazy\" decoding=\"async\" width=\"1200\" height=\"904\" src=\"https:\/\/visaeta.uk\/wp-content\/uploads\/2026\/04\/uk-eta-families-children-applications-group-travel-img-1.jpg\" alt=\"ETA pro rodiny ve Spojen\u00e9m kr\u00e1lovstv\u00ed: Obr\u00e1zek 2 zobrazuj\u00edc\u00ed cestovn\u00ed kontext: Aplikace pro d\u011bti a tipy pro skupinov\u00e9 cesty\" class=\"wp-image-4979\" srcset=\"https:\/\/visaeta.uk\/wp-content\/uploads\/2026\/04\/uk-eta-families-children-applications-group-travel-img-1.jpg 1200w, https:\/\/visaeta.uk\/wp-content\/uploads\/2026\/04\/uk-eta-families-children-applications-group-travel-img-1-300x200.jpg 300w, https:\/\/visaeta.uk\/wp-content\/uploads\/2026\/04\/uk-eta-families-children-applications-group-travel-img-1-1024x683.jpg 1024w, https:\/\/visaeta.uk\/wp-content\/uploads\/2026\/04\/uk-eta-families-children-applications-group-travel-img-1-768x512.jpg 768w, https:\/\/visaeta.uk\/wp-content\/uploads\/2026\/04\/uk-eta-families-children-applications-group-travel-img-1-18x12.jpg 18w\" sizes=\"auto, (max-width: 1200px) 100vw, 1200px\" \/><\/figure>\n\n\n<p>V pr\u016fb\u011bhu let se f\u00f3rum zab\u00fdvalo mnoha t\u00e9maty. Od detekce ponorek v severn\u00edm Atlantiku a\u017e po kybernetickou odolnost, energetickou bezpe\u010dnost a interoperabilitu velitelsk\u00fdch struktur. Zased\u00e1n\u00ed Severn\u00ed skupiny ve Var\u0161av\u011b proto p\u0159edstavuje dozr\u00e1n\u00ed t\u00e9to agendy do podoby konverzace o obran\u011b v cel\u00e9m jej\u00edm spektru. Rotace p\u0159edsednictv\u00ed nav\u00edc zaji\u0161\u0165uje, \u017ee se ka\u017ed\u00fd \u010dlen vyst\u0159\u00edd\u00e1 v hostov\u00e1n\u00ed a utv\u00e1\u0159en\u00ed region\u00e1ln\u00edho p\u0159\u00edb\u011bhu.<\/p>\n<h2>Co se d\u011bje po var\u0161avsk\u00e9m zased\u00e1n\u00ed Skupiny Severn\u00ed Evropa<\/h2>\n<p>Po zased\u00e1n\u00ed Severn\u00ed skupiny ve Var\u0161av\u011b mus\u00ed \u010dlensk\u00e9 st\u00e1ty p\u0159ev\u00e9st politick\u00e1 prohl\u00e1\u0161en\u00ed do praxe. Konkr\u00e9tn\u011b to znamen\u00e1 z\u00e1vazky t\u00fdkaj\u00edc\u00ed se sil, n\u00e1kupu techniky a v\u00fdm\u011bny v\u00fdcviku. Konkr\u00e9tn\u011b bude Spojen\u00e9 kr\u00e1lovstv\u00ed pokra\u010dovat v nasazov\u00e1n\u00ed jednotek Sky Sabre v Polsku a v pln\u011bn\u00ed smluvn\u00edch dod\u00e1vek MBDA podle harmonogramu. P\u0159\u00ed\u0161t\u00ed ministersk\u00e1 sch\u016fzka se nav\u00edc pravd\u011bpodobn\u011b p\u0159esune do jin\u00e9ho severn\u00edho hlavn\u00edho m\u011bsta, \u010d\u00edm\u017e se zachov\u00e1 pravideln\u00e1 kadence skupiny.<\/p>\n<p>Ob\u010dan\u00e9 a podniky v cel\u00e9 Severn\u00ed skupin\u011b mezit\u00edm poc\u00edt\u00ed nep\u0159\u00edm\u00e9 dopady. Jedn\u00e1 se o rozpo\u010dty na obranu, pr\u016fmyslov\u00e9 zak\u00e1zky a slad\u011bn\u00ed cestovn\u00ed politiky mezi Spojen\u00fdm kr\u00e1lovstv\u00edm a jeho region\u00e1ln\u00edmi partnery. Sledov\u00e1n\u00ed budouc\u00edch jedn\u00e1n\u00ed je proto u\u017eite\u010dn\u00e9 nejen pro pozorovatele politiky, ale tak\u00e9 pro v\u0161echny, kte\u0159\u00ed pl\u00e1nuj\u00ed p\u0159eshrani\u010dn\u00ed cestov\u00e1n\u00ed, pr\u00e1ci nebo studium v severn\u00ed Evrop\u011b.<\/p>\n<h2>\u010casto kladen\u00e9 ot\u00e1zky<\/h2>\n<h3>O \u010dem je setk\u00e1n\u00ed skupiny Northern Group ve Var\u0161av\u011b?<\/h3>\n<p>Zased\u00e1n\u00ed Severn\u00ed skupiny ve Var\u0161av\u011b je obrann\u00fdm f\u00f3rem na vysok\u00e9 \u00farovni, kter\u00e9ho se \u00fa\u010dastn\u00ed minist\u0159i 12 severoevropsk\u00fdch zem\u00ed a Spojen\u00e9ho kr\u00e1lovstv\u00ed. Konkr\u00e9tn\u011b se zab\u00fdv\u00e1 evropsk\u00fdmi bezpe\u010dnostn\u00edmi hrozbami, podporou Ukrajiny a region\u00e1ln\u00ed spoluprac\u00ed v oblasti protivzdu\u0161n\u00e9 obrany, kybernetick\u00e9 odolnosti a spole\u010dn\u00e9ho v\u00fdcviku.<\/p>\n<h3>Kter\u00e9 zem\u011b se \u00fa\u010dastn\u00ed Severn\u00ed skupiny?<\/h3>\n<p>\u010cleny jsou D\u00e1nsko, Estonsko, Finsko, Island, Litva, Loty\u0161sko, N\u011bmecko, Nizozemsko, Norsko, Polsko, \u0160v\u00e9dsko a Spojen\u00e9 kr\u00e1lovstv\u00ed. Skupina tedy p\u0159edstavuje severn\u00ed k\u0159\u00eddlo NATO. P\u0159id\u00e1vaj\u00ed se k n\u00ed tak\u00e9 men\u0161\u00ed seversk\u00e9 a pobaltsk\u00e9 zem\u011b.<\/p>\n<h3>Kdo p\u0159edsedal var\u0161avsk\u00e9mu zased\u00e1n\u00ed skupiny Northern Group?<\/h3>\n\n<figure class=\"wp-block-image size-large\"><img loading=\"lazy\" decoding=\"async\" width=\"2048\" height=\"1866\" src=\"https:\/\/visaeta.uk\/wp-content\/uploads\/2025\/08\/How-to-Apply-for-the-UK-ETA.png\" alt=\"Po\u017eadavek ETA pro cesty mimo Evropu ve Spojen\u00e9m kr\u00e1lovstv\u00ed\" class=\"wp-image-1322\" srcset=\"https:\/\/visaeta.uk\/wp-content\/uploads\/2025\/08\/How-to-Apply-for-the-UK-ETA.png 2048w, https:\/\/visaeta.uk\/wp-content\/uploads\/2025\/08\/How-to-Apply-for-the-UK-ETA-300x273.png 300w, https:\/\/visaeta.uk\/wp-content\/uploads\/2025\/08\/How-to-Apply-for-the-UK-ETA-1024x933.png 1024w, https:\/\/visaeta.uk\/wp-content\/uploads\/2025\/08\/How-to-Apply-for-the-UK-ETA-768x700.png 768w, https:\/\/visaeta.uk\/wp-content\/uploads\/2025\/08\/How-to-Apply-for-the-UK-ETA-1536x1400.png 1536w, https:\/\/visaeta.uk\/wp-content\/uploads\/2025\/08\/How-to-Apply-for-the-UK-ETA-13x12.png 13w\" sizes=\"auto, (max-width: 2048px) 100vw, 2048px\" \/><\/figure>\n\n\n<p>V sou\u010dasn\u00e9 dob\u011b je rotuj\u00edc\u00edm p\u0159edsednictv\u00edm Polsko. Z tohoto d\u016fvodu se zased\u00e1n\u00ed konalo v Legionov\u011b u Var\u0161avy. Agendu nav\u00edc vedl polsk\u00fd ministr n\u00e1rodn\u00ed obrany Mariusz B\u0142aszczak, zat\u00edmco ministr obrany Spojen\u00e9ho kr\u00e1lovstv\u00ed Ben Wallace se jedn\u00e1n\u00ed z\u00fa\u010dastnil jako kl\u00ed\u010dov\u00fd bilater\u00e1ln\u00ed partner.<\/p>\n<h3>Jak se to dotkne cestuj\u00edc\u00edch ze Spojen\u00e9ho kr\u00e1lovstv\u00ed, kte\u0159\u00ed nav\u0161t\u00edv\u00ed Polsko nebo Pobalt\u00ed?<\/h3>\n<p>A\u010dkoli je setk\u00e1n\u00ed Severn\u00ed skupiny ve Var\u0161av\u011b obrann\u00fdm f\u00f3rem, siln\u011bj\u0161\u00ed politick\u00e9 vazby se obvykle prom\u00edtaj\u00ed do lep\u0161\u00ed konzul\u00e1rn\u00ed podpory a hlad\u0161\u00edho pr\u016fb\u011bhu p\u0159eshrani\u010dn\u00edch jedn\u00e1n\u00ed pro n\u00e1v\u0161t\u011bvn\u00edky Spojen\u00e9ho kr\u00e1lovstv\u00ed. Krom\u011b toho maj\u00ed brit\u0161t\u00ed ob\u010dan\u00e9 p\u0159i n\u00e1v\u0161t\u011bv\u00e1ch v\u0161ech \u010dlensk\u00fdch st\u00e1t\u016f Severn\u00ed skupiny i nad\u00e1le bezv\u00edzov\u00fd styk podle schengensk\u00fdch pravidel.<\/p>\n<h3>Pot\u0159ebuj\u00ed pol\u0161t\u00ed a skandin\u00e1v\u0161t\u00ed cestovatel\u00e9 k n\u00e1v\u0161t\u011bv\u011b Brit\u00e1nie ETA?<\/h3>\n<p>Ano. Od 2. dubna 2025 mus\u00ed dr\u017eitel\u00e9 polsk\u00fdch, n\u011bmeck\u00fdch, seversk\u00fdch a pobaltsk\u00fdch pas\u016f p\u0159ed cestou do Brit\u00e1nie po\u017e\u00e1dat o elektronick\u00e9 cestovn\u00ed povolen\u00ed (ETA). ETA nav\u00edc stoj\u00ed 16 liber, plat\u00ed dva roky a umo\u017e\u0148uje v\u00edcen\u00e1sobn\u00e9 n\u00e1v\u0161t\u011bvy v d\u00e9lce a\u017e \u0161esti m\u011bs\u00edc\u016f.<\/p>\n<h3>Je Severn\u00ed skupina sou\u010d\u00e1st\u00ed NATO?<\/h3>\n<p>Severn\u00ed skupina je neform\u00e1ln\u00ed region\u00e1ln\u00ed f\u00f3rum, kter\u00e9 dopl\u0148uje NATO, ale nen\u00ed sou\u010d\u00e1st\u00ed jeho ofici\u00e1ln\u00ed struktury. V\u011bt\u0161ina \u010dlen\u016f je nicm\u00e9n\u011b spojenci NATO, co\u017e znamen\u00e1, \u017ee diskuse p\u0159irozen\u011b p\u0159isp\u00edvaj\u00ed k \u0161ir\u0161\u00edmu alian\u010dn\u00edmu pl\u00e1nov\u00e1n\u00ed.<\/p>\n<h3>Kdy byla skupina Northern Group zalo\u017eena?<\/h3>\n<p>Spojen\u00e9 kr\u00e1lovstv\u00ed zah\u00e1jilo \u010dinnost skupiny Northern Group v roce 2010. Od t\u00e9 doby se jej\u00ed p\u016fsobnost roz\u0161\u00ed\u0159ila z obecn\u00e9ho region\u00e1ln\u00edho dialogu na aktivn\u00ed odstra\u0161ov\u00e1n\u00ed, pr\u016fmyslovou spolupr\u00e1ci a podporu Ukrajiny po rusk\u00e9 invazi.<\/p>\n<h3>Kde si mohu p\u0159e\u010d\u00edst v\u00edce o obrann\u00fdch smlouv\u00e1ch mezi Spojen\u00fdm kr\u00e1lovstv\u00edm a Polskem?<\/h3>\n<p>Ofici\u00e1ln\u00ed ozn\u00e1men\u00ed zve\u0159ej\u0148uje Ministerstvo obrany Spojen\u00e9ho kr\u00e1lovstv\u00ed na adrese <a href=\"https:\/\/www.gov.uk\/government\/organisations\/ministry-of-defence\" target=\"_blank\" rel=\"noopener\">gov.uk<\/a>. Krom\u011b toho na\u0161i pr\u016fvodci zam\u011b\u0159eni na cestov\u00e1n\u00ed vysv\u011btluj\u00ed, jak politick\u00e1 spolupr\u00e1ce formuje <a href=\"https:\/\/visaeta.uk\/cs\/blog\/uk-eta-2026\/\">Pravidla ETA ve Spojen\u00e9m kr\u00e1lovstv\u00ed<\/a> pro n\u00e1v\u0161t\u011bvn\u00edky ze zem\u00ed Severn\u00ed skupiny.<\/p>","protected":false},"excerpt":{"rendered":"<p>The Northern Group Warsaw meeting marked a pivotal moment for European security. Notably, it brought together UK Defence Secretary Ben Wallace and counterparts from eleven northern European nations. First of all, the Northern Group Warsaw meeting focused on coordinated responses to Russia&#8217;s ongoing war in Ukraine and long-term deterrence. Moreover, it reinforced the UK&#8217;s role [&hellip;]<\/p>\n","protected":false},"author":1,"featured_media":4981,"comment_status":"open","ping_status":"open","sticky":false,"template":"","format":"standard","meta":{"site-sidebar-layout":"default","site-content-layout":"","ast-site-content-layout":"default","site-content-style":"default","site-sidebar-style":"default","ast-global-header-display":"","ast-banner-title-visibility":"","ast-main-header-display":"","ast-hfb-above-header-display":"","ast-hfb-below-header-display":"","ast-hfb-mobile-header-display":"","site-post-title":"","ast-breadcrumbs-content":"","ast-featured-img":"","footer-sml-layout":"","theme-transparent-header-meta":"","adv-header-id-meta":"","stick-header-meta":"","header-above-stick-meta":"","header-main-stick-meta":"","header-below-stick-meta":"","astra-migrate-meta-layouts":"default","ast-page-background-enabled":"default","ast-page-background-meta":{"desktop":{"background-color":"var(--ast-global-color-4)","background-image":"","background-repeat":"repeat","background-position":"center center","background-size":"auto","background-attachment":"scroll","background-type":"","background-media":"","overlay-type":"","overlay-color":"","overlay-opacity":"","overlay-gradient":""},"tablet":{"background-color":"","background-image":"","background-repeat":"repeat","background-position":"center center","background-size":"auto","background-attachment":"scroll","background-type":"","background-media":"","overlay-type":"","overlay-color":"","overlay-opacity":"","overlay-gradient":""},"mobile":{"background-color":"","background-image":"","background-repeat":"repeat","background-position":"center center","background-size":"auto","background-attachment":"scroll","background-type":"","background-media":"","overlay-type":"","overlay-color":"","overlay-opacity":"","overlay-gradient":""}},"ast-content-background-meta":{"desktop":{"background-color":"var(--ast-global-color-5)","background-image":"","background-repeat":"repeat","background-position":"center center","background-size":"auto","background-attachment":"scroll","background-type":"","background-media":"","overlay-type":"","overlay-color":"","overlay-opacity":"","overlay-gradient":""},"tablet":{"background-color":"var(--ast-global-color-5)","background-image":"","background-repeat":"repeat","background-position":"center center","background-size":"auto","background-attachment":"scroll","background-type":"","background-media":"","overlay-type":"","overlay-color":"","overlay-opacity":"","overlay-gradient":""},"mobile":{"background-color":"var(--ast-global-color-5)","background-image":"","background-repeat":"repeat","background-position":"center center","background-size":"auto","background-attachment":"scroll","background-type":"","background-media":"","overlay-type":"","overlay-color":"","overlay-opacity":"","overlay-gradient":""}},"footnotes":""},"categories":[12],"tags":[188,133,139,136],"class_list":["post-1507","post","type-post","status-publish","format-standard","has-post-thumbnail","hentry","category-blog","tag-poland","tag-uk-eta-2026","tag-uk-travel","tag-uk-visa"],"yoast_head":"<!-- This site is optimized with the Yoast SEO plugin v27.8 - https:\/\/yoast.com\/product\/yoast-seo-wordpress\/ -->\n<title>Northern Group Warsaw Meeting: UK &amp; European Security Analysis<\/title>\n<meta name=\"description\" content=\"Northern Group Warsaw meeting unites UK and 11 allies on European security, Ukraine aid and UK\u2013Poland defence contracts. Analysis and FAQs.\" \/>\n<meta name=\"robots\" content=\"index, follow, max-snippet:-1, max-image-preview:large, max-video-preview:-1\" \/>\n<link rel=\"canonical\" href=\"https:\/\/visaeta.uk\/cs\/blog\/northern-group-warsaw-meeting-uk-european-security\/\" \/>\n<meta property=\"og:locale\" content=\"cs_CZ\" \/>\n<meta property=\"og:type\" content=\"article\" \/>\n<meta property=\"og:title\" content=\"Northern Group Warsaw Meeting: UK &amp; European Security Analysis\" \/>\n<meta property=\"og:description\" content=\"Northern Group Warsaw meeting unites UK and 11 allies on European security, Ukraine aid and UK\u2013Poland defence contracts. Analysis and FAQs.\" \/>\n<meta property=\"og:url\" content=\"https:\/\/visaeta.uk\/cs\/blog\/northern-group-warsaw-meeting-uk-european-security\/\" \/>\n<meta property=\"og:site_name\" content=\"ETA VISA UK\" \/>\n<meta property=\"article:published_time\" content=\"2025-09-09T04:33:12+00:00\" \/>\n<meta property=\"article:modified_time\" content=\"2026-05-16T10:09:31+00:00\" \/>\n<meta property=\"og:image\" content=\"https:\/\/visaeta.uk\/wp-content\/uploads\/2026\/04\/uk-eta-families-children-applications-group-travel-img-4.jpg\" \/>\n\t<meta property=\"og:image:width\" content=\"1200\" \/>\n\t<meta property=\"og:image:height\" content=\"1800\" \/>\n\t<meta property=\"og:image:type\" content=\"image\/jpeg\" \/>\n<meta name=\"author\" content=\"VisaETA Editorial Team\" \/>\n<meta name=\"twitter:card\" content=\"summary_large_image\" \/>\n<meta name=\"twitter:label1\" content=\"Napsal(a)\" \/>\n\t<meta name=\"twitter:data1\" content=\"VisaETA Editorial Team\" \/>\n\t<meta name=\"twitter:label2\" content=\"Odhadovan\u00e1 doba \u010dten\u00ed\" \/>\n\t<meta name=\"twitter:data2\" content=\"8 minut\" \/>\n<script type=\"application\/ld+json\" class=\"yoast-schema-graph\">{\"@context\":\"https:\\\/\\\/schema.org\",\"@graph\":[{\"@type\":\"Article\",\"@id\":\"https:\\\/\\\/visaeta.uk\\\/blog\\\/northern-group-warsaw-meeting-uk-european-security\\\/#article\",\"isPartOf\":{\"@id\":\"https:\\\/\\\/visaeta.uk\\\/blog\\\/northern-group-warsaw-meeting-uk-european-security\\\/\"},\"author\":{\"name\":\"VisaETA Editorial Team\",\"@id\":\"https:\\\/\\\/visaeta.uk\\\/#\\\/schema\\\/person\\\/81b5965766d02d43333b31730f5fa1c3\"},\"headline\":\"Northern Group allies gather in Warsaw to address European security issues.\",\"datePublished\":\"2025-09-09T04:33:12+00:00\",\"dateModified\":\"2026-05-16T10:09:31+00:00\",\"mainEntityOfPage\":{\"@id\":\"https:\\\/\\\/visaeta.uk\\\/blog\\\/northern-group-warsaw-meeting-uk-european-security\\\/\"},\"wordCount\":1716,\"commentCount\":0,\"publisher\":{\"@id\":\"https:\\\/\\\/visaeta.uk\\\/#organization\"},\"image\":{\"@id\":\"https:\\\/\\\/visaeta.uk\\\/blog\\\/northern-group-warsaw-meeting-uk-european-security\\\/#primaryimage\"},\"thumbnailUrl\":\"https:\\\/\\\/visaeta.uk\\\/wp-content\\\/uploads\\\/2026\\\/04\\\/uk-eta-families-children-applications-group-travel-img-4.jpg\",\"keywords\":[\"Poland\",\"UK ETA 2026\",\"UK Travel\",\"UK Visa\"],\"articleSection\":[\"BLOG\"],\"inLanguage\":\"cs\",\"potentialAction\":[{\"@type\":\"CommentAction\",\"name\":\"Comment\",\"target\":[\"https:\\\/\\\/visaeta.uk\\\/blog\\\/northern-group-warsaw-meeting-uk-european-security\\\/#respond\"]}]},{\"@type\":\"WebPage\",\"@id\":\"https:\\\/\\\/visaeta.uk\\\/blog\\\/northern-group-warsaw-meeting-uk-european-security\\\/\",\"url\":\"https:\\\/\\\/visaeta.uk\\\/blog\\\/northern-group-warsaw-meeting-uk-european-security\\\/\",\"name\":\"Northern Group Warsaw Meeting: UK & European Security Analysis\",\"isPartOf\":{\"@id\":\"https:\\\/\\\/visaeta.uk\\\/#website\"},\"primaryImageOfPage\":{\"@id\":\"https:\\\/\\\/visaeta.uk\\\/blog\\\/northern-group-warsaw-meeting-uk-european-security\\\/#primaryimage\"},\"image\":{\"@id\":\"https:\\\/\\\/visaeta.uk\\\/blog\\\/northern-group-warsaw-meeting-uk-european-security\\\/#primaryimage\"},\"thumbnailUrl\":\"https:\\\/\\\/visaeta.uk\\\/wp-content\\\/uploads\\\/2026\\\/04\\\/uk-eta-families-children-applications-group-travel-img-4.jpg\",\"datePublished\":\"2025-09-09T04:33:12+00:00\",\"dateModified\":\"2026-05-16T10:09:31+00:00\",\"description\":\"Northern Group Warsaw meeting unites UK and 11 allies on European security, Ukraine aid and UK\u2013Poland defence contracts. Analysis and FAQs.\",\"breadcrumb\":{\"@id\":\"https:\\\/\\\/visaeta.uk\\\/blog\\\/northern-group-warsaw-meeting-uk-european-security\\\/#breadcrumb\"},\"inLanguage\":\"cs\",\"potentialAction\":[{\"@type\":\"ReadAction\",\"target\":[\"https:\\\/\\\/visaeta.uk\\\/blog\\\/northern-group-warsaw-meeting-uk-european-security\\\/\"]}]},{\"@type\":\"ImageObject\",\"inLanguage\":\"cs\",\"@id\":\"https:\\\/\\\/visaeta.uk\\\/blog\\\/northern-group-warsaw-meeting-uk-european-security\\\/#primaryimage\",\"url\":\"https:\\\/\\\/visaeta.uk\\\/wp-content\\\/uploads\\\/2026\\\/04\\\/uk-eta-families-children-applications-group-travel-img-4.jpg\",\"contentUrl\":\"https:\\\/\\\/visaeta.uk\\\/wp-content\\\/uploads\\\/2026\\\/04\\\/uk-eta-families-children-applications-group-travel-img-4.jpg\",\"width\":1200,\"height\":1800,\"caption\":\"Planning ahead helps every traveller.\"},{\"@type\":\"BreadcrumbList\",\"@id\":\"https:\\\/\\\/visaeta.uk\\\/blog\\\/northern-group-warsaw-meeting-uk-european-security\\\/#breadcrumb\",\"itemListElement\":[{\"@type\":\"ListItem\",\"position\":1,\"name\":\"Home\",\"item\":\"https:\\\/\\\/visaeta.uk\\\/\"},{\"@type\":\"ListItem\",\"position\":2,\"name\":\"Northern Group allies gather in Warsaw to address European security issues.\"}]},{\"@type\":\"WebSite\",\"@id\":\"https:\\\/\\\/visaeta.uk\\\/#website\",\"url\":\"https:\\\/\\\/visaeta.uk\\\/\",\"name\":\"ETA VISA TO THE GREAT BRITAIN - UK\",\"description\":\"\",\"publisher\":{\"@id\":\"https:\\\/\\\/visaeta.uk\\\/#organization\"},\"alternateName\":\"ETA visa to the UK\",\"potentialAction\":[{\"@type\":\"SearchAction\",\"target\":{\"@type\":\"EntryPoint\",\"urlTemplate\":\"https:\\\/\\\/visaeta.uk\\\/?s={search_term_string}\"},\"query-input\":{\"@type\":\"PropertyValueSpecification\",\"valueRequired\":true,\"valueName\":\"search_term_string\"}}],\"inLanguage\":\"cs\"},{\"@type\":\"Organization\",\"@id\":\"https:\\\/\\\/visaeta.uk\\\/#organization\",\"name\":\"ETA VISA UK\",\"url\":\"https:\\\/\\\/visaeta.uk\\\/\",\"logo\":{\"@type\":\"ImageObject\",\"inLanguage\":\"cs\",\"@id\":\"https:\\\/\\\/visaeta.uk\\\/#\\\/schema\\\/logo\\\/image\\\/\",\"url\":\"https:\\\/\\\/visaeta.uk\\\/wp-content\\\/uploads\\\/2023\\\/11\\\/cropped-ETA-UK-2.png\",\"contentUrl\":\"https:\\\/\\\/visaeta.uk\\\/wp-content\\\/uploads\\\/2023\\\/11\\\/cropped-ETA-UK-2.png\",\"width\":269,\"height\":53,\"caption\":\"ETA VISA UK\"},\"image\":{\"@id\":\"https:\\\/\\\/visaeta.uk\\\/#\\\/schema\\\/logo\\\/image\\\/\"}},{\"@type\":\"Person\",\"@id\":\"https:\\\/\\\/visaeta.uk\\\/#\\\/schema\\\/person\\\/81b5965766d02d43333b31730f5fa1c3\",\"name\":\"VisaETA Editorial Team\",\"image\":{\"@type\":\"ImageObject\",\"inLanguage\":\"cs\",\"@id\":\"https:\\\/\\\/secure.gravatar.com\\\/avatar\\\/77324b0d1ba9a1c5a0b04ea41b2c3f26d5e8eefd0ee6b4f256de4805c6ebd71c?s=96&d=mm&r=g\",\"url\":\"https:\\\/\\\/secure.gravatar.com\\\/avatar\\\/77324b0d1ba9a1c5a0b04ea41b2c3f26d5e8eefd0ee6b4f256de4805c6ebd71c?s=96&d=mm&r=g\",\"contentUrl\":\"https:\\\/\\\/secure.gravatar.com\\\/avatar\\\/77324b0d1ba9a1c5a0b04ea41b2c3f26d5e8eefd0ee6b4f256de4805c6ebd71c?s=96&d=mm&r=g\",\"caption\":\"VisaETA Editorial Team\"},\"sameAs\":[\"http:\\\/\\\/visaeta.uk\"],\"url\":\"https:\\\/\\\/visaeta.uk\\\/cs\\\/author\\\/admin\\\/\"}]}<\/script>\n<!-- \/ Yoast SEO plugin. -->","yoast_head_json":{"title":"Zased\u00e1n\u00ed skupiny Northern Group ve Var\u0161av\u011b: Anal\u00fdza bezpe\u010dnosti Spojen\u00e9ho kr\u00e1lovstv\u00ed a Evropy","description":"Zased\u00e1n\u00ed Severn\u00ed skupiny ve Var\u0161av\u011b spojuje Spojen\u00e9 kr\u00e1lovstv\u00ed a 11 spojenc\u016f v ot\u00e1zk\u00e1ch evropsk\u00e9 bezpe\u010dnosti, pomoci Ukrajin\u011b a obrann\u00fdch smluv mezi Spojen\u00fdm kr\u00e1lovstv\u00edm a Polskem. Anal\u00fdza a nej\u010dast\u011bj\u0161\u00ed dotazy.","robots":{"index":"index","follow":"follow","max-snippet":"max-snippet:-1","max-image-preview":"max-image-preview:large","max-video-preview":"max-video-preview:-1"},"canonical":"https:\/\/visaeta.uk\/cs\/blog\/northern-group-warsaw-meeting-uk-european-security\/","og_locale":"cs_CZ","og_type":"article","og_title":"Northern Group Warsaw Meeting: UK & European Security Analysis","og_description":"Northern Group Warsaw meeting unites UK and 11 allies on European security, Ukraine aid and UK\u2013Poland defence contracts. Analysis and FAQs.","og_url":"https:\/\/visaeta.uk\/cs\/blog\/northern-group-warsaw-meeting-uk-european-security\/","og_site_name":"ETA VISA UK","article_published_time":"2025-09-09T04:33:12+00:00","article_modified_time":"2026-05-16T10:09:31+00:00","og_image":[{"width":1200,"height":1800,"url":"https:\/\/visaeta.uk\/wp-content\/uploads\/2026\/04\/uk-eta-families-children-applications-group-travel-img-4.jpg","type":"image\/jpeg"}],"author":"VisaETA Editorial Team","twitter_card":"summary_large_image","twitter_misc":{"Napsal(a)":"VisaETA Editorial Team","Odhadovan\u00e1 doba \u010dten\u00ed":"8 minut"},"schema":{"@context":"https:\/\/schema.org","@graph":[{"@type":"Article","@id":"https:\/\/visaeta.uk\/blog\/northern-group-warsaw-meeting-uk-european-security\/#article","isPartOf":{"@id":"https:\/\/visaeta.uk\/blog\/northern-group-warsaw-meeting-uk-european-security\/"},"author":{"name":"VisaETA Editorial Team","@id":"https:\/\/visaeta.uk\/#\/schema\/person\/81b5965766d02d43333b31730f5fa1c3"},"headline":"Northern Group allies gather in Warsaw to address European security issues.","datePublished":"2025-09-09T04:33:12+00:00","dateModified":"2026-05-16T10:09:31+00:00","mainEntityOfPage":{"@id":"https:\/\/visaeta.uk\/blog\/northern-group-warsaw-meeting-uk-european-security\/"},"wordCount":1716,"commentCount":0,"publisher":{"@id":"https:\/\/visaeta.uk\/#organization"},"image":{"@id":"https:\/\/visaeta.uk\/blog\/northern-group-warsaw-meeting-uk-european-security\/#primaryimage"},"thumbnailUrl":"https:\/\/visaeta.uk\/wp-content\/uploads\/2026\/04\/uk-eta-families-children-applications-group-travel-img-4.jpg","keywords":["Poland","UK ETA 2026","UK Travel","UK Visa"],"articleSection":["BLOG"],"inLanguage":"cs","potentialAction":[{"@type":"CommentAction","name":"Comment","target":["https:\/\/visaeta.uk\/blog\/northern-group-warsaw-meeting-uk-european-security\/#respond"]}]},{"@type":"WebPage","@id":"https:\/\/visaeta.uk\/blog\/northern-group-warsaw-meeting-uk-european-security\/","url":"https:\/\/visaeta.uk\/blog\/northern-group-warsaw-meeting-uk-european-security\/","name":"Zased\u00e1n\u00ed skupiny Northern Group ve Var\u0161av\u011b: Anal\u00fdza bezpe\u010dnosti Spojen\u00e9ho kr\u00e1lovstv\u00ed a Evropy","isPartOf":{"@id":"https:\/\/visaeta.uk\/#website"},"primaryImageOfPage":{"@id":"https:\/\/visaeta.uk\/blog\/northern-group-warsaw-meeting-uk-european-security\/#primaryimage"},"image":{"@id":"https:\/\/visaeta.uk\/blog\/northern-group-warsaw-meeting-uk-european-security\/#primaryimage"},"thumbnailUrl":"https:\/\/visaeta.uk\/wp-content\/uploads\/2026\/04\/uk-eta-families-children-applications-group-travel-img-4.jpg","datePublished":"2025-09-09T04:33:12+00:00","dateModified":"2026-05-16T10:09:31+00:00","description":"Zased\u00e1n\u00ed Severn\u00ed skupiny ve Var\u0161av\u011b spojuje Spojen\u00e9 kr\u00e1lovstv\u00ed a 11 spojenc\u016f v ot\u00e1zk\u00e1ch evropsk\u00e9 bezpe\u010dnosti, pomoci Ukrajin\u011b a obrann\u00fdch smluv mezi Spojen\u00fdm kr\u00e1lovstv\u00edm a Polskem. Anal\u00fdza a nej\u010dast\u011bj\u0161\u00ed dotazy.","breadcrumb":{"@id":"https:\/\/visaeta.uk\/blog\/northern-group-warsaw-meeting-uk-european-security\/#breadcrumb"},"inLanguage":"cs","potentialAction":[{"@type":"ReadAction","target":["https:\/\/visaeta.uk\/blog\/northern-group-warsaw-meeting-uk-european-security\/"]}]},{"@type":"ImageObject","inLanguage":"cs","@id":"https:\/\/visaeta.uk\/blog\/northern-group-warsaw-meeting-uk-european-security\/#primaryimage","url":"https:\/\/visaeta.uk\/wp-content\/uploads\/2026\/04\/uk-eta-families-children-applications-group-travel-img-4.jpg","contentUrl":"https:\/\/visaeta.uk\/wp-content\/uploads\/2026\/04\/uk-eta-families-children-applications-group-travel-img-4.jpg","width":1200,"height":1800,"caption":"Planning ahead helps every traveller."},{"@type":"BreadcrumbList","@id":"https:\/\/visaeta.uk\/blog\/northern-group-warsaw-meeting-uk-european-security\/#breadcrumb","itemListElement":[{"@type":"ListItem","position":1,"name":"Home","item":"https:\/\/visaeta.uk\/"},{"@type":"ListItem","position":2,"name":"Northern Group allies gather in Warsaw to address European security issues."}]},{"@type":"WebSite","@id":"https:\/\/visaeta.uk\/#website","url":"https:\/\/visaeta.uk\/","name":"V\u00cdZA ETA DO VELK\u00c9 BRIT\u00c1NIE - UK","description":"","publisher":{"@id":"https:\/\/visaeta.uk\/#organization"},"alternateName":"ETA visa to the UK","potentialAction":[{"@type":"SearchAction","target":{"@type":"EntryPoint","urlTemplate":"https:\/\/visaeta.uk\/?s={search_term_string}"},"query-input":{"@type":"PropertyValueSpecification","valueRequired":true,"valueName":"search_term_string"}}],"inLanguage":"cs"},{"@type":"Organization","@id":"https:\/\/visaeta.uk\/#organization","name":"ETA v\u00edza UK","url":"https:\/\/visaeta.uk\/","logo":{"@type":"ImageObject","inLanguage":"cs","@id":"https:\/\/visaeta.uk\/#\/schema\/logo\/image\/","url":"https:\/\/visaeta.uk\/wp-content\/uploads\/2023\/11\/cropped-ETA-UK-2.png","contentUrl":"https:\/\/visaeta.uk\/wp-content\/uploads\/2023\/11\/cropped-ETA-UK-2.png","width":269,"height":53,"caption":"ETA VISA UK"},"image":{"@id":"https:\/\/visaeta.uk\/#\/schema\/logo\/image\/"}},{"@type":"Person","@id":"https:\/\/visaeta.uk\/#\/schema\/person\/81b5965766d02d43333b31730f5fa1c3","name":"Redak\u010dn\u00ed t\u00fdm VisaETA","image":{"@type":"ImageObject","inLanguage":"cs","@id":"https:\/\/secure.gravatar.com\/avatar\/77324b0d1ba9a1c5a0b04ea41b2c3f26d5e8eefd0ee6b4f256de4805c6ebd71c?s=96&d=mm&r=g","url":"https:\/\/secure.gravatar.com\/avatar\/77324b0d1ba9a1c5a0b04ea41b2c3f26d5e8eefd0ee6b4f256de4805c6ebd71c?s=96&d=mm&r=g","contentUrl":"https:\/\/secure.gravatar.com\/avatar\/77324b0d1ba9a1c5a0b04ea41b2c3f26d5e8eefd0ee6b4f256de4805c6ebd71c?s=96&d=mm&r=g","caption":"VisaETA Editorial Team"},"sameAs":["http:\/\/visaeta.uk"],"url":"https:\/\/visaeta.uk\/cs\/author\/admin\/"}]}},"_links":{"self":[{"href":"https:\/\/visaeta.uk\/cs\/wp-json\/wp\/v2\/posts\/1507","targetHints":{"allow":["GET"]}}],"collection":[{"href":"https:\/\/visaeta.uk\/cs\/wp-json\/wp\/v2\/posts"}],"about":[{"href":"https:\/\/visaeta.uk\/cs\/wp-json\/wp\/v2\/types\/post"}],"author":[{"embeddable":true,"href":"https:\/\/visaeta.uk\/cs\/wp-json\/wp\/v2\/users\/1"}],"replies":[{"embeddable":true,"href":"https:\/\/visaeta.uk\/cs\/wp-json\/wp\/v2\/comments?post=1507"}],"version-history":[{"count":6,"href":"https:\/\/visaeta.uk\/cs\/wp-json\/wp\/v2\/posts\/1507\/revisions"}],"predecessor-version":[{"id":5950,"href":"https:\/\/visaeta.uk\/cs\/wp-json\/wp\/v2\/posts\/1507\/revisions\/5950"}],"wp:featuredmedia":[{"embeddable":true,"href":"https:\/\/visaeta.uk\/cs\/wp-json\/wp\/v2\/media\/4981"}],"wp:attachment":[{"href":"https:\/\/visaeta.uk\/cs\/wp-json\/wp\/v2\/media?parent=1507"}],"wp:term":[{"taxonomy":"category","embeddable":true,"href":"https:\/\/visaeta.uk\/cs\/wp-json\/wp\/v2\/categories?post=1507"},{"taxonomy":"post_tag","embeddable":true,"href":"https:\/\/visaeta.uk\/cs\/wp-json\/wp\/v2\/tags?post=1507"}],"curies":[{"name":"wp","href":"https:\/\/api.w.org\/{rel}","templated":true}]}}