{"id":1507,"date":"2025-09-09T05:33:12","date_gmt":"2025-09-09T04:33:12","guid":{"rendered":"https:\/\/visaeta.uk\/news\/northern-group-allies-gather-in-warsaw-to-address-european-security-issues\/"},"modified":"2026-05-16T11:09:31","modified_gmt":"2026-05-16T10:09:31","slug":"northern-group-warsaw-meeting-uk-european-security","status":"publish","type":"post","link":"https:\/\/visaeta.uk\/hu\/blog\/northern-group-warsaw-meeting-uk-european-security\/","title":{"rendered":"Az \u00c9szaki Csoport sz\u00f6vets\u00e9gesei Vars\u00f3ban gy\u0171lnek \u00f6ssze, hogy eur\u00f3pai biztons\u00e1gi k\u00e9rd\u00e9sekkel foglalkozzanak."},"content":{"rendered":"<p><strong>Az \u00c9szaki Csoport vars\u00f3i \u00fcl\u00e9se<\/strong> az eur\u00f3pai biztons\u00e1g szempontj\u00e1b\u00f3l kulcsfontoss\u00e1g\u00fa pillanatot jelentett. A tal\u00e1lkoz\u00f3n r\u00e9szt vett Ben Wallace brit v\u00e9delmi miniszter \u00e9s tizenegy \u00e9szak-eur\u00f3pai nemzet k\u00e9pvisel\u0151i. Az \u00c9szaki Csoport vars\u00f3i tal\u00e1lkoz\u00f3ja mindenekel\u0151tt az Oroszorsz\u00e1g Ukrajn\u00e1ban zajl\u00f3 h\u00e1bor\u00fara adott \u00f6sszehangolt v\u00e1laszl\u00e9p\u00e9sekre \u00e9s a hossz\u00fa t\u00e1v\u00fa elrettent\u00e9sre \u00f6sszpontos\u00edtott. Ezenk\u00edv\u00fcl meger\u0151s\u00edtette az Egyes\u00fclt Kir\u00e1lys\u00e1gnak a balti \u00e9s \u00e9szaki t\u00e9rs\u00e9gben bet\u00f6lt\u00f6tt sarkalatos biztons\u00e1gi partneri szerep\u00e9t. Ez a kapcsolat alak\u00edtja a brit l\u00e1togat\u00f3k jelenlegi utaz\u00e1si \u00e9s beutaz\u00e1si szab\u00e1lyait is.<\/p>\n<h2>Mi az \u00c9szaki Csoport vars\u00f3i v\u00e9delmi tal\u00e1lkoz\u00f3ja?<\/h2>\n<p>Az \u00c9szaki Csoport egy inform\u00e1lis, de strat\u00e9giai szempontb\u00f3l fontos v\u00e9delmi egy\u00fcttm\u0171k\u00f6d\u00e9si f\u00f3rum, amelynek eln\u00f6ki tiszt\u00e9t tizenk\u00e9t tagja rot\u00e1ci\u00f3s alapon t\u00f6lti be. Az \u00c9szaki Csoport 2025-\u00f6s vars\u00f3i \u00fcl\u00e9s\u00e9t k\u00f6vet\u0151en Lengyelorsz\u00e1g vette \u00e1t az eln\u00f6ki tiszts\u00e9get, ami kiemeli Vars\u00f3 n\u00f6vekv\u0151 befoly\u00e1s\u00e1t az eur\u00f3pai biztons\u00e1gi strukt\u00far\u00e1ban. Emellett a f\u00f3rum ink\u00e1bb kieg\u00e9sz\u00edti a NATO-t, mint megkett\u0151zi azt, lehet\u0151v\u00e9 t\u00e9ve a region\u00e1lis fenyeget\u00e9sek \u0151szinte megvitat\u00e1s\u00e1t a hasonl\u00f3an gondolkod\u00f3 sz\u00f6vets\u00e9gesek k\u00f6z\u00f6tt.<\/p>\n<p>Ma Vars\u00f3ban (Lengyelorsz\u00e1g) \u00f6ssze\u00fclt az \u00c9szaki Csoport minisztereinek tal\u00e1lkoz\u00f3ja. A miniszterek \u00e9s k\u00e9pvisel\u0151k D\u00e1ni\u00e1b\u00f3l, \u00c9sztorsz\u00e1gb\u00f3l, Finnorsz\u00e1gb\u00f3l, N\u00e9metorsz\u00e1gb\u00f3l, Izlandr\u00f3l, Lettorsz\u00e1gb\u00f3l, Litv\u00e1ni\u00e1b\u00f3l, Hollandi\u00e1b\u00f3l, Norv\u00e9gi\u00e1b\u00f3l, Lengyelorsz\u00e1gb\u00f3l, Sv\u00e9dorsz\u00e1gb\u00f3l \u00e9s az Egyes\u00fclt Kir\u00e1lys\u00e1gb\u00f3l \u00e9rkeztek.<\/p>\n<p>Ben Wallace brit v\u00e9delmi miniszter, akinek az eln\u00f6ki tiszt\u00e9t jelenleg Lengyelorsz\u00e1g t\u00f6lti be, r\u00e9szt vett a tal\u00e1lkoz\u00f3n, amelynek h\u00e1zigazd\u00e1ja Mariusz B\u0142aszczak nemzetv\u00e9delmi miniszter volt a Vars\u00f3 melletti Legionow\u00f3ban.<\/p>\n<p>A tal\u00e1lkoz\u00f3 az eur\u00f3pai biztons\u00e1got fenyeget\u0151 vesz\u00e9lyekkel \u00e9s kih\u00edv\u00e1sokkal foglalkozott. Valamennyi partner elismerte, hogy Putyin jogellenes ukrajnai inv\u00e1zi\u00f3ja megv\u00e1ltoztatta a biztons\u00e1gi helyzetet. R\u00f6viden, Oroszorsz\u00e1g agressz\u00edv magatart\u00e1sa k\u00f6zvetlen vesz\u00e9lyt jelent az euroatlanti r\u00e9gi\u00f3 biztons\u00e1g\u00e1ra \u00e9s stabilit\u00e1s\u00e1ra.<\/p>\n<h2>Az \u00c9szaki Csoport vars\u00f3i tal\u00e1lkoz\u00f3j\u00e1nak legfontosabb r\u00e9sztvev\u0151i<\/h2>\n\n<figure class=\"wp-block-image size-large\"><img loading=\"lazy\" decoding=\"async\" width=\"1200\" height=\"1800\" src=\"https:\/\/visaeta.uk\/wp-content\/uploads\/2026\/04\/uk-eta-families-children-applications-group-travel-img-4.jpg\" alt=\"UK ETA csal\u00e1dok sz\u00e1m\u00e1ra: K\u00e9p 4: Utaz\u00e1si kontextus megjelen\u00edt\u00e9se\" class=\"wp-image-4981\" srcset=\"https:\/\/visaeta.uk\/wp-content\/uploads\/2026\/04\/uk-eta-families-children-applications-group-travel-img-4.jpg 1200w, https:\/\/visaeta.uk\/wp-content\/uploads\/2026\/04\/uk-eta-families-children-applications-group-travel-img-4-200x300.jpg 200w, https:\/\/visaeta.uk\/wp-content\/uploads\/2026\/04\/uk-eta-families-children-applications-group-travel-img-4-683x1024.jpg 683w, https:\/\/visaeta.uk\/wp-content\/uploads\/2026\/04\/uk-eta-families-children-applications-group-travel-img-4-768x1152.jpg 768w, https:\/\/visaeta.uk\/wp-content\/uploads\/2026\/04\/uk-eta-families-children-applications-group-travel-img-4-1024x1536.jpg 1024w, https:\/\/visaeta.uk\/wp-content\/uploads\/2026\/04\/uk-eta-families-children-applications-group-travel-img-4-8x12.jpg 8w\" sizes=\"auto, (max-width: 1200px) 100vw, 1200px\" \/><\/figure>\n\n\n<p>Tizenk\u00e9t nemzet k\u00fcld\u00f6tt minisztereket az \u00c9szaki Csoport vars\u00f3i \u00fcl\u00e9s\u00e9re. D\u00e1nia, \u00c9sztorsz\u00e1g, Finnorsz\u00e1g, Izland, Hollandia, D\u00e1nia, Lettorsz\u00e1g, Litv\u00e1nia, N\u00e9metorsz\u00e1g, Norv\u00e9gia, Lengyelorsz\u00e1g, Finnorsz\u00e1g, Sv\u00e9dorsz\u00e1g \u00e9s az Egyes\u00fclt Kir\u00e1lys\u00e1g vett r\u00e9szt. K\u00f6vetkez\u00e9sk\u00e9ppen az \u00f6sszej\u00f6vetel a NATO teljes \u00e9szaki sz\u00e1rny\u00e1t, valamint \u00cdrorsz\u00e1g semleges szomsz\u00e9dait k\u00e9pviselte. Ezenfel\u00fcl Mariusz B\u0142aszczak lengyel nemzetv\u00e9delmi miniszter hivatalosan is h\u00e1zigazd\u00e1ja volt a tal\u00e1lkoz\u00f3nak a Vars\u00f3 melletti Legionow\u00f3ban, hangs\u00falyozva Lengyelorsz\u00e1g frontvonalbeli helyzet\u00e9t.<\/p>\n<p>Ben Wallace mellett a magas rang\u00fa k\u00e9pvisel\u0151k saj\u00e1t nemzetv\u00e9delmi priorit\u00e1saikat is a t\u00e1rgyal\u00f3asztalhoz \u00fcltett\u00e9k. A balti \u00e1llamok p\u00e9ld\u00e1ul k\u00f6vetkezetesen nagyobb NATO-jelenl\u00e9tet szorgalmaznak a keleti hat\u00e1ron. Ek\u00f6zben az \u00e9szaki tagok a sarkvid\u00e9ki biztons\u00e1g \u00e9s a tengeri fel\u00fcgyelet fokoz\u00e1s\u00e1t szorgalmazz\u00e1k. R\u00f6viden, az \u00c9szaki Csoportban a region\u00e1lis \u00e1rnyalatok tal\u00e1lkoznak a sz\u00f6vets\u00e9gi strat\u00e9gi\u00e1val.<\/p>\n<h2>Mi\u00e9rt fontos az \u00c9szaki Csoport vars\u00f3i \u00fcl\u00e9se az eur\u00f3pai biztons\u00e1g szempontj\u00e1b\u00f3l?<\/h2>\n<p>Az \u00c9szaki K\u00e9pvisel\u0151csoport tagjai egy pontban egyhang\u00falag egyet\u00e9rtettek. Ukrajna sz\u00e1m\u00e1ra tov\u00e1bbi katonai seg\u00edts\u00e9get kell ny\u00fajtani az orosz agresszi\u00f3val szembeni v\u00e9delemhez.<\/p>\n<blockquote>\n<p class=\"last-child\">Az olyan v\u00e9delmi partners\u00e9gek, mint az \u00c9szaki Csoport, elengedhetetlenek a k\u00f6z\u00f6s fenyeget\u00e9sek kezel\u00e9s\u00e9hez. Egys\u00e9ges \u00e9rdekekkel rendelkez\u0151 nemzetekk\u00e9nt elk\u00f6telezettek vagyunk amellett, hogy t\u00e1mogassuk Ukrajn\u00e1t az orosz agresszi\u00f3val szemben, am\u00edg sz\u00fcks\u00e9ges.<\/p>\n<\/blockquote>\n<blockquote>\n<p class=\"last-child\">\u00d6r\u00f6m volt \u00fajra tal\u00e1lkozni bar\u00e1tommal \u00e9s k\u00f6zeli v\u00e9delmi partneremmel, Mariusz B\u0142aszczakkal. Lengyelorsz\u00e1ggal t\u00f6bb mint 150 \u00e9ve er\u0151s v\u00e9delmi sz\u00f6vets\u00e9gben \u00e1llunk, \u00e9s folyamatos egy\u00fcttm\u0171k\u00f6d\u00e9s\u00fcnk eg\u00e9sz Eur\u00f3p\u00e1ban n\u00f6veli a biztons\u00e1got \u00e9s a stabilit\u00e1st.<\/p>\n<\/blockquote>\n<p>Az \u00c9szaki Csoport vars\u00f3i \u00fcl\u00e9se mindenekel\u0151tt meger\u0151s\u00edtette, hogy az egys\u00e9g Ukrajn\u00e1val kapcsolatban tov\u00e1bbra sem k\u00e9pezheti vita t\u00e1rgy\u00e1t. A r\u00e9sztvev\u0151k tov\u00e1bb\u00e1 meg\u00e1llapodtak t\u00f6bb megl\u00e9v\u0151 k\u00f6telezetts\u00e9gv\u00e1llal\u00e1s felgyors\u00edt\u00e1s\u00e1r\u00f3l. Ezek k\u00f6z\u00e9 tartozik a l\u0151szergy\u00e1rt\u00e1s, a l\u00e9gv\u00e9delem telep\u00edt\u00e9se \u00e9s az ukr\u00e1n er\u0151k kik\u00e9pz\u00e9si misszi\u00f3i. Ez\u00e9rt az \u00c9szaki Csoport vars\u00f3i \u00fcl\u00e9s\u00e9n hozott d\u00f6nt\u00e9sek a k\u00f6vetkez\u0151 h\u00f3napok sor\u00e1n konkr\u00e9t katonai csomagokban fognak megnyilv\u00e1nulni.<\/p>\n\n<figure class=\"wp-block-image size-large\"><img loading=\"lazy\" decoding=\"async\" width=\"2048\" height=\"1889\" src=\"https:\/\/visaeta.uk\/wp-content\/uploads\/2025\/08\/UK-ETA-Non-European-Travel-Requirement.png\" alt=\"UK ETA nem eur\u00f3pai utaz\u00e1si k\u00f6vetelm\u00e9ny\" class=\"wp-image-1324\" srcset=\"https:\/\/visaeta.uk\/wp-content\/uploads\/2025\/08\/UK-ETA-Non-European-Travel-Requirement.png 2048w, https:\/\/visaeta.uk\/wp-content\/uploads\/2025\/08\/UK-ETA-Non-European-Travel-Requirement-300x277.png 300w, https:\/\/visaeta.uk\/wp-content\/uploads\/2025\/08\/UK-ETA-Non-European-Travel-Requirement-1024x945.png 1024w, https:\/\/visaeta.uk\/wp-content\/uploads\/2025\/08\/UK-ETA-Non-European-Travel-Requirement-768x708.png 768w, https:\/\/visaeta.uk\/wp-content\/uploads\/2025\/08\/UK-ETA-Non-European-Travel-Requirement-1536x1417.png 1536w, https:\/\/visaeta.uk\/wp-content\/uploads\/2025\/08\/UK-ETA-Non-European-Travel-Requirement-13x12.png 13w\" sizes=\"auto, (max-width: 2048px) 100vw, 2048px\" \/><\/figure>\n\n\n<p>E megbesz\u00e9l\u00e9sek eredm\u00e9nyek\u00e9ppen t\u00f6bb tag\u00e1llam meger\u0151s\u00edtette az Egyes\u00fclt Kir\u00e1lys\u00e1ggal k\u00f6t\u00f6tt k\u00e9toldal\u00fa v\u00e9delmi szerz\u0151d\u00e9sek elm\u00e9ly\u00edt\u00e9s\u00e9re ir\u00e1nyul\u00f3 terveit. K\u00fcl\u00f6n\u00f6sen az Egyes\u00fclt Kir\u00e1lys\u00e1gnak a komplex fegyverek \u00e9s az integr\u00e1lt l\u00e9gv\u00e9delem ter\u00e9n szerzett szak\u00e9rtelm\u00e9re van tov\u00e1bbra is nagy kereslet az \u00c9szaki Csoportban. K\u00f6vetkez\u00e9sk\u00e9ppen a brit v\u00e9delmi gy\u00e1rt\u00f3k sz\u00e1m\u00e1ra el\u0151ny\u00f6s lesz a vars\u00f3i tan\u00e1cskoz\u00e1sokb\u00f3l ered\u0151 t\u00f6bb\u00e9ves megrendel\u00e9sek hull\u00e1ma.<\/p>\n<h2>\u00c9szaki csoport vars\u00f3i tal\u00e1lkoz\u00f3ja: Egyes\u00fclt Kir\u00e1lys\u00e1g-Lengyelorsz\u00e1g v\u00e9delmi partners\u00e9g<\/h2>\n<p>A NATO vilniusi cs\u00facstal\u00e1lkoz\u00f3ja is t\u00e9ma volt, a 2022-es madridi cs\u00facstal\u00e1lkoz\u00f3n el\u00e9rt meg\u00e1llapod\u00e1sok v\u00e9grehajt\u00e1s\u00e1ra \u00f6sszpontos\u00edtva. Az \u00c9szaki Csoport tagjai egyet\u00e9rtettek abban, hogy a vilniusi cs\u00facstal\u00e1lkoz\u00f3nak a sz\u00f6vets\u00e9ges elrettent\u00e9si \u00e9s v\u00e9delmi strat\u00e9gi\u00e1k tov\u00e1bbi er\u0151s\u00edt\u00e9se r\u00e9v\u00e9n fokoznia kell a region\u00e1lis biztons\u00e1got.<\/p>\n<p>A tal\u00e1lkoz\u00f3 sor\u00e1n Ben Wallace v\u00e9delmi miniszter k\u00e9toldal\u00fa megbesz\u00e9l\u00e9st folytatott koll\u00e9g\u00e1j\u00e1val, Mariusz B\u0142aszczakkal. Kevesebb mint egy h\u00f3nap telt el az\u00f3ta, hogy Ben Wallace legut\u00f3bb Lengyelorsz\u00e1gban j\u00e1rt a Bukarest 9 tal\u00e1lkoz\u00f3 vend\u00e9gek\u00e9nt. Az el\u0151z\u0151 tal\u00e1lkoz\u00f3juk 2022 okt\u00f3ber\u00e9ben volt, ahol al\u00e1\u00edrt\u00e1k a l\u00e9gv\u00e9delmi komplex fegyverekr\u0151l sz\u00f3l\u00f3 egyet\u00e9rt\u00e9si meg\u00e1llapod\u00e1st (MOU) \u00e9s az Arrowhead-140-es sz\u00e1nd\u00e9knyilatkozatot.<\/p>\n<p>A l\u00e9gv\u00e9delmi sz\u00e1nd\u00e9knyilatkozat lehet\u0151v\u00e9 teszi, hogy az Egyes\u00fclt Kir\u00e1lys\u00e1g \u00e9s Lengyelorsz\u00e1g egy\u00fctt dolgozzon a jelenlegi \u00e9s j\u00f6v\u0151beli komplex fegyverek ter\u00e9n. Ez viszont meger\u0151s\u00edti a v\u00e9delmi \u00e9s biztons\u00e1gi egy\u00fcttm\u0171k\u00f6d\u00e9si szerz\u0151d\u00e9st (2017), \u00e9s jav\u00edtja a fegyveres er\u0151ink interoperabilit\u00e1s\u00e1t. Az Arrowhead-140 sz\u00e1nd\u00e9knyilatkozat meghat\u00e1rozza a k\u00f6z\u00f6s fell\u00e9p\u00e9s kereteit. A k\u00e9t korm\u00e1ny egy\u00fcttm\u0171k\u00f6dik h\u00e1rom Arrowhead-140 fregatt beszerz\u00e9s\u00e9ben \u00e9s \u00fczemeltet\u00e9s\u00e9ben. Figyelemre m\u00e9lt\u00f3, hogy a lengyel fregattok ennek a modellnek a v\u00e1ltozata.<\/p>\n<p>Az Egyes\u00fclt Kir\u00e1lys\u00e1g \u00e9s Lengyelorsz\u00e1g k\u00e9toldal\u00fa kapcsolata a NATO egyik legakt\u00edvabb v\u00e9delmi partners\u00e9g\u00e9v\u00e9 v\u00e1lt. A k\u00e9t orsz\u00e1g t\u00f6bb fronton is egy\u00fcttm\u0171k\u00f6dik. Ezek k\u00f6z\u00e9 tartoznak a rak\u00e9tarendszerek, a f\u00f6ldi l\u00e9gv\u00e9delem, a haditenger\u00e9szeti haj\u00f3\u00e9p\u00edt\u00e9s \u00e9s a k\u00f6z\u00f6s kik\u00e9pz\u00e9si rot\u00e1ci\u00f3k. Ezzel szemben a kor\u00e1bbi \u00e9vtizedekben sz\u0171kebb k\u00f6r\u0171, f\u0151k\u00e9nt a NATO-tags\u00e1g integr\u00e1ci\u00f3j\u00e1ra \u00f6sszpontos\u00edt\u00f3 kapcsolat \u00e1llt fenn. Ma a Vars\u00f3-London tengely egyszerre operat\u00edv, kereskedelmi \u00e9s politikai.<\/p>\n<table><thead><tr><th>Meg\u00e1llapod\u00e1s<\/th><th>\u00c9rt\u00e9k<\/th><th>Al\u00e1\u00edrva<\/th><th>Hat\u00e1s<\/th><\/tr><\/thead><tbody><tr><td>L\u00e9gv\u00e9delmi komplexum fegyverzeti egyet\u00e9rt\u00e9si meg\u00e1llapod\u00e1s<\/td><td>Keretrendszer<\/td><td>2022<\/td><td>Egy\u00fcttm\u0171k\u00f6d\u00e9s a jelenlegi \u00e9s j\u00f6v\u0151beli fegyverekkel kapcsolatban<\/td><\/tr><tr><td>Arrowhead-140 Sz\u00e1nd\u00e9knyilatkozat<\/td><td>Keretrendszer<\/td><td>2022<\/td><td>H\u00e1rom fregatt Lengyelorsz\u00e1g sz\u00e1m\u00e1ra<\/td><\/tr><tr><td>MBDA CAMM export<\/td><td>1,9 milli\u00e1rd font<\/td><td>2023<\/td><td>22 lengyel l\u00e9gv\u00e9delmi \u00fcteg<\/td><\/tr><tr><td>Sky Sabre telep\u00edt\u00e9se<\/td><td>M\u0171k\u00f6d\u00e9si<\/td><td>Folyamatos<\/td><td>Lengyelorsz\u00e1gban \u00e1llom\u00e1soz\u00f3 brit l\u00e9gv\u00e9delmi egys\u00e9g<\/td><\/tr><\/tbody><\/table>\n<h2>\u00c9szaki csoport vars\u00f3i tal\u00e1lkoz\u00f3ja: \u00c9szak-Eur\u00f3p\u00e1ban \u00e9l\u0151 brit utaz\u00f3kra gyakorolt hat\u00e1sok<\/h2>\n\n<figure class=\"wp-block-image size-large\"><img loading=\"lazy\" decoding=\"async\" width=\"1200\" height=\"801\" src=\"https:\/\/visaeta.uk\/wp-content\/uploads\/2026\/04\/uk-eta-families-children-applications-group-travel-img-5.jpg\" alt=\"UK ETA csal\u00e1dok sz\u00e1m\u00e1ra: Gyermekek&#039;s alkalmaz\u00e1sok \u00e9s csoportos utaz\u00e1si tippek 5. k\u00e9p az utaz\u00e1si kontextus bemutat\u00e1s\u00e1val\" class=\"wp-image-4982\" srcset=\"https:\/\/visaeta.uk\/wp-content\/uploads\/2026\/04\/uk-eta-families-children-applications-group-travel-img-5.jpg 1200w, https:\/\/visaeta.uk\/wp-content\/uploads\/2026\/04\/uk-eta-families-children-applications-group-travel-img-5-300x200.jpg 300w, https:\/\/visaeta.uk\/wp-content\/uploads\/2026\/04\/uk-eta-families-children-applications-group-travel-img-5-1024x684.jpg 1024w, https:\/\/visaeta.uk\/wp-content\/uploads\/2026\/04\/uk-eta-families-children-applications-group-travel-img-5-768x513.jpg 768w, https:\/\/visaeta.uk\/wp-content\/uploads\/2026\/04\/uk-eta-families-children-applications-group-travel-img-5-18x12.jpg 18w\" sizes=\"auto, (max-width: 1200px) 100vw, 1200px\" \/><\/figure>\n\n\n<p>B\u00e1r az \u00c9szaki Csoport vars\u00f3i tal\u00e1lkoz\u00f3ja els\u0151sorban v\u00e9delmi f\u00f3rum, eredm\u00e9nyei az utaz\u00e1si \u00e9s hat\u00e1rrendez\u00e9si int\u00e9zked\u00e9seket is befoly\u00e1solj\u00e1k. P\u00e9ld\u00e1ul a Lengyelorsz\u00e1ggal, a balti \u00e1llamokkal \u00e9s az \u00e9szaki orsz\u00e1gokkal folytatott meger\u0151s\u00edtett brit egy\u00fcttm\u0171k\u00f6d\u00e9s \u00e1ltal\u00e1ban az ezekben az orsz\u00e1gokban tart\u00f3zkod\u00f3 brit utaz\u00f3k sz\u00e1m\u00e1ra ny\u00fajtott z\u00f6kken\u0151mentesebb konzuli t\u00e1mogat\u00e1st jelenti. Hasonl\u00f3k\u00e9ppen, a k\u00f6lcs\u00f6n\u00f6s utaz\u00e1si \u00e1raml\u00e1sok is profit\u00e1lnak a kisz\u00e1m\u00edthat\u00f3 politikai kapcsolatokb\u00f3l. Egyszer\u0171en fogalmazva, mindez fontos mindazok sz\u00e1m\u00e1ra, akik Eurostar-utaz\u00e1st vagy komputat terveznek Skandin\u00e1vi\u00e1ba.<\/p>\n<p>K\u00f6zben az utaz\u00f3k az ellenkez\u0151 ir\u00e1nyba is elindulnak. Lengyelorsz\u00e1gb\u00f3l, N\u00e9metorsz\u00e1gb\u00f3l, a skandin\u00e1v \u00e9s a balti orsz\u00e1gokb\u00f3l \u00e9rkez\u0151 l\u00e1togat\u00f3knak mostant\u00f3l enged\u00e9lyt kell k\u00e9rni\u00fck a <a href=\"https:\/\/visaeta.uk\/hu\/blog\/uk-eta-2026\/\">UK ETA a besz\u00e1ll\u00e1s el\u0151tt<\/a>. K\u00fcl\u00f6n\u00f6sen a lengyel, a n\u00e9met \u00e9s a skandin\u00e1v \u00fatlev\u00e9llel rendelkez\u0151k vesznek r\u00e9szt teljes m\u00e9rt\u00e9kben az ETA-rendszerben. Tov\u00e1bb\u00e1, tov\u00e1bbi r\u00e9szletek a <a href=\"https:\/\/visaeta.uk\/hu\/blog\/who-needs-eta-uk-2026\/\">kinek van sz\u00fcks\u00e9ge brit ETA-ra<\/a> \u00e9s a <a href=\"https:\/\/visaeta.uk\/hu\/blog\/uk-eta-requirements-by-country-language-guide-2026\/\">orsz\u00e1gonk\u00e9nti k\u00f6vetelm\u00e9nyek<\/a> el\u00e9rhet\u0151k az \u00fatmutat\u00f3 oldalainkon.<\/p>\n<p>Ugyan\u00edgy a brit turist\u00e1k olyan partnerf\u0151v\u00e1rosokat l\u00e1togatnak meg, mint Vars\u00f3, Vilnius, Helsinki, Tallinn, Koppenh\u00e1ga, Oslo \u00e9s Stockholm. \u0150k a v\u00e9delmi t\u00e1rgyal\u00e1sok sor\u00e1n v\u00e1ltozatlanul \u00e9rv\u00e9nyes schengeni v\u00edzummentes beutaz\u00e1si szab\u00e1lyok el\u0151nyeit \u00e9lvezik. Megjegyzend\u0151 azonban, hogy az ETIAS hamarosan a schengeni t\u00e9rs\u00e9gbe utaz\u00f3 brit \u00e1llampolg\u00e1rokra is vonatkozik. M\u00e9lyebb magyar\u00e1zat\u00e9rt olvassa el <a href=\"https:\/\/visaeta.uk\/hu\/blog\/uk-eta-vs-etias-2026-comparison\/\">UK ETA vs. ETIAS \u00f6sszehasonl\u00edt\u00f3 \u00fatmutat\u00f3<\/a>.<\/p>\n<h2>Kontextus: A hidegh\u00e1bor\u00fas NATO-t\u00f3l a modern \u00c9szaki Csoport vars\u00f3i tal\u00e1lkoz\u00f3j\u00e1ig<\/h2>\n<p>El\u0151sz\u00f6r is, az \u00c9szaki Csoportot 2010-ben az Egyes\u00fclt Kir\u00e1lys\u00e1g kezdem\u00e9nyez\u00e9s\u00e9re hozt\u00e1k l\u00e9tre a region\u00e1lis v\u00e9delmi p\u00e1rbesz\u00e9d m\u00e1r l\u00e9tez\u0151 mint\u00e1j\u00e1nak formaliz\u00e1l\u00e1sa \u00e9rdek\u00e9ben. Az\u00f3ta napirendje a hidegh\u00e1bor\u00fa ut\u00e1ni stabiliz\u00e1ci\u00f3r\u00f3l az orosz agresszi\u00f3val szembeni akt\u00edv elrettent\u00e9s ir\u00e1ny\u00e1ba mozdult el. Tov\u00e1bb\u00e1 a csoport inform\u00e1lis jellege ink\u00e1bb jellemz\u0151je, mint hib\u00e1ja: lehet\u0151v\u00e9 teszi a miniszterek sz\u00e1m\u00e1ra, hogy \u0151szinte k\u00f6telezetts\u00e9gv\u00e1llal\u00e1sokat tegyenek egy teljes sz\u00f6vets\u00e9gi cs\u00facstal\u00e1lkoz\u00f3 elj\u00e1r\u00e1si terhei n\u00e9lk\u00fcl.<\/p>\n\n<figure class=\"wp-block-image size-large\"><img loading=\"lazy\" decoding=\"async\" width=\"1200\" height=\"904\" src=\"https:\/\/visaeta.uk\/wp-content\/uploads\/2026\/04\/uk-eta-families-children-applications-group-travel-img-4.jpg\" alt=\"UK ETA csal\u00e1dok sz\u00e1m\u00e1ra: K\u00e9p 2: Utaz\u00e1si kontextus megjelen\u00edt\u00e9se\" class=\"wp-image-4979\" srcset=\"https:\/\/visaeta.uk\/wp-content\/uploads\/2026\/04\/uk-eta-families-children-applications-group-travel-img-4.jpg 1200w, https:\/\/visaeta.uk\/wp-content\/uploads\/2026\/04\/uk-eta-families-children-applications-group-travel-img-4-200x300.jpg 200w, https:\/\/visaeta.uk\/wp-content\/uploads\/2026\/04\/uk-eta-families-children-applications-group-travel-img-4-683x1024.jpg 683w, https:\/\/visaeta.uk\/wp-content\/uploads\/2026\/04\/uk-eta-families-children-applications-group-travel-img-4-768x1152.jpg 768w, https:\/\/visaeta.uk\/wp-content\/uploads\/2026\/04\/uk-eta-families-children-applications-group-travel-img-4-1024x1536.jpg 1024w, https:\/\/visaeta.uk\/wp-content\/uploads\/2026\/04\/uk-eta-families-children-applications-group-travel-img-4-8x12.jpg 8w\" sizes=\"auto, (max-width: 1200px) 100vw, 1200px\" \/><\/figure>\n\n\n<p>Az \u00e9vek sor\u00e1n a f\u00f3rum sz\u00e1mos t\u00e9m\u00e1t \u00e9rintett. Ezek a tengeralattj\u00e1r\u00f3k \u00e9szak-atlanti felder\u00edt\u00e9s\u00e9t\u0151l kezdve a kiberbiztons\u00e1gon \u00e1t az energiabiztons\u00e1gig \u00e9s a parancsnoki strukt\u00far\u00e1k interoperabilit\u00e1s\u00e1ig terjednek. K\u00f6vetkez\u00e9sk\u00e9ppen az \u00c9szaki Csoport vars\u00f3i tal\u00e1lkoz\u00f3ja e napirendnek a teljes k\u00f6r\u0171 v\u00e9delmi megbesz\u00e9l\u00e9ss\u00e9 val\u00f3 \u00e9rlel\u00e9s\u00e9t jelenti. Emellett az eln\u00f6ks\u00e9g rot\u00e1ci\u00f3ja biztos\u00edtja, hogy minden tag sorra vend\u00e9g\u00fcl l\u00e1tja \u00e9s alak\u00edtja a region\u00e1lis narrat\u00edv\u00e1t.<\/p>\n<h2>Mi t\u00f6rt\u00e9nik az \u00c9szaki Csoport vars\u00f3i \u00fcl\u00e9se ut\u00e1n<\/h2>\n<p>Az \u00c9szaki Csoport vars\u00f3i \u00fcl\u00e9s\u00e9t k\u00f6vet\u0151en a tag\u00e1llamoknak a politikai nyilatkozatokat tettekre kell v\u00e1ltaniuk. Ez konkr\u00e9tan a hader\u0151vel kapcsolatos k\u00f6telezetts\u00e9gv\u00e1llal\u00e1sokat, a hardverbeszerz\u00e9seket \u00e9s a k\u00e9pz\u00e9si cser\u00e9ket jelenti. Konkr\u00e9tan, az Egyes\u00fclt Kir\u00e1lys\u00e1g folytatja a Sky Sabre egys\u00e9gek Lengyelorsz\u00e1gba t\u00f6rt\u00e9n\u0151 telep\u00edt\u00e9s\u00e9t, \u00e9s az MBDA szerz\u0151d\u00e9ses sz\u00e1ll\u00edt\u00e1sait a tervezett \u00fctemterv szerint folytatja. Ezenk\u00edv\u00fcl a k\u00f6vetkez\u0151 miniszteri tal\u00e1lkoz\u00f3t val\u00f3sz\u00edn\u0171leg egy m\u00e1sik \u00e9szaki f\u0151v\u00e1rosban rendezik meg, fenntartva a csoport rendszeres ritmus\u00e1t.<\/p>\n<p>Addig is az \u00e9szaki csoport polg\u00e1rai \u00e9s v\u00e1llalkoz\u00e1sai k\u00f6zvetett hat\u00e1sokat fognak \u00e9rezni. Ezek k\u00f6z\u00e9 tartozik a v\u00e9delmi k\u00f6lts\u00e9gvet\u00e9s, az ipari megrendel\u00e9sek \u00e9s az Egyes\u00fclt Kir\u00e1lys\u00e1g \u00e9s region\u00e1lis partnerei k\u00f6z\u00f6tti utaz\u00e1si politika \u00f6sszehangol\u00e1sa. Ez\u00e9rt a j\u00f6v\u0151beni tal\u00e1lkoz\u00f3k nyomon k\u00f6vet\u00e9se nemcsak a politika figyel\u0151i sz\u00e1m\u00e1ra hasznos, hanem mindazok sz\u00e1m\u00e1ra is, akik hat\u00e1rokon \u00e1tny\u00fal\u00f3 utaz\u00e1st, munk\u00e1t vagy tanul\u00e1st terveznek \u00c9szak-Eur\u00f3p\u00e1ban.<\/p>\n<h2>Gyakran ism\u00e9telt k\u00e9rd\u00e9sek<\/h2>\n<h3>Mir\u0151l sz\u00f3l az \u00c9szaki Csoport vars\u00f3i tal\u00e1lkoz\u00f3ja?<\/h3>\n<p>Az \u00c9szaki Csoport vars\u00f3i \u00fcl\u00e9se egy magas szint\u0171 v\u00e9delmi f\u00f3rum, amelyen 12 \u00e9szak-eur\u00f3pai orsz\u00e1g \u00e9s az Egyes\u00fclt Kir\u00e1lys\u00e1g miniszterei vesznek r\u00e9szt. Konkr\u00e9tan az eur\u00f3pai biztons\u00e1gi fenyeget\u00e9sekkel, Ukrajna t\u00e1mogat\u00e1s\u00e1val, valamint a l\u00e9gv\u00e9delem, a kiberbiztons\u00e1g \u00e9s a k\u00f6z\u00f6s kik\u00e9pz\u00e9s ter\u00e9n folytatott region\u00e1lis egy\u00fcttm\u0171k\u00f6d\u00e9ssel foglalkozik.<\/p>\n<h3>Mely orsz\u00e1gok vesznek r\u00e9szt az \u00c9szaki Csoportban?<\/h3>\n<p>A tagok k\u00f6z\u00e9 tartozik D\u00e1nia, \u00c9sztorsz\u00e1g, Finnorsz\u00e1g, N\u00e9metorsz\u00e1g, Izland, Lettorsz\u00e1g, Litv\u00e1nia, Hollandia, Norv\u00e9gia, Lengyelorsz\u00e1g, Sv\u00e9dorsz\u00e1g \u00e9s az Egyes\u00fclt Kir\u00e1lys\u00e1g. K\u00f6vetkez\u00e9sk\u00e9ppen a csoport a NATO \u00e9szaki sz\u00e1rny\u00e1t k\u00e9pviseli. A csoporthoz kisebb \u00e9szaki \u00e9s balti orsz\u00e1gok is tartoznak.<\/p>\n<h3>Ki eln\u00f6k\u00f6lt az \u00c9szaki Csoport vars\u00f3i \u00fcl\u00e9s\u00e9n?<\/h3>\n\n<figure class=\"wp-block-image size-large\"><img loading=\"lazy\" decoding=\"async\" width=\"2048\" height=\"1866\" src=\"https:\/\/visaeta.uk\/wp-content\/uploads\/2025\/08\/How-to-Apply-for-the-UK-ETA.png\" alt=\"UK ETA nem eur\u00f3pai utaz\u00e1si k\u00f6vetelm\u00e9ny\" class=\"wp-image-1322\" srcset=\"https:\/\/visaeta.uk\/wp-content\/uploads\/2025\/08\/How-to-Apply-for-the-UK-ETA.png 2048w, https:\/\/visaeta.uk\/wp-content\/uploads\/2025\/08\/How-to-Apply-for-the-UK-ETA-300x273.png 300w, https:\/\/visaeta.uk\/wp-content\/uploads\/2025\/08\/How-to-Apply-for-the-UK-ETA-1024x933.png 1024w, https:\/\/visaeta.uk\/wp-content\/uploads\/2025\/08\/How-to-Apply-for-the-UK-ETA-768x700.png 768w, https:\/\/visaeta.uk\/wp-content\/uploads\/2025\/08\/How-to-Apply-for-the-UK-ETA-1536x1400.png 1536w, https:\/\/visaeta.uk\/wp-content\/uploads\/2025\/08\/How-to-Apply-for-the-UK-ETA-13x12.png 13w\" sizes=\"auto, (max-width: 2048px) 100vw, 2048px\" \/><\/figure>\n\n\n<p>Jelenleg Lengyelorsz\u00e1g t\u00f6lti be a soros eln\u00f6ks\u00e9get. Ez\u00e9rt az \u00fcl\u00e9sre a Vars\u00f3 melletti Legionow\u00f3ban ker\u00fclt sor. Ezenfel\u00fcl Mariusz B\u0142aszczak lengyel nemzetv\u00e9delmi miniszter vezette a napirendet, m\u00edg Ben Wallace brit v\u00e9delmi miniszter kulcsfontoss\u00e1g\u00fa k\u00e9toldal\u00fa partnerk\u00e9nt vett r\u00e9szt a tal\u00e1lkoz\u00f3n.<\/p>\n<h3>Hogyan \u00e9rinti ez a Lengyelorsz\u00e1gba vagy a Baltikumba l\u00e1togat\u00f3 brit utaz\u00f3kat?<\/h3>\n<p>B\u00e1r az \u00c9szaki Csoport vars\u00f3i tal\u00e1lkoz\u00f3ja v\u00e9delmi f\u00f3rum, a szorosabb politikai kapcsolatok \u00e1ltal\u00e1ban jobb konzuli t\u00e1mogat\u00e1st \u00e9s z\u00f6kken\u0151mentesebb hat\u00e1rokon \u00e1tny\u00fal\u00f3 int\u00e9zked\u00e9seket jelentenek az Egyes\u00fclt Kir\u00e1lys\u00e1gba l\u00e1togat\u00f3k sz\u00e1m\u00e1ra. Ezenk\u00edv\u00fcl a brit \u00e1llampolg\u00e1rok tov\u00e1bbra is v\u00edzummentess\u00e9get \u00e9lveznek a schengeni szab\u00e1lyok \u00e9rtelm\u00e9ben, amikor az \u00e9szaki csoport valamennyi tag\u00e1llam\u00e1ba l\u00e1togatnak.<\/p>\n<h3>Sz\u00fcks\u00e9g\u00fck van-e a lengyel \u00e9s skandin\u00e1v utaz\u00f3knak brit ETA-re ahhoz, hogy Nagy-Britanni\u00e1ba l\u00e1togassanak?<\/h3>\n<p>Igen. 2025. \u00e1prilis 2-t\u00f3l a lengyel, n\u00e9met, \u00e9szaki \u00e9s balti \u00fatlev\u00e9llel rendelkez\u0151knek elektronikus utaz\u00e1si enged\u00e9lyt (ETA) kell k\u00e9rni\u00fck, miel\u0151tt Nagy-Britanni\u00e1ba utaznak. Az ETA 16 fontba ker\u00fcl, k\u00e9t \u00e9vig \u00e9rv\u00e9nyes, \u00e9s egyenk\u00e9nt legfeljebb hat h\u00f3napos t\u00f6bbsz\u00f6ri l\u00e1togat\u00e1st tesz lehet\u0151v\u00e9.<\/p>\n<h3>Az \u00c9szaki Csoport a NATO r\u00e9sze?<\/h3>\n<p>Az \u00c9szaki Csoport egy inform\u00e1lis region\u00e1lis f\u00f3rum, amely kieg\u00e9sz\u00edti a NATO-t, de nem r\u00e9sze annak hivatalos strukt\u00far\u00e1j\u00e1nak. Ennek ellen\u00e9re a legt\u00f6bb tag NATO-sz\u00f6vets\u00e9ges, ami azt jelenti, hogy a megbesz\u00e9l\u00e9sek term\u00e9szetesen be\u00e9p\u00fclnek a sz\u00e9lesebb sz\u00f6vets\u00e9gi tervez\u00e9sbe.<\/p>\n<h3>Mikor alap\u00edtott\u00e1k az \u00c9szaki Csoportot?<\/h3>\n<p>Az Egyes\u00fclt Kir\u00e1lys\u00e1g 2010-ben ind\u00edtotta el az \u00c9szaki Csoportot. Az\u00f3ta a csoport feladatk\u00f6r\u00e9t az \u00e1ltal\u00e1nos region\u00e1lis p\u00e1rbesz\u00e9dt\u0151l az akt\u00edv elrettent\u00e9sig, az ipari egy\u00fcttm\u0171k\u00f6d\u00e9sig \u00e9s az Ukrajna sz\u00e1m\u00e1ra az orosz inv\u00e1zi\u00f3t k\u00f6vet\u0151en ny\u00fajtott t\u00e1mogat\u00e1sig kiterjesztett\u00e9k.<\/p>\n<h3>Hol olvashatok t\u00f6bbet a brit-lengyel v\u00e9delmi szerz\u0151d\u00e9sekr\u0151l?<\/h3>\n<p>A hivatalos k\u00f6zlem\u00e9nyeket az Egyes\u00fclt Kir\u00e1lys\u00e1g V\u00e9delmi Miniszt\u00e9riuma a k\u00f6vetkez\u0151 honlapon teszi k\u00f6zz\u00e9 <a href=\"https:\/\/www.gov.uk\/government\/organisations\/ministry-of-defence\" target=\"_blank\" rel=\"noopener\">gov.uk<\/a>. Emellett az utaz\u00e1sra \u00f6sszpontos\u00edt\u00f3 \u00fatik\u00f6nyveink elmagyar\u00e1zz\u00e1k, hogy a politikai egy\u00fcttm\u0171k\u00f6d\u00e9s hogyan alak\u00edtja ki <a href=\"https:\/\/visaeta.uk\/hu\/blog\/uk-eta-2026\/\">Az Egyes\u00fclt Kir\u00e1lys\u00e1g ETA-szab\u00e1lyai<\/a> az \u00e9szaki csoport orsz\u00e1gaib\u00f3l \u00e9rkez\u0151 l\u00e1togat\u00f3k sz\u00e1m\u00e1ra.<\/p>","protected":false},"excerpt":{"rendered":"<p>The Northern Group Warsaw meeting marked a pivotal moment for European security. Notably, it brought together UK Defence Secretary Ben Wallace and counterparts from eleven northern European nations. First of all, the Northern Group Warsaw meeting focused on coordinated responses to Russia&#8217;s ongoing war in Ukraine and long-term deterrence. Moreover, it reinforced the UK&#8217;s role [&hellip;]<\/p>\n","protected":false},"author":1,"featured_media":4981,"comment_status":"open","ping_status":"open","sticky":false,"template":"","format":"standard","meta":{"site-sidebar-layout":"default","site-content-layout":"","ast-site-content-layout":"default","site-content-style":"default","site-sidebar-style":"default","ast-global-header-display":"","ast-banner-title-visibility":"","ast-main-header-display":"","ast-hfb-above-header-display":"","ast-hfb-below-header-display":"","ast-hfb-mobile-header-display":"","site-post-title":"","ast-breadcrumbs-content":"","ast-featured-img":"","footer-sml-layout":"","theme-transparent-header-meta":"","adv-header-id-meta":"","stick-header-meta":"","header-above-stick-meta":"","header-main-stick-meta":"","header-below-stick-meta":"","astra-migrate-meta-layouts":"default","ast-page-background-enabled":"default","ast-page-background-meta":{"desktop":{"background-color":"var(--ast-global-color-4)","background-image":"","background-repeat":"repeat","background-position":"center center","background-size":"auto","background-attachment":"scroll","background-type":"","background-media":"","overlay-type":"","overlay-color":"","overlay-opacity":"","overlay-gradient":""},"tablet":{"background-color":"","background-image":"","background-repeat":"repeat","background-position":"center center","background-size":"auto","background-attachment":"scroll","background-type":"","background-media":"","overlay-type":"","overlay-color":"","overlay-opacity":"","overlay-gradient":""},"mobile":{"background-color":"","background-image":"","background-repeat":"repeat","background-position":"center center","background-size":"auto","background-attachment":"scroll","background-type":"","background-media":"","overlay-type":"","overlay-color":"","overlay-opacity":"","overlay-gradient":""}},"ast-content-background-meta":{"desktop":{"background-color":"var(--ast-global-color-5)","background-image":"","background-repeat":"repeat","background-position":"center center","background-size":"auto","background-attachment":"scroll","background-type":"","background-media":"","overlay-type":"","overlay-color":"","overlay-opacity":"","overlay-gradient":""},"tablet":{"background-color":"var(--ast-global-color-5)","background-image":"","background-repeat":"repeat","background-position":"center center","background-size":"auto","background-attachment":"scroll","background-type":"","background-media":"","overlay-type":"","overlay-color":"","overlay-opacity":"","overlay-gradient":""},"mobile":{"background-color":"var(--ast-global-color-5)","background-image":"","background-repeat":"repeat","background-position":"center center","background-size":"auto","background-attachment":"scroll","background-type":"","background-media":"","overlay-type":"","overlay-color":"","overlay-opacity":"","overlay-gradient":""}},"footnotes":""},"categories":[12],"tags":[188,133,139,136],"class_list":["post-1507","post","type-post","status-publish","format-standard","has-post-thumbnail","hentry","category-blog","tag-poland","tag-uk-eta-2026","tag-uk-travel","tag-uk-visa"],"yoast_head":"<!-- This site is optimized with the Yoast SEO plugin v27.8 - https:\/\/yoast.com\/product\/yoast-seo-wordpress\/ -->\n<title>Northern Group Warsaw Meeting: UK &amp; European Security Analysis<\/title>\n<meta name=\"description\" content=\"Northern Group Warsaw meeting unites UK and 11 allies on European security, Ukraine aid and UK\u2013Poland defence contracts. Analysis and FAQs.\" \/>\n<meta name=\"robots\" content=\"index, follow, max-snippet:-1, max-image-preview:large, max-video-preview:-1\" \/>\n<link rel=\"canonical\" href=\"https:\/\/visaeta.uk\/hu\/blog\/northern-group-warsaw-meeting-uk-european-security\/\" \/>\n<meta property=\"og:locale\" content=\"hu_HU\" \/>\n<meta property=\"og:type\" content=\"article\" \/>\n<meta property=\"og:title\" content=\"Northern Group Warsaw Meeting: UK &amp; European Security Analysis\" \/>\n<meta property=\"og:description\" content=\"Northern Group Warsaw meeting unites UK and 11 allies on European security, Ukraine aid and UK\u2013Poland defence contracts. Analysis and FAQs.\" \/>\n<meta property=\"og:url\" content=\"https:\/\/visaeta.uk\/hu\/blog\/northern-group-warsaw-meeting-uk-european-security\/\" \/>\n<meta property=\"og:site_name\" content=\"ETA VISA UK\" \/>\n<meta property=\"article:published_time\" content=\"2025-09-09T04:33:12+00:00\" \/>\n<meta property=\"article:modified_time\" content=\"2026-05-16T10:09:31+00:00\" \/>\n<meta property=\"og:image\" content=\"https:\/\/visaeta.uk\/wp-content\/uploads\/2026\/04\/uk-eta-families-children-applications-group-travel-img-4.jpg\" \/>\n\t<meta property=\"og:image:width\" content=\"1200\" \/>\n\t<meta property=\"og:image:height\" content=\"1800\" \/>\n\t<meta property=\"og:image:type\" content=\"image\/jpeg\" \/>\n<meta name=\"author\" content=\"VisaETA Editorial Team\" \/>\n<meta name=\"twitter:card\" content=\"summary_large_image\" \/>\n<meta name=\"twitter:label1\" content=\"Szerz\u0151:\" \/>\n\t<meta name=\"twitter:data1\" content=\"VisaETA Editorial Team\" \/>\n\t<meta name=\"twitter:label2\" content=\"Becs\u00fclt olvas\u00e1si id\u0151\" \/>\n\t<meta name=\"twitter:data2\" content=\"8 perc\" \/>\n<script type=\"application\/ld+json\" class=\"yoast-schema-graph\">{\"@context\":\"https:\\\/\\\/schema.org\",\"@graph\":[{\"@type\":\"Article\",\"@id\":\"https:\\\/\\\/visaeta.uk\\\/blog\\\/northern-group-warsaw-meeting-uk-european-security\\\/#article\",\"isPartOf\":{\"@id\":\"https:\\\/\\\/visaeta.uk\\\/blog\\\/northern-group-warsaw-meeting-uk-european-security\\\/\"},\"author\":{\"name\":\"VisaETA Editorial Team\",\"@id\":\"https:\\\/\\\/visaeta.uk\\\/#\\\/schema\\\/person\\\/81b5965766d02d43333b31730f5fa1c3\"},\"headline\":\"Northern Group allies gather in Warsaw to address European security issues.\",\"datePublished\":\"2025-09-09T04:33:12+00:00\",\"dateModified\":\"2026-05-16T10:09:31+00:00\",\"mainEntityOfPage\":{\"@id\":\"https:\\\/\\\/visaeta.uk\\\/blog\\\/northern-group-warsaw-meeting-uk-european-security\\\/\"},\"wordCount\":1716,\"commentCount\":0,\"publisher\":{\"@id\":\"https:\\\/\\\/visaeta.uk\\\/#organization\"},\"image\":{\"@id\":\"https:\\\/\\\/visaeta.uk\\\/blog\\\/northern-group-warsaw-meeting-uk-european-security\\\/#primaryimage\"},\"thumbnailUrl\":\"https:\\\/\\\/visaeta.uk\\\/wp-content\\\/uploads\\\/2026\\\/04\\\/uk-eta-families-children-applications-group-travel-img-4.jpg\",\"keywords\":[\"Poland\",\"UK ETA 2026\",\"UK Travel\",\"UK Visa\"],\"articleSection\":[\"BLOG\"],\"inLanguage\":\"hu\",\"potentialAction\":[{\"@type\":\"CommentAction\",\"name\":\"Comment\",\"target\":[\"https:\\\/\\\/visaeta.uk\\\/blog\\\/northern-group-warsaw-meeting-uk-european-security\\\/#respond\"]}]},{\"@type\":\"WebPage\",\"@id\":\"https:\\\/\\\/visaeta.uk\\\/blog\\\/northern-group-warsaw-meeting-uk-european-security\\\/\",\"url\":\"https:\\\/\\\/visaeta.uk\\\/blog\\\/northern-group-warsaw-meeting-uk-european-security\\\/\",\"name\":\"Northern Group Warsaw Meeting: UK & European Security Analysis\",\"isPartOf\":{\"@id\":\"https:\\\/\\\/visaeta.uk\\\/#website\"},\"primaryImageOfPage\":{\"@id\":\"https:\\\/\\\/visaeta.uk\\\/blog\\\/northern-group-warsaw-meeting-uk-european-security\\\/#primaryimage\"},\"image\":{\"@id\":\"https:\\\/\\\/visaeta.uk\\\/blog\\\/northern-group-warsaw-meeting-uk-european-security\\\/#primaryimage\"},\"thumbnailUrl\":\"https:\\\/\\\/visaeta.uk\\\/wp-content\\\/uploads\\\/2026\\\/04\\\/uk-eta-families-children-applications-group-travel-img-4.jpg\",\"datePublished\":\"2025-09-09T04:33:12+00:00\",\"dateModified\":\"2026-05-16T10:09:31+00:00\",\"description\":\"Northern Group Warsaw meeting unites UK and 11 allies on European security, Ukraine aid and UK\u2013Poland defence contracts. Analysis and FAQs.\",\"breadcrumb\":{\"@id\":\"https:\\\/\\\/visaeta.uk\\\/blog\\\/northern-group-warsaw-meeting-uk-european-security\\\/#breadcrumb\"},\"inLanguage\":\"hu\",\"potentialAction\":[{\"@type\":\"ReadAction\",\"target\":[\"https:\\\/\\\/visaeta.uk\\\/blog\\\/northern-group-warsaw-meeting-uk-european-security\\\/\"]}]},{\"@type\":\"ImageObject\",\"inLanguage\":\"hu\",\"@id\":\"https:\\\/\\\/visaeta.uk\\\/blog\\\/northern-group-warsaw-meeting-uk-european-security\\\/#primaryimage\",\"url\":\"https:\\\/\\\/visaeta.uk\\\/wp-content\\\/uploads\\\/2026\\\/04\\\/uk-eta-families-children-applications-group-travel-img-4.jpg\",\"contentUrl\":\"https:\\\/\\\/visaeta.uk\\\/wp-content\\\/uploads\\\/2026\\\/04\\\/uk-eta-families-children-applications-group-travel-img-4.jpg\",\"width\":1200,\"height\":1800,\"caption\":\"Planning ahead helps every traveller.\"},{\"@type\":\"BreadcrumbList\",\"@id\":\"https:\\\/\\\/visaeta.uk\\\/blog\\\/northern-group-warsaw-meeting-uk-european-security\\\/#breadcrumb\",\"itemListElement\":[{\"@type\":\"ListItem\",\"position\":1,\"name\":\"Home\",\"item\":\"https:\\\/\\\/visaeta.uk\\\/\"},{\"@type\":\"ListItem\",\"position\":2,\"name\":\"Northern Group allies gather in Warsaw to address European security issues.\"}]},{\"@type\":\"WebSite\",\"@id\":\"https:\\\/\\\/visaeta.uk\\\/#website\",\"url\":\"https:\\\/\\\/visaeta.uk\\\/\",\"name\":\"ETA VISA TO THE GREAT BRITAIN - UK\",\"description\":\"\",\"publisher\":{\"@id\":\"https:\\\/\\\/visaeta.uk\\\/#organization\"},\"alternateName\":\"ETA visa to the UK\",\"potentialAction\":[{\"@type\":\"SearchAction\",\"target\":{\"@type\":\"EntryPoint\",\"urlTemplate\":\"https:\\\/\\\/visaeta.uk\\\/?s={search_term_string}\"},\"query-input\":{\"@type\":\"PropertyValueSpecification\",\"valueRequired\":true,\"valueName\":\"search_term_string\"}}],\"inLanguage\":\"hu\"},{\"@type\":\"Organization\",\"@id\":\"https:\\\/\\\/visaeta.uk\\\/#organization\",\"name\":\"ETA VISA UK\",\"url\":\"https:\\\/\\\/visaeta.uk\\\/\",\"logo\":{\"@type\":\"ImageObject\",\"inLanguage\":\"hu\",\"@id\":\"https:\\\/\\\/visaeta.uk\\\/#\\\/schema\\\/logo\\\/image\\\/\",\"url\":\"https:\\\/\\\/visaeta.uk\\\/wp-content\\\/uploads\\\/2023\\\/11\\\/cropped-ETA-UK-2.png\",\"contentUrl\":\"https:\\\/\\\/visaeta.uk\\\/wp-content\\\/uploads\\\/2023\\\/11\\\/cropped-ETA-UK-2.png\",\"width\":269,\"height\":53,\"caption\":\"ETA VISA UK\"},\"image\":{\"@id\":\"https:\\\/\\\/visaeta.uk\\\/#\\\/schema\\\/logo\\\/image\\\/\"}},{\"@type\":\"Person\",\"@id\":\"https:\\\/\\\/visaeta.uk\\\/#\\\/schema\\\/person\\\/81b5965766d02d43333b31730f5fa1c3\",\"name\":\"VisaETA Editorial Team\",\"image\":{\"@type\":\"ImageObject\",\"inLanguage\":\"hu\",\"@id\":\"https:\\\/\\\/secure.gravatar.com\\\/avatar\\\/77324b0d1ba9a1c5a0b04ea41b2c3f26d5e8eefd0ee6b4f256de4805c6ebd71c?s=96&d=mm&r=g\",\"url\":\"https:\\\/\\\/secure.gravatar.com\\\/avatar\\\/77324b0d1ba9a1c5a0b04ea41b2c3f26d5e8eefd0ee6b4f256de4805c6ebd71c?s=96&d=mm&r=g\",\"contentUrl\":\"https:\\\/\\\/secure.gravatar.com\\\/avatar\\\/77324b0d1ba9a1c5a0b04ea41b2c3f26d5e8eefd0ee6b4f256de4805c6ebd71c?s=96&d=mm&r=g\",\"caption\":\"VisaETA Editorial Team\"},\"sameAs\":[\"http:\\\/\\\/visaeta.uk\"],\"url\":\"https:\\\/\\\/visaeta.uk\\\/hu\\\/author\\\/admin\\\/\"}]}<\/script>\n<!-- \/ Yoast SEO plugin. -->","yoast_head_json":{"title":"\u00c9szaki csoport vars\u00f3i tal\u00e1lkoz\u00f3ja: Egyes\u00fclt Kir\u00e1lys\u00e1g \u00e9s Eur\u00f3pa biztons\u00e1gi elemz\u00e9se","description":"Az \u00c9szaki Csoport vars\u00f3i \u00fcl\u00e9se egyes\u00edti az Egyes\u00fclt Kir\u00e1lys\u00e1got \u00e9s 11 sz\u00f6vets\u00e9gest az eur\u00f3pai biztons\u00e1gr\u00f3l, az ukrajnai t\u00e1mogat\u00e1sr\u00f3l \u00e9s a brit-lengyel v\u00e9delmi szerz\u0151d\u00e9sekr\u0151l. Elemz\u00e9s \u00e9s GYIK.","robots":{"index":"index","follow":"follow","max-snippet":"max-snippet:-1","max-image-preview":"max-image-preview:large","max-video-preview":"max-video-preview:-1"},"canonical":"https:\/\/visaeta.uk\/hu\/blog\/northern-group-warsaw-meeting-uk-european-security\/","og_locale":"hu_HU","og_type":"article","og_title":"Northern Group Warsaw Meeting: UK & European Security Analysis","og_description":"Northern Group Warsaw meeting unites UK and 11 allies on European security, Ukraine aid and UK\u2013Poland defence contracts. Analysis and FAQs.","og_url":"https:\/\/visaeta.uk\/hu\/blog\/northern-group-warsaw-meeting-uk-european-security\/","og_site_name":"ETA VISA UK","article_published_time":"2025-09-09T04:33:12+00:00","article_modified_time":"2026-05-16T10:09:31+00:00","og_image":[{"width":1200,"height":1800,"url":"https:\/\/visaeta.uk\/wp-content\/uploads\/2026\/04\/uk-eta-families-children-applications-group-travel-img-4.jpg","type":"image\/jpeg"}],"author":"VisaETA Editorial Team","twitter_card":"summary_large_image","twitter_misc":{"Szerz\u0151:":"VisaETA Editorial Team","Becs\u00fclt olvas\u00e1si id\u0151":"8 perc"},"schema":{"@context":"https:\/\/schema.org","@graph":[{"@type":"Article","@id":"https:\/\/visaeta.uk\/blog\/northern-group-warsaw-meeting-uk-european-security\/#article","isPartOf":{"@id":"https:\/\/visaeta.uk\/blog\/northern-group-warsaw-meeting-uk-european-security\/"},"author":{"name":"VisaETA Editorial Team","@id":"https:\/\/visaeta.uk\/#\/schema\/person\/81b5965766d02d43333b31730f5fa1c3"},"headline":"Northern Group allies gather in Warsaw to address European security issues.","datePublished":"2025-09-09T04:33:12+00:00","dateModified":"2026-05-16T10:09:31+00:00","mainEntityOfPage":{"@id":"https:\/\/visaeta.uk\/blog\/northern-group-warsaw-meeting-uk-european-security\/"},"wordCount":1716,"commentCount":0,"publisher":{"@id":"https:\/\/visaeta.uk\/#organization"},"image":{"@id":"https:\/\/visaeta.uk\/blog\/northern-group-warsaw-meeting-uk-european-security\/#primaryimage"},"thumbnailUrl":"https:\/\/visaeta.uk\/wp-content\/uploads\/2026\/04\/uk-eta-families-children-applications-group-travel-img-4.jpg","keywords":["Poland","UK ETA 2026","UK Travel","UK Visa"],"articleSection":["BLOG"],"inLanguage":"hu","potentialAction":[{"@type":"CommentAction","name":"Comment","target":["https:\/\/visaeta.uk\/blog\/northern-group-warsaw-meeting-uk-european-security\/#respond"]}]},{"@type":"WebPage","@id":"https:\/\/visaeta.uk\/blog\/northern-group-warsaw-meeting-uk-european-security\/","url":"https:\/\/visaeta.uk\/blog\/northern-group-warsaw-meeting-uk-european-security\/","name":"\u00c9szaki csoport vars\u00f3i tal\u00e1lkoz\u00f3ja: Egyes\u00fclt Kir\u00e1lys\u00e1g \u00e9s Eur\u00f3pa biztons\u00e1gi elemz\u00e9se","isPartOf":{"@id":"https:\/\/visaeta.uk\/#website"},"primaryImageOfPage":{"@id":"https:\/\/visaeta.uk\/blog\/northern-group-warsaw-meeting-uk-european-security\/#primaryimage"},"image":{"@id":"https:\/\/visaeta.uk\/blog\/northern-group-warsaw-meeting-uk-european-security\/#primaryimage"},"thumbnailUrl":"https:\/\/visaeta.uk\/wp-content\/uploads\/2026\/04\/uk-eta-families-children-applications-group-travel-img-4.jpg","datePublished":"2025-09-09T04:33:12+00:00","dateModified":"2026-05-16T10:09:31+00:00","description":"Az \u00c9szaki Csoport vars\u00f3i \u00fcl\u00e9se egyes\u00edti az Egyes\u00fclt Kir\u00e1lys\u00e1got \u00e9s 11 sz\u00f6vets\u00e9gest az eur\u00f3pai biztons\u00e1gr\u00f3l, az ukrajnai t\u00e1mogat\u00e1sr\u00f3l \u00e9s a brit-lengyel v\u00e9delmi szerz\u0151d\u00e9sekr\u0151l. Elemz\u00e9s \u00e9s GYIK.","breadcrumb":{"@id":"https:\/\/visaeta.uk\/blog\/northern-group-warsaw-meeting-uk-european-security\/#breadcrumb"},"inLanguage":"hu","potentialAction":[{"@type":"ReadAction","target":["https:\/\/visaeta.uk\/blog\/northern-group-warsaw-meeting-uk-european-security\/"]}]},{"@type":"ImageObject","inLanguage":"hu","@id":"https:\/\/visaeta.uk\/blog\/northern-group-warsaw-meeting-uk-european-security\/#primaryimage","url":"https:\/\/visaeta.uk\/wp-content\/uploads\/2026\/04\/uk-eta-families-children-applications-group-travel-img-4.jpg","contentUrl":"https:\/\/visaeta.uk\/wp-content\/uploads\/2026\/04\/uk-eta-families-children-applications-group-travel-img-4.jpg","width":1200,"height":1800,"caption":"Planning ahead helps every traveller."},{"@type":"BreadcrumbList","@id":"https:\/\/visaeta.uk\/blog\/northern-group-warsaw-meeting-uk-european-security\/#breadcrumb","itemListElement":[{"@type":"ListItem","position":1,"name":"Home","item":"https:\/\/visaeta.uk\/"},{"@type":"ListItem","position":2,"name":"Northern Group allies gather in Warsaw to address European security issues."}]},{"@type":"WebSite","@id":"https:\/\/visaeta.uk\/#website","url":"https:\/\/visaeta.uk\/","name":"ETA V\u00cdZUM NAGY-BRITANNI\u00c1BA - UK","description":"","publisher":{"@id":"https:\/\/visaeta.uk\/#organization"},"alternateName":"ETA visa to the UK","potentialAction":[{"@type":"SearchAction","target":{"@type":"EntryPoint","urlTemplate":"https:\/\/visaeta.uk\/?s={search_term_string}"},"query-input":{"@type":"PropertyValueSpecification","valueRequired":true,"valueName":"search_term_string"}}],"inLanguage":"hu"},{"@type":"Organization","@id":"https:\/\/visaeta.uk\/#organization","name":"ETA v\u00edzum Egyes\u00fclt Kir\u00e1lys\u00e1g","url":"https:\/\/visaeta.uk\/","logo":{"@type":"ImageObject","inLanguage":"hu","@id":"https:\/\/visaeta.uk\/#\/schema\/logo\/image\/","url":"https:\/\/visaeta.uk\/wp-content\/uploads\/2023\/11\/cropped-ETA-UK-2.png","contentUrl":"https:\/\/visaeta.uk\/wp-content\/uploads\/2023\/11\/cropped-ETA-UK-2.png","width":269,"height":53,"caption":"ETA VISA UK"},"image":{"@id":"https:\/\/visaeta.uk\/#\/schema\/logo\/image\/"}},{"@type":"Person","@id":"https:\/\/visaeta.uk\/#\/schema\/person\/81b5965766d02d43333b31730f5fa1c3","name":"VisaETA Szerkeszt\u0151s\u00e9g","image":{"@type":"ImageObject","inLanguage":"hu","@id":"https:\/\/secure.gravatar.com\/avatar\/77324b0d1ba9a1c5a0b04ea41b2c3f26d5e8eefd0ee6b4f256de4805c6ebd71c?s=96&d=mm&r=g","url":"https:\/\/secure.gravatar.com\/avatar\/77324b0d1ba9a1c5a0b04ea41b2c3f26d5e8eefd0ee6b4f256de4805c6ebd71c?s=96&d=mm&r=g","contentUrl":"https:\/\/secure.gravatar.com\/avatar\/77324b0d1ba9a1c5a0b04ea41b2c3f26d5e8eefd0ee6b4f256de4805c6ebd71c?s=96&d=mm&r=g","caption":"VisaETA Editorial Team"},"sameAs":["http:\/\/visaeta.uk"],"url":"https:\/\/visaeta.uk\/hu\/author\/admin\/"}]}},"_links":{"self":[{"href":"https:\/\/visaeta.uk\/hu\/wp-json\/wp\/v2\/posts\/1507","targetHints":{"allow":["GET"]}}],"collection":[{"href":"https:\/\/visaeta.uk\/hu\/wp-json\/wp\/v2\/posts"}],"about":[{"href":"https:\/\/visaeta.uk\/hu\/wp-json\/wp\/v2\/types\/post"}],"author":[{"embeddable":true,"href":"https:\/\/visaeta.uk\/hu\/wp-json\/wp\/v2\/users\/1"}],"replies":[{"embeddable":true,"href":"https:\/\/visaeta.uk\/hu\/wp-json\/wp\/v2\/comments?post=1507"}],"version-history":[{"count":6,"href":"https:\/\/visaeta.uk\/hu\/wp-json\/wp\/v2\/posts\/1507\/revisions"}],"predecessor-version":[{"id":5950,"href":"https:\/\/visaeta.uk\/hu\/wp-json\/wp\/v2\/posts\/1507\/revisions\/5950"}],"wp:featuredmedia":[{"embeddable":true,"href":"https:\/\/visaeta.uk\/hu\/wp-json\/wp\/v2\/media\/4981"}],"wp:attachment":[{"href":"https:\/\/visaeta.uk\/hu\/wp-json\/wp\/v2\/media?parent=1507"}],"wp:term":[{"taxonomy":"category","embeddable":true,"href":"https:\/\/visaeta.uk\/hu\/wp-json\/wp\/v2\/categories?post=1507"},{"taxonomy":"post_tag","embeddable":true,"href":"https:\/\/visaeta.uk\/hu\/wp-json\/wp\/v2\/tags?post=1507"}],"curies":[{"name":"wp","href":"https:\/\/api.w.org\/{rel}","templated":true}]}}