{"id":1700,"date":"2026-01-20T07:05:33","date_gmt":"2026-01-20T06:05:33","guid":{"rendered":"https:\/\/visaeta.uk\/?p=1700"},"modified":"2026-05-16T11:12:08","modified_gmt":"2026-05-16T10:12:08","slug":"utazhatok-e-az-egyesult-kiralysagba-irorszagi-vizummal-2026-ban","status":"publish","type":"post","link":"https:\/\/visaeta.uk\/hu\/blog\/can-i-travel-to-uk-with-ireland-visa-in-2026\/","title":{"rendered":"Utazhatok-e 2026-ban \u00cdrorsz\u00e1gba v\u00edzummal: Mit kell tudni az utaz\u00f3knak?"},"content":{"rendered":"<p data-start=\"487\" data-end=\"757\">Ha \u00d6n jelenleg \u00cdrorsz\u00e1gban \u00e9l, vagy \u00edr v\u00edzummal rendelkezik, tal\u00e1n azt k\u00e9rdezi mag\u00e1t\u00f3l: <strong data-start=\"571\" data-end=\"619\">utazhatok-e az Egyes\u00fclt Kir\u00e1lys\u00e1gba \u00edrorsz\u00e1gi v\u00edzummal 2026-ban?<\/strong>? Ez egy nagyon gyakori k\u00e9rd\u00e9s, k\u00fcl\u00f6n\u00f6sen mivel az Egyes\u00fclt Kir\u00e1lys\u00e1gba val\u00f3 bel\u00e9p\u00e9s szab\u00e1lyai folyamatosan v\u00e1ltoznak, \u00e9s az \u00faj k\u00f6vetelm\u00e9nyek, mint p\u00e9ld\u00e1ul az Egyes\u00fclt Kir\u00e1lys\u00e1gban az ETA szabv\u00e1nyoss\u00e1 v\u00e1lnak.<\/p>\n<p><strong>Kapcsol\u00f3d\u00f3:<\/strong> <a href=\"https:\/\/visaeta.uk\/hu\/can-i-travel-to-uk-without-eta-in-2026\/\">Utazhatok az Egyes\u00fclt Kir\u00e1lys\u00e1gba ETA n\u00e9lk\u00fcl 2026-ban?<\/a><\/p>\n<p><strong>Kapcsol\u00f3d\u00f3:<\/strong> <a href=\"https:\/\/visaeta.uk\/hu\/uk-eta-and-ireland-travel-2026-do-children-need-uk-eta\/\">UK ETA \u00e9s \u00cdrorsz\u00e1g Utaz\u00e1s 2026<\/a><\/p>\r\n<p data-start=\"759\" data-end=\"1017\">Az \u00cdrorsz\u00e1g \u00e9s az Egyes\u00fclt Kir\u00e1lys\u00e1g k\u00f6z\u00f6tti szoros kapcsolat ellen\u00e9re, <strong data-start=\"830\" data-end=\"905\">az \u00edrorsz\u00e1gi v\u00edzum nem ad automatikusan enged\u00e9lyt az Egyes\u00fclt Kir\u00e1lys\u00e1gba val\u00f3 bel\u00e9p\u00e9sre.<\/strong>. A legt\u00f6bb esetben az Egyes\u00fclt Kir\u00e1lys\u00e1gba val\u00f3 bel\u00e9p\u00e9s az \u00d6n \u00e1llampolg\u00e1rs\u00e1g\u00e1t\u00f3l f\u00fcgg, valamint att\u00f3l, hogy megfelel-e az Egyes\u00fclt Kir\u00e1lys\u00e1g 2026-ra vonatkoz\u00f3 bev\u00e1ndorl\u00e1si k\u00f6vetelm\u00e9nyeinek.<\/p>\r\n<p data-start=\"1019\" data-end=\"1152\">Ez az \u00fatmutat\u00f3 vil\u00e1gosan, k\u00f6z\u00e9rthet\u0151en magyar\u00e1zza el a szab\u00e1lyokat, \u00edgy \u00d6n magabiztosan tervezheti meg utaz\u00e1s\u00e1t, \u00e9s elker\u00fclheti a probl\u00e9m\u00e1kat a hat\u00e1ron.<\/p>\r\n\r\n\r\nWeihnachtsstimmung pur: Familie genie\u00dft festlichen Marktbesuch in Gro\u00dfbritannien\r\n\r\n<hr data-start=\"1154\" data-end=\"1157\" \/>\r\n\r\n<h2 data-start=\"1159\" data-end=\"1208\">Mire jogos\u00edtja fel \u00d6nt az \u00edrorsz\u00e1gi v\u00edzum<\/h2>\r\n<p data-start=\"1210\" data-end=\"1450\">Az \u00edrorsz\u00e1gi v\u00edzum lehet\u0151v\u00e9 teszi, hogy <strong data-start=\"1240\" data-end=\"1269\">beutaz\u00e1s \u00e9s tart\u00f3zkod\u00e1s \u00cdrorsz\u00e1gban<\/strong> meghat\u00e1rozott felt\u00e9telek mellett, p\u00e9ld\u00e1ul turizmus, tanul\u00e1s, munkav\u00e1llal\u00e1s vagy csal\u00e1degyes\u00edt\u00e9s c\u00e9lj\u00e1b\u00f3l. Ez egy <strong data-start=\"1359\" data-end=\"1376\">nemzeti v\u00edzum<\/strong>, ami azt jelenti, hogy csak \u00cdrorsz\u00e1gra \u00e9rv\u00e9nyes, kiv\u00e9ve, ha kifejezetten m\u00e1sk\u00e9pp nem rendelkezik.<\/p>\n<p><strong>Kulcsfontoss\u00e1g\u00fa t\u00e9ny:<\/strong> Az Egyes\u00fclt Kir\u00e1lys\u00e1gban az ETA 20 fontba ker\u00fcl k\u00e9relemenk\u00e9nt, 2 \u00e9vig vagy az \u00fatlev\u00e9l lej\u00e1rt\u00e1ig \u00e9rv\u00e9nyes, \u00e9s korl\u00e1tlan sz\u00e1m\u00fa, egyenk\u00e9nt legfeljebb 6 h\u00f3napos l\u00e1togat\u00e1st tesz lehet\u0151v\u00e9. A 48 jogosult orsz\u00e1g \u00e1llampolg\u00e1rainak utaz\u00e1sa el\u0151tt ETA-t kell szerezni\u00fck (Forr\u00e1s: <a href=\"https:\/\/www.gov.uk\/guidance\/apply-for-an-electronic-travel-authorisation-eta\" target=\"_blank\" rel=\"noopener\">GOV.UK<\/a>).<\/p>\n<p data-start=\"1452\" data-end=\"1673\">Az \u00edr bev\u00e1ndorl\u00e1si hat\u00f3s\u00e1gok egy\u00e9rtelm\u0171en k\u00fcl\u00f6nbs\u00e9get tesznek az \u00edr \u00e9s az egyes\u00fclt kir\u00e1lys\u00e1gbeli beutaz\u00e1si jogok k\u00f6z\u00f6tt. Ez\u00e9rt az \u00edrorsz\u00e1gi v\u00edzum birtokl\u00e1sa \u00f6nmag\u00e1ban \u00e1ltal\u00e1ban nem ad \u201cigen\u201d v\u00e1laszt a k\u00e9rd\u00e9sre. <strong data-start=\"1624\" data-end=\"1672\">utazhatok-e az Egyes\u00fclt Kir\u00e1lys\u00e1gba \u00edrorsz\u00e1gi v\u00edzummal 2026-ban?<\/strong>.<\/p>\n\n<figure class=\"wp-block-image size-large\"><img loading=\"lazy\" decoding=\"async\" width=\"1200\" height=\"900\" src=\"https:\/\/visaeta.uk\/wp-content\/uploads\/2026\/04\/etias-q4-launch-british-residents-img-2.jpg\" alt=\"ETIAS Q4 2026 ind\u00edt\u00e1sa: k\u00e9p: Minden, amit a brit lakosoknak tudniuk kell 1. k\u00e9p az utaz\u00e1si kontextusr\u00f3l\" class=\"wp-image-4914\" srcset=\"https:\/\/visaeta.uk\/wp-content\/uploads\/2026\/04\/etias-q4-launch-british-residents-img-2.jpg 1200w, https:\/\/visaeta.uk\/wp-content\/uploads\/2026\/04\/etias-q4-launch-british-residents-img-2-300x225.jpg 300w, https:\/\/visaeta.uk\/wp-content\/uploads\/2026\/04\/etias-q4-launch-british-residents-img-2-1024x768.jpg 1024w, https:\/\/visaeta.uk\/wp-content\/uploads\/2026\/04\/etias-q4-launch-british-residents-img-2-768x576.jpg 768w, https:\/\/visaeta.uk\/wp-content\/uploads\/2026\/04\/etias-q4-launch-british-residents-img-2-16x12.jpg 16w\" sizes=\"auto, (max-width: 1200px) 100vw, 1200px\" \/><\/figure>\n\n\r\n\r\n\r\n<hr data-start=\"1675\" data-end=\"1678\" \/>\r\n\r\n<h2 data-start=\"1680\" data-end=\"1737\">A k\u00f6z\u00f6s utaz\u00e1si ter\u00fclet: gyakori z\u0171rzavar forr\u00e1sa<\/h2>\r\n<p data-start=\"1739\" data-end=\"1888\">\u00cdrorsz\u00e1g \u00e9s az Egyes\u00fclt Kir\u00e1lys\u00e1g a <strong data-start=\"1774\" data-end=\"1802\">K\u00f6z\u00f6s utaz\u00e1si ter\u00fclet (CTA)<\/strong>, ami lehet\u0151v\u00e9 teszi <strong data-start=\"1817\" data-end=\"1847\">\u00cdr \u00e9s brit \u00e1llampolg\u00e1rok<\/strong> a k\u00e9t orsz\u00e1g k\u00f6z\u00f6tt szabadon utazhassanak.<\/p>\r\n<p data-start=\"1890\" data-end=\"1984\">Ez a szabads\u00e1g azonban szigor\u00faan a k\u00f6vetkez\u0151k\u00f6n alapul <strong data-start=\"1933\" data-end=\"1948\">\u00e1llampolg\u00e1rs\u00e1g<\/strong>, nem tart\u00f3zkod\u00e1si enged\u00e9llyel vagy v\u00edzummal.<\/p>\r\n<p data-start=\"1986\" data-end=\"2025\">Az Egyes\u00fclt Kir\u00e1lys\u00e1g ir\u00e1nymutat\u00e1sa k\u00f6vetkezetesen meger\u0151s\u00edti ezt:<\/p>\r\n\r\n<blockquote data-start=\"2026\" data-end=\"2124\">\r\n<p data-start=\"2028\" data-end=\"2124\">A k\u00f6z\u00f6s utaz\u00e1si t\u00e9rs\u00e9g keret\u00e9ben csak az \u00edr \u00e9s a brit \u00e1llampolg\u00e1rok \u00e9lvezik a korl\u00e1tlan mozg\u00e1s el\u0151nyeit.<\/p>\r\n<\/blockquote>\r\n<p data-start=\"2126\" data-end=\"2237\">Ha \u00d6n <strong data-start=\"2137\" data-end=\"2172\">nem \u00edr vagy brit \u00e1llampolg\u00e1r<\/strong>, az \u00edrorsz\u00e1gi v\u00edzum nem biztos\u00edt automatikus beutaz\u00e1st az Egyes\u00fclt Kir\u00e1lys\u00e1gba.<\/p>\r\n\r\n\r\n<hr data-start=\"2239\" data-end=\"2242\" \/>\r\n\r\n<h2 data-start=\"2244\" data-end=\"2296\">Sz\u00f3val, utazhatok 2026-ban \u00edrorsz\u00e1gi v\u00edzummal az Egyes\u00fclt Kir\u00e1lys\u00e1gba?<\/h2>\r\nFamilien bereiten sich gemeinsam auf ihre Reise nach Manchester vor\r\n<p data-start=\"2298\" data-end=\"2357\">A legt\u00f6bb utaz\u00f3 sz\u00e1m\u00e1ra a v\u00e1lasz a k\u00f6vetkez\u0151 <strong data-start=\"2333\" data-end=\"2356\">nem - alap\u00e9rtelmez\u00e9s szerint nem<\/strong>.<\/p>\r\n<p data-start=\"2359\" data-end=\"2395\">2026-ban az Egyes\u00fclt Kir\u00e1lys\u00e1gba val\u00f3 bel\u00e9p\u00e9s a k\u00f6vetkez\u0151kt\u0151l f\u00fcgg:<\/p>\r\n\r\n<ul data-start=\"2396\" data-end=\"2547\">\r\n \t<li data-start=\"2396\" data-end=\"2427\">\r\n<p data-start=\"2398\" data-end=\"2427\">Az \u00d6n <strong data-start=\"2403\" data-end=\"2427\">\u00fatlev\u00e9l \u00e1llampolg\u00e1rs\u00e1g<\/strong><\/p>\r\n<\/li>\r\n \t<li data-start=\"2428\" data-end=\"2493\">\r\n<p data-start=\"2430\" data-end=\"2493\">Ak\u00e1r az \u00d6n \u00e1llampolg\u00e1rs\u00e1ga megk\u00f6veteli a <strong data-start=\"2466\" data-end=\"2477\">Egyes\u00fclt Kir\u00e1lys\u00e1gbeli v\u00edzum<\/strong> vagy egy <strong data-start=\"2483\" data-end=\"2493\">UK ETA<\/strong><\/p>\r\n<\/li>\r\n \t<li data-start=\"2494\" data-end=\"2547\">\r\n<p data-start=\"2496\" data-end=\"2547\">Az \u00d6n eset\u00e9re vonatkozik-e egy adott v\u00edzumrendszer<\/p>\r\n<\/li>\r\n<\/ul>\r\n<p data-start=\"2549\" data-end=\"2721\">Az \u00edrorsz\u00e1gi v\u00edzum csak azt igazolja, hogy \u00d6n jogosult \u00cdrorsz\u00e1gba bel\u00e9pni vagy ott tart\u00f3zkodni. Az Egyes\u00fclt Kir\u00e1lys\u00e1g hat\u00e1r\u0151rizeti hat\u00f3s\u00e1gai alkalmazz\u00e1k <strong data-start=\"2655\" data-end=\"2679\">Az Egyes\u00fclt Kir\u00e1lys\u00e1g bev\u00e1ndorl\u00e1si szab\u00e1lyai<\/strong>, m\u00e9g akkor is, ha \u00cdrorsz\u00e1gb\u00f3l utazik.<\/p>\r\n\r\n\r\n<hr data-start=\"2723\" data-end=\"2726\" \/>\r\n\r\n<h2 data-start=\"2728\" data-end=\"2778\">Mikor enged\u00e9lyezheti az \u00edrorsz\u00e1gi v\u00edzum az Egyes\u00fclt Kir\u00e1lys\u00e1gba t\u00f6rt\u00e9n\u0151 utaz\u00e1st?<\/h2>\r\n<h3 data-start=\"2780\" data-end=\"2816\">Brit-\u00edr v\u00edzumrendszer (BIVS)<\/h3>\r\n<p data-start=\"2818\" data-end=\"2849\">Van egy korl\u00e1tozott kiv\u00e9tel.<\/p>\r\n<p data-start=\"2851\" data-end=\"2989\">A <strong data-start=\"2861\" data-end=\"2890\">Brit-\u00edr v\u00edzumrendszer<\/strong>, bizonyos nemzetis\u00e9g\u0171ek \u00cdrorsz\u00e1gba \u00e9s az Egyes\u00fclt Kir\u00e1lys\u00e1gba is utazhatnak a <strong data-start=\"2960\" data-end=\"2975\">egyszeri v\u00edzum<\/strong>, de csak akkor, ha:<\/p>\n\n<figure class=\"wp-block-image size-large\"><img loading=\"lazy\" decoding=\"async\" width=\"1200\" height=\"798\" src=\"https:\/\/visaeta.uk\/wp-content\/uploads\/2026\/04\/etias-q4-launch-british-residents-img-1.jpg\" alt=\"ETIAS Q4 2026 ind\u00edt\u00e1sa: k\u00e9p: Minden, amit a brit lakosoknak tudniuk kell 1. k\u00e9p az utaz\u00e1si kontextusr\u00f3l\" class=\"wp-image-4919\" srcset=\"https:\/\/visaeta.uk\/wp-content\/uploads\/2026\/04\/etias-q4-launch-british-residents-img-1.jpg 1200w, https:\/\/visaeta.uk\/wp-content\/uploads\/2026\/04\/etias-q4-launch-british-residents-img-1-300x200.jpg 300w, https:\/\/visaeta.uk\/wp-content\/uploads\/2026\/04\/etias-q4-launch-british-residents-img-1-1024x683.jpg 1024w, https:\/\/visaeta.uk\/wp-content\/uploads\/2026\/04\/etias-q4-launch-british-residents-img-1-768x512.jpg 768w, https:\/\/visaeta.uk\/wp-content\/uploads\/2026\/04\/etias-q4-launch-british-residents-img-1-18x12.jpg 18w\" sizes=\"auto, (max-width: 1200px) 100vw, 1200px\" \/><\/figure>\n\n\r\n\r\n<ul data-start=\"2990\" data-end=\"3117\">\r\n \t<li data-start=\"2990\" data-end=\"3031\">\r\n<p data-start=\"2992\" data-end=\"3031\">A v\u00edzumot egy\u00e9rtelm\u0171en j\u00f3v\u00e1hagyt\u00e1k <strong data-start=\"3021\" data-end=\"3031\">\u201cBIVS\u201d<\/strong><\/p>\r\n<\/li>\r\n \t<li data-start=\"3032\" data-end=\"3064\">\r\n<p data-start=\"3034\" data-end=\"3064\">\u00d6n megfelel a program valamennyi felt\u00e9tel\u00e9nek<\/p>\r\n<\/li>\r\n \t<li data-start=\"3065\" data-end=\"3117\">\r\n<p data-start=\"3067\" data-end=\"3117\">\u00d6n az enged\u00e9lyezett \u00fatvonalakon k\u00f6zlekedik<\/p>\r\n<\/li>\r\n<\/ul>\r\n<p data-start=\"3119\" data-end=\"3340\">A legt\u00f6bb ma kiadott \u00edr v\u00edzum <strong data-start=\"3149\" data-end=\"3171\">nem BIVS v\u00edzumok<\/strong>, \u00e9s az \u00cdrorsz\u00e1gba val\u00f3 meg\u00e9rkez\u00e9s ut\u00e1n kiadott tart\u00f3zkod\u00e1si enged\u00e9lyek nem min\u0151s\u00fclnek. Ha az \u00d6n v\u00edzum\u00e1ban nem szerepel <strong data-start=\"3278\" data-end=\"3286\">BIVS<\/strong>, akkor azt kell felt\u00e9teleznie, hogy <strong data-start=\"3312\" data-end=\"3339\">nem \u00e9rv\u00e9nyes az Egyes\u00fclt Kir\u00e1lys\u00e1gban t\u00f6rt\u00e9n\u0151 utaz\u00e1sra<\/strong>.<\/p>\r\n\r\n\r\n<hr data-start=\"3342\" data-end=\"3345\" \/>\r\n\r\n<h2 data-start=\"3347\" data-end=\"3386\">Az Egyes\u00fclt Kir\u00e1lys\u00e1gba \u00cdrorsz\u00e1gb\u00f3l t\u00f6rt\u00e9n\u0151 bel\u00e9p\u00e9s 2026-ban<\/h2>\r\nFamilie genie\u00dft gemeinsamen Tag am sonnigen Liverpooler Hafen - perfekt f\u00fcr einen entspannten Ausflug\r\n<p data-start=\"3388\" data-end=\"3555\">Egyes utaz\u00f3k \u00fagy v\u00e9lik, hogy az Egyes\u00fclt Kir\u00e1lys\u00e1gba \u00cdrorsz\u00e1gb\u00f3l bel\u00e9pve elker\u00fclhet\u0151 a bev\u00e1ndorl\u00e1si ellen\u0151rz\u00e9s. B\u00e1r a rutinellen\u0151rz\u00e9sek korl\u00e1tozottak, <strong data-start=\"3509\" data-end=\"3554\">Az Egyes\u00fclt Kir\u00e1lys\u00e1gban tov\u00e1bbra is teljes m\u00e9rt\u00e9kben \u00e9rv\u00e9nyesek a bel\u00e9p\u00e9si k\u00f6vetelm\u00e9nyek<\/strong>.<\/p>\r\n<p data-start=\"3557\" data-end=\"3625\">Ha arra k\u00e9rik, hogy igazolja az Egyes\u00fclt Kir\u00e1lys\u00e1gba val\u00f3 beutaz\u00e1shoz val\u00f3 jog\u00e1t, akkor m\u00e1r rendelkeznie kell:<\/p>\r\n\r\n<ul data-start=\"3626\" data-end=\"3706\">\r\n \t<li data-start=\"3626\" data-end=\"3651\">\r\n<p data-start=\"3628\" data-end=\"3651\">a \u00e9rv\u00e9nyes <strong data-start=\"3636\" data-end=\"3647\">Egyes\u00fclt Kir\u00e1lys\u00e1gbeli v\u00edzum<\/strong>, vagy<\/p>\r\n<\/li>\r\n \t<li data-start=\"3652\" data-end=\"3706\">\r\n<p data-start=\"3654\" data-end=\"3706\">a \u00e9rv\u00e9nyes <strong data-start=\"3662\" data-end=\"3672\">UK ETA<\/strong>, ha az \u00d6n \u00e1llampolg\u00e1rs\u00e1g\u00e1hoz sz\u00fcks\u00e9ges<\/p>\r\n<\/li>\r\n<\/ul>\r\n<p data-start=\"3708\" data-end=\"3815\">Ha a megfelel\u0151 enged\u00e9ly n\u00e9lk\u00fcl utazik, a beutaz\u00e1s megtagadhat\u00f3, m\u00e9g akkor is, ha leg\u00e1lisan l\u00e9pett be \u00cdrorsz\u00e1gba.<\/p>\r\n\r\n\r\n<hr data-start=\"3817\" data-end=\"3820\" \/>\r\n\r\n<h2 data-start=\"3822\" data-end=\"3856\">Az Egyes\u00fclt Kir\u00e1lys\u00e1g ETA \u00e9s \u00cdrorsz\u00e1g v\u00edzummal rendelkez\u0151k<\/h2>\r\n<p data-start=\"3858\" data-end=\"3965\">2026-ra a legt\u00f6bb v\u00edzummentes \u00e1llampolg\u00e1rnak sz\u00fcks\u00e9ge lesz egy <strong data-start=\"3904\" data-end=\"3948\">Elektronikus utaz\u00e1si enged\u00e9ly (ETA)<\/strong> az Egyes\u00fclt Kir\u00e1lys\u00e1gba val\u00f3 bel\u00e9p\u00e9shez.<\/p>\r\n<p data-start=\"3967\" data-end=\"3996\">Fontos megjegyezni:<\/p>\r\n\r\n<ul data-start=\"3997\" data-end=\"4183\">\r\n \t<li data-start=\"3997\" data-end=\"4065\">\r\n<p data-start=\"3999\" data-end=\"4065\">\u00cdrorsz\u00e1gban \u00e9lni <strong data-start=\"4022\" data-end=\"4029\">nem<\/strong> mentes\u00edtik \u00d6nt az Egyes\u00fclt Kir\u00e1lys\u00e1g ETA-k\u00f6vetelm\u00e9nyei al\u00f3l<\/p>\r\n<\/li>\r\n \t<li data-start=\"4066\" data-end=\"4113\">\r\n<p data-start=\"4068\" data-end=\"4113\">Az \u00edrorsz\u00e1gi v\u00edzum <strong data-start=\"4089\" data-end=\"4096\">nem<\/strong> az Egyes\u00fclt Kir\u00e1lys\u00e1gban ETA-t cser\u00e9lni<\/p>\r\n<\/li>\r\n \t<li data-start=\"4114\" data-end=\"4183\">\r\n<p data-start=\"4116\" data-end=\"4183\">Az ETA az \u00d6n <strong data-start=\"4142\" data-end=\"4154\">\u00fatlev\u00e9l<\/strong>, nem a lak\u00f3helye<\/p>\r\n<\/li>\r\n<\/ul>\r\n<p data-start=\"4185\" data-end=\"4347\">Ha nem biztos abban, hogy sz\u00fcks\u00e9ge van-e brit ETA-ra vagy v\u00edzumra, seg\u00edt\u00fcnk ellen\u0151rizni \u00e9s k\u00e9relmezni a k\u00f6vetkez\u0151 weboldalunkon kereszt\u00fcl <strong data-start=\"4282\" data-end=\"4309\">UK v\u00edzum \u00e9s ETA szolg\u00e1ltat\u00e1s<\/strong>:<br data-start=\"4310\" data-end=\"4313\" \/>\ud83d\udc49 <strong data-start=\"4316\" data-end=\"4347\"><a class=\"decorated-link\" href=\"https:\/\/form.visaeta.uk\/form\" target=\"_new\" rel=\"noopener\" data-start=\"4318\" data-end=\"4345\">https:\/\/www.visaeta.uk\/form<\/a><\/strong><\/p>\n\n<figure class=\"wp-block-image size-large\"><img loading=\"lazy\" decoding=\"async\" width=\"1200\" height=\"800\" src=\"https:\/\/visaeta.uk\/wp-content\/uploads\/2026\/04\/etias-q4-launch-british-residents-img-3.jpg\" alt=\"ETIAS Q4 2026 ind\u00edt\u00e1sa: k\u00e9p: Minden, amit a brit lakosoknak tudniuk kell 1. k\u00e9p az utaz\u00e1si kontextusr\u00f3l\" class=\"wp-image-4915\" srcset=\"https:\/\/visaeta.uk\/wp-content\/uploads\/2026\/04\/etias-q4-launch-british-residents-img-3.jpg 1200w, https:\/\/visaeta.uk\/wp-content\/uploads\/2026\/04\/etias-q4-launch-british-residents-img-3-300x200.jpg 300w, https:\/\/visaeta.uk\/wp-content\/uploads\/2026\/04\/etias-q4-launch-british-residents-img-3-1024x683.jpg 1024w, https:\/\/visaeta.uk\/wp-content\/uploads\/2026\/04\/etias-q4-launch-british-residents-img-3-768x512.jpg 768w, https:\/\/visaeta.uk\/wp-content\/uploads\/2026\/04\/etias-q4-launch-british-residents-img-3-18x12.jpg 18w\" sizes=\"auto, (max-width: 1200px) 100vw, 1200px\" \/><\/figure>\n\n\r\n\r\n\r\n<hr data-start=\"4349\" data-end=\"4352\" \/>\r\n\r\n<h2 data-start=\"4354\" data-end=\"4378\">Az Egyes\u00fclt Kir\u00e1lys\u00e1gba t\u00f6rt\u00e9n\u0151 utaz\u00e1s megtervez\u00e9se<\/h2>\r\n<p data-start=\"4380\" data-end=\"4515\">Ha m\u00e1r tiszt\u00e1ban van a bel\u00e9p\u00e9si k\u00f6vetelm\u00e9nyekkel, akkor a l\u00e1togat\u00e1s megtervez\u00e9s\u00e9re \u00f6sszpontos\u00edthat. Hivatalos utaz\u00e1si \u00fatmutat\u00f3t \u00e9s inspir\u00e1ci\u00f3t a k\u00f6vetkez\u0151 weboldalon tal\u00e1lhat:<\/p>\r\n\r\n<ul data-start=\"4516\" data-end=\"4690\">\r\n \t<li data-start=\"4516\" data-end=\"4599\">\r\n<p data-start=\"4518\" data-end=\"4599\">\ud83d\udc49 <a class=\"decorated-link\" href=\"https:\/\/www.visitbritain.com\/\" target=\"_new\" rel=\"noopener\" data-start=\"4521\" data-end=\"4550\">https:\/\/www.visitbritain.com\/<\/a> \u00fati c\u00e9lok, \u00fatvonalak \u00e9s utaz\u00e1si \u00f6tletek<\/p>\r\n<\/li>\r\n \t<li data-start=\"4600\" data-end=\"4690\">\r\n<p data-start=\"4602\" data-end=\"4690\">\ud83d\udc49 <a class=\"decorated-link cursor-pointer\" target=\"_new\" rel=\"noopener\" data-start=\"4605\" data-end=\"4653\">https:\/\/www.visitbritain.com\/gb\/en\/travel-advice<\/a> gyakorlati utaz\u00e1si tippek \u00e9s tan\u00e1csok<\/p>\r\n<\/li>\r\n<\/ul>\r\n<p data-start=\"4692\" data-end=\"4799\">Ezek a forr\u00e1sok k\u00fcl\u00f6n\u00f6sen hasznosak a sz\u00e1ll\u00e1s, a k\u00f6zleked\u00e9s \u00e9s a szezon\u00e1lis utaz\u00e1sok tervez\u00e9s\u00e9n\u00e9l az Egyes\u00fclt Kir\u00e1lys\u00e1gban.<\/p>\r\n\r\n\r\n<hr data-start=\"4801\" data-end=\"4804\" \/>\r\n\r\n<h2 data-start=\"4806\" data-end=\"4846\">Gyakorlati ellen\u0151rz\u0151 lista utaz\u00e1s el\u0151tt<\/h2>\r\nDeutsche Reisende st\u00f6bern auf dem Stra\u00dfenmarkt in Edinburgh nach handgemachten Souvenirs\r\n<p data-start=\"4848\" data-end=\"4911\">Miel\u0151tt lefoglalja az utaz\u00e1st, gy\u0151z\u0151dj\u00f6n meg r\u00f3la, hogy magabiztosan tud v\u00e1laszolni:<\/p>\r\n\r\n<ul data-start=\"4912\" data-end=\"5080\">\r\n \t<li data-start=\"4912\" data-end=\"4941\">\r\n<p data-start=\"4914\" data-end=\"4941\">Mi az \u00e9n <strong data-start=\"4925\" data-end=\"4940\">nemzetis\u00e9g<\/strong>?<\/p>\r\n<\/li>\r\n \t<li data-start=\"4942\" data-end=\"4978\">\r\n<p data-start=\"4944\" data-end=\"4978\">Sz\u00fcks\u00e9gem van egy <strong data-start=\"4956\" data-end=\"4977\">UK v\u00edzum vagy UK ETA<\/strong>?<\/p>\r\n<\/li>\r\n \t<li data-start=\"4979\" data-end=\"5024\">\r\n<p data-start=\"4981\" data-end=\"5024\">Az \u00edrorsz\u00e1gi v\u00edzumom az al\u00e1bbi felt\u00e9telek szerint van j\u00f3v\u00e1hagyva <strong data-start=\"5015\" data-end=\"5023\">BIVS<\/strong>?<\/p>\r\n<\/li>\r\n \t<li data-start=\"5025\" data-end=\"5080\">\r\n<p data-start=\"5027\" data-end=\"5080\">Csak az \u00edrorsz\u00e1gi v\u00edzumomra t\u00e1maszkodom az Egyes\u00fclt Kir\u00e1lys\u00e1gba val\u00f3 bel\u00e9p\u00e9shez?<\/p>\r\n<\/li>\r\n<\/ul>\r\n<p data-start=\"5082\" data-end=\"5186\">Ha az utols\u00f3 k\u00e9rd\u00e9sre igen a v\u00e1lasz, akkor utaz\u00e1s el\u0151tt alaposan n\u00e9zze \u00e1t az Egyes\u00fclt Kir\u00e1lys\u00e1gba t\u00f6rt\u00e9n\u0151 beutaz\u00e1s szab\u00e1lyait.<\/p>\r\n\r\n\r\n<hr data-start=\"5188\" data-end=\"5191\" \/>\r\n\r\n<h2 data-start=\"5193\" data-end=\"5246\">GYIK - utazhatok az Egyes\u00fclt Kir\u00e1lys\u00e1gba \u00edr v\u00edzummal 2026-ban?<\/h2>\r\n<p data-start=\"5248\" data-end=\"5424\"><strong data-start=\"5248\" data-end=\"5303\">Az \u00edrorsz\u00e1gi v\u00edzummal 2026-ban be lehet-e utazni az Egyes\u00fclt Kir\u00e1lys\u00e1gba?<\/strong><br data-start=\"5303\" data-end=\"5306\" \/>Az \u00edrorsz\u00e1gi v\u00edzum csak \u00cdrorsz\u00e1gra \u00e9rv\u00e9nyes, kiv\u00e9ve, ha azt kifejezetten a brit-\u00edr v\u00edzumrendszer keret\u00e9ben hagyj\u00e1k j\u00f3v\u00e1.<\/p>\r\n<p data-start=\"5426\" data-end=\"5594\"><strong data-start=\"5426\" data-end=\"5480\">Megl\u00e1togathatom az Egyes\u00fclt Kir\u00e1lys\u00e1got \u00cdrorsz\u00e1gb\u00f3l brit v\u00edzum n\u00e9lk\u00fcl?<\/strong><br data-start=\"5480\" data-end=\"5483\" \/>Csak akkor, ha az \u00d6n \u00e1llampolg\u00e1rs\u00e1ga v\u00edzummentes, \u00e9s rendelkezik \u00e9rv\u00e9nyes brit ETA-val, vagy ha \u00edr vagy brit \u00e1llampolg\u00e1r.<\/p>\n\n<figure class=\"wp-block-image size-large\"><img loading=\"lazy\" decoding=\"async\" width=\"1200\" height=\"800\" src=\"https:\/\/visaeta.uk\/wp-content\/uploads\/2026\/04\/etias-q4-launch-british-residents-img-1.jpg\" alt=\"ETIAS Q4 2026 ind\u00edt\u00e1sa: k\u00e9p: Minden, amit a brit lakosoknak tudniuk kell 1. k\u00e9p az utaz\u00e1si kontextusr\u00f3l\" class=\"wp-image-4918\" srcset=\"https:\/\/visaeta.uk\/wp-content\/uploads\/2026\/04\/etias-q4-launch-british-residents-img-1.jpg 1200w, https:\/\/visaeta.uk\/wp-content\/uploads\/2026\/04\/etias-q4-launch-british-residents-img-1-300x200.jpg 300w, https:\/\/visaeta.uk\/wp-content\/uploads\/2026\/04\/etias-q4-launch-british-residents-img-1-1024x683.jpg 1024w, https:\/\/visaeta.uk\/wp-content\/uploads\/2026\/04\/etias-q4-launch-british-residents-img-1-768x512.jpg 768w, https:\/\/visaeta.uk\/wp-content\/uploads\/2026\/04\/etias-q4-launch-british-residents-img-1-18x12.jpg 18w\" sizes=\"auto, (max-width: 1200px) 100vw, 1200px\" \/><\/figure>\n\n\r\n<p data-start=\"5596\" data-end=\"5734\"><strong data-start=\"5596\" data-end=\"5651\">Az \u00cdrorsz\u00e1gb\u00f3l t\u00f6rt\u00e9n\u0151 utaz\u00e1s megv\u00e1ltoztatja az Egyes\u00fclt Kir\u00e1lys\u00e1gba val\u00f3 beutaz\u00e1s szab\u00e1lyait?<\/strong><br data-start=\"5651\" data-end=\"5654\" \/>Nem. Az Egyes\u00fclt Kir\u00e1lys\u00e1g bev\u00e1ndorl\u00e1si k\u00f6vetelm\u00e9nyei att\u00f3l f\u00fcggetlen\u00fcl \u00e9rv\u00e9nyesek, hogy honnan l\u00e9p be az Egyes\u00fclt Kir\u00e1lys\u00e1gba.<\/p>\r\n<p data-start=\"5736\" data-end=\"5886\"><strong data-start=\"5736\" data-end=\"5772\">K\u00f6telez\u0151-e a brit ETA 2026-ban?<\/strong><br data-start=\"5772\" data-end=\"5775\" \/>Sok nemzetis\u00e9g eset\u00e9ben igen. A k\u00f6vetelm\u00e9ny az \u00fatlevel\u00e9t\u0151l f\u00fcgg, nem pedig az \u00edr v\u00edzum\u00e1t\u00f3l vagy tart\u00f3zkod\u00e1si st\u00e1tusz\u00e1t\u00f3l.<\/p>\r\n\r\n\r\n<hr data-start=\"5888\" data-end=\"5891\" \/>\r\n\r\n\n<h2>Hivatalos forr\u00e1sok \u00e9s hivatkoz\u00e1sok<\/h2>\n<p>Ez az \u00fatmutat\u00f3 az Egyes\u00fclt Kir\u00e1lys\u00e1g hivatalos korm\u00e1nyzati forr\u00e1sain alapul. Minden inform\u00e1ci\u00f3 a 2026-os \u00e1llapotnak megfelel\u0151.<\/p>\n<ol>\n<li><a href=\"https:\/\/www.gov.uk\/guidance\/apply-for-an-electronic-travel-authorisation-eta\" target=\"_blank\" rel=\"noopener\">Egyes\u00fclt Kir\u00e1lys\u00e1g korm\u00e1nya - ETA k\u00e9relmez\u00e9se<\/a><\/li>\n<li><a href=\"https:\/\/www.gov.uk\/guidance\/electronic-travel-authorisation-eta\" target=\"_blank\" rel=\"noopener\">Az Egyes\u00fclt Kir\u00e1lys\u00e1g korm\u00e1nya - ETA ir\u00e1nymutat\u00e1s<\/a><\/li>\n<li><a href=\"https:\/\/www.gov.uk\/check-uk-visa\" target=\"_blank\" rel=\"noopener\">Egyes\u00fclt Kir\u00e1lys\u00e1g korm\u00e1nya - Ellen\u0151rizze, hogy sz\u00fcks\u00e9ge van-e brit v\u00edzumra<\/a><\/li>\n<li><a href=\"https:\/\/www.gov.uk\/standard-visitor\" target=\"_blank\" rel=\"noopener\">Egyes\u00fclt Kir\u00e1lys\u00e1g korm\u00e1nya - Standard l\u00e1togat\u00f3<\/a><\/li>\n<li><a href=\"https:\/\/www.visitbritain.com\/en\/plan-your-trip\/getting-to-britain\" target=\"_blank\" rel=\"noopener\">VisitBritain - Utaz\u00e1s Nagy-Britanni\u00e1ba<\/a><\/li>\n<\/ol>\n<h2 data-start=\"5893\" data-end=\"5910\">V\u00e9gs\u0151 gondolatok<\/h2>\r\n<p data-start=\"5912\" data-end=\"6110\">A k\u00e9rd\u00e9s <strong data-start=\"5925\" data-end=\"5973\">utazhatok-e az Egyes\u00fclt Kir\u00e1lys\u00e1gba \u00edrorsz\u00e1gi v\u00edzummal 2026-ban?<\/strong> r\u00e1vil\u00e1g\u00edt egy nagyon gyakori f\u00e9lre\u00e9rt\u00e9sre. B\u00e1r \u00cdrorsz\u00e1g \u00e9s az Egyes\u00fclt Kir\u00e1lys\u00e1g szorosan kapcsol\u00f3dik egym\u00e1shoz, bev\u00e1ndorl\u00e1si rendszereik tov\u00e1bbra is k\u00fcl\u00f6n\u00e1ll\u00f3ak.<\/p>\n<p data-start=\"6112\" data-end=\"6378\">A legt\u00f6bb esetben az \u00edrorsz\u00e1gi v\u00edzum \u00f6nmag\u00e1ban <strong data-start=\"6152\" data-end=\"6166\">nem el\u00e9g<\/strong> az Egyes\u00fclt Kir\u00e1lys\u00e1gba val\u00f3 bel\u00e9p\u00e9shez. Mindig ellen\u0151rizze az Egyes\u00fclt Kir\u00e1lys\u00e1gba val\u00f3 beutaz\u00e1sra vonatkoz\u00f3 k\u00f6vetelm\u00e9nyeket az \u00d6n <strong data-start=\"6233\" data-end=\"6248\">nemzetis\u00e9g<\/strong>, \u00e9s ig\u00e9ny eset\u00e9n el\u0151zetesen ig\u00e9nyeljen brit v\u00edzumot vagy ETA-t. Ez a legbiztons\u00e1gosabb m\u00f3dja annak, hogy elker\u00fclje a visszautas\u00edtott besz\u00e1ll\u00e1st vagy a hat\u00e1ron t\u00f6rt\u00e9n\u0151 visszautas\u00edt\u00e1st.<\/p>\n\n\n<h3 class=\"wp-block-heading\">Utaz\u00e1s \u00cdrorsz\u00e1g \u00e9s az Egyes\u00fclt Kir\u00e1lys\u00e1g k\u00f6z\u00f6tt: A k\u00f6z\u00f6s utaz\u00e1si t\u00e9rs\u00e9g<\/h3>\n\n\n<p>Emellett a k\u00f6z\u00f6s utaz\u00e1si t\u00e9rs\u00e9g (Common Travel Area, CTA) egy r\u00e9g\u00f3ta fenn\u00e1ll\u00f3 meg\u00e1llapod\u00e1s az Egyes\u00fclt Kir\u00e1lys\u00e1g \u00e9s \u00cdrorsz\u00e1g (\u00e9s a koronaf\u00fcgg\u0151s\u00e9gek, k\u00f6zt\u00fck a Man-sziget \u00e9s a Csatorna-szigetek) k\u00f6z\u00f6tt, amely lehet\u0151v\u00e9 teszi a brit \u00e9s \u00edr \u00e1llampolg\u00e1rok sz\u00e1m\u00e1ra, hogy \u00fatlev\u00e9l-ellen\u0151rz\u00e9s n\u00e9lk\u00fcl szabadon mozogjanak a k\u00e9t orsz\u00e1g k\u00f6z\u00f6tt. Ez azt jelenti, hogy a brit \u00e1llampolg\u00e1rok v\u00edzum, ETA vagy hivatalos hat\u00e1rellen\u0151rz\u00e9s n\u00e9lk\u00fcl utazhatnak \u00cdrorsz\u00e1gba, az \u00edr \u00e1llampolg\u00e1rok pedig az Egyes\u00fclt Kir\u00e1lys\u00e1gba. A CTA azonban csak a brit \u00e9s \u00edr \u00e1llampolg\u00e1rokra vonatkozik - m\u00e1s orsz\u00e1gok \u00e1llampolg\u00e1rainak tov\u00e1bbra is k\u00fcl\u00f6n-k\u00fcl\u00f6n kell megfelelni\u00fck az Egyes\u00fclt Kir\u00e1lys\u00e1g \u00e9s \u00cdrorsz\u00e1g beutaz\u00e1si k\u00f6vetelm\u00e9nyeinek.<\/p>\n\n\n<h3 class=\"wp-block-heading\">Sz\u00fcks\u00e9g van-e k\u00fcl\u00f6n v\u00edzumra a nem uni\u00f3s\/nem brit \u00e1llampolg\u00e1roknak \u00cdrorsz\u00e1gba \u00e9s az Egyes\u00fclt Kir\u00e1lys\u00e1gba?<\/h3>\n\n\n<figure class=\"wp-block-image size-large\"><img loading=\"lazy\" decoding=\"async\" width=\"600\" height=\"400\" src=\"https:\/\/visaeta.uk\/wp-content\/uploads\/2025\/12\/Can-I-Visit-Ireland-With-a-UK-Visa-1.webp\" alt=\"L\u00e1togathatok \u00cdrorsz\u00e1gba brit v\u00edzummal \u2013 Teljes 2026-os \u00fatik\u00f6nyv\" class=\"wp-image-1645\" srcset=\"https:\/\/visaeta.uk\/wp-content\/uploads\/2025\/12\/Can-I-Visit-Ireland-With-a-UK-Visa-1.webp 600w, https:\/\/visaeta.uk\/wp-content\/uploads\/2025\/12\/Can-I-Visit-Ireland-With-a-UK-Visa-1-300x200.webp 300w, https:\/\/visaeta.uk\/wp-content\/uploads\/2025\/12\/Can-I-Visit-Ireland-With-a-UK-Visa-1-18x12.webp 18w\" sizes=\"auto, (max-width: 600px) 100vw, 600px\" \/><\/figure>\n\n\n\n<p>Tov\u00e1bb\u00e1, igen. \u00cdrorsz\u00e1g \u00e9s az Egyes\u00fclt Kir\u00e1lys\u00e1g k\u00fcl\u00f6n\u00e1ll\u00f3 orsz\u00e1gok, k\u00fcl\u00f6n bev\u00e1ndorl\u00e1si rendszerrel. A brit v\u00edzum vagy brit ETA nem jogos\u00edt \u00cdrorsz\u00e1gba val\u00f3 bel\u00e9p\u00e9sre, az \u00edr v\u00edzum pedig nem jogos\u00edt az Egyes\u00fclt Kir\u00e1lys\u00e1gba val\u00f3 bel\u00e9p\u00e9sre. Ha olyan kombin\u00e1lt utaz\u00e1st tervez, amely mindk\u00e9t orsz\u00e1got mag\u00e1ban foglalja - p\u00e9ld\u00e1ul Londonba rep\u00fcl, majd Dublinba utazik -, akkor mindk\u00e9t orsz\u00e1gba \u00f6n\u00e1ll\u00f3an \u00e9rv\u00e9nyes beutaz\u00e1si enged\u00e9lyre van sz\u00fcks\u00e9ge. Ellen\u0151rizze \u00cdrorsz\u00e1g hivatalos bev\u00e1ndorl\u00e1si k\u00f6vetelm\u00e9nyeit az irishimmigration.ie oldalon, az Egyes\u00fclt Kir\u00e1lys\u00e1g k\u00f6vetelm\u00e9nyeit pedig a gov.uk\/check-uk-visa oldalon, miel\u0151tt kombin\u00e1lt \u00fatvonalat tervezne.<\/p>\n\n\n<h3 class=\"wp-block-heading\">R\u00f6vid t\u00e1v\u00fa tart\u00f3zkod\u00e1sra jogos\u00edt\u00f3 v\u00edzummentess\u00e9gi program: \u00cdrorsz\u00e1g \u00e9s az Egyes\u00fclt Kir\u00e1lys\u00e1g<\/h3>\n\n\n<p>Ezen t\u00falmen\u0151en \u00cdrorsz\u00e1gban m\u0171k\u00f6dik a r\u00f6vid t\u00e1v\u00fa tart\u00f3zkod\u00e1sra jogos\u00edt\u00f3 v\u00edzummentess\u00e9gi program, amely lehet\u0151v\u00e9 teszi egyes orsz\u00e1gok \u00e9rv\u00e9nyes brit v\u00edzummal rendelkez\u0151 \u00e1llampolg\u00e1rai sz\u00e1m\u00e1ra, hogy \u00cdrorsz\u00e1gba l\u00e1togassanak an\u00e9lk\u00fcl, hogy k\u00fcl\u00f6n \u00edr v\u00edzumot kellene ig\u00e9nyelni\u00fck. Ez egyszer\u0171s\u00edtheti a kombin\u00e1lt brit-\u00edr utaz\u00e1sokat azon \u00e1llampolg\u00e1rok sz\u00e1m\u00e1ra, akiknek mindk\u00e9t orsz\u00e1gba v\u00edzumra van sz\u00fcks\u00e9g\u00fck. Ellen\u0151rizze a r\u00e9szt vev\u0151 orsz\u00e1gok aktu\u00e1lis list\u00e1j\u00e1t az INIS (Irish Naturalisation and Immigration Service - \u00cdr Honos\u00edt\u00e1si \u00e9s Bev\u00e1ndorl\u00e1si Szolg\u00e1lat) weboldal\u00e1n, mivel ez a program k\u00fcl\u00f6nleges k\u00f6vetelm\u00e9nyekkel rendelkezik, \u00e9s elt\u00e9r az Egyes\u00fclt Kir\u00e1lys\u00e1g ETA rendszer\u00e9t\u0151l.<\/p>\n\n\n\n<h3 class=\"wp-block-heading\">\u00d6sszefoglal\u00f3: Az Egyes\u00fclt Kir\u00e1lys\u00e1g \u00e9s \u00cdrorsz\u00e1g beutaz\u00e1si k\u00f6vetelm\u00e9nyei nem uni\u00f3s\/nem brit \u00e1llampolg\u00e1rok sz\u00e1m\u00e1ra<\/h3>\n\n\n<p>Ezenk\u00edv\u00fcl egy olyan utaz\u00e1s tervez\u00e9se, amely az Egyes\u00fclt Kir\u00e1lys\u00e1got \u00e9s \u00cdrorsz\u00e1got is \u00e9rinti, k\u00fcl\u00f6n felk\u00e9sz\u00fcl\u00e9st ig\u00e9nyel az egyes orsz\u00e1gok beutaz\u00e1si k\u00f6vetelm\u00e9nyeire. Jelentkezzen a gov.uk\/eta oldalon az Egyes\u00fclt Kir\u00e1lys\u00e1gban \u00e9rv\u00e9nyes ETA-enged\u00e9ly\u00e9rt, \u00e9s j\u00f3val az utaz\u00e1s id\u0151pontja el\u0151tt ellen\u0151rizze az \u00edr beutaz\u00e1si k\u00f6vetelm\u00e9nyeket az irishimmigration.ie oldalon. Ne feledje, hogy \u00cdrorsz\u00e1g r\u00f6vid t\u00e1v\u00fa tart\u00f3zkod\u00e1sra jogos\u00edt\u00f3 v\u00edzummentess\u00e9gi programja egyszer\u0171s\u00edtheti a dolgokat, ha m\u00e1r rendelkezik \u00e9rv\u00e9nyes brit v\u00edzummal, de ez a program nem vonatkozik a brit ETA-tulajdonosokra - ez kifejezetten a brit v\u00edzummal rendelkez\u0151kre vonatkozik. A v\u00edzummentess\u00e9gi meg\u00e1llapod\u00e1sok aktu\u00e1lis st\u00e1tusz\u00e1t mindig k\u00f6zvetlen\u00fcl az illet\u00e9kes bev\u00e1ndorl\u00e1si hat\u00f3s\u00e1gn\u00e1l kell ellen\u0151rizni, mivel a programok \u00e9s a jogosults\u00e1gok v\u00e1ltozhatnak. A megfelel\u0151 dokument\u00e1ci\u00f3val egy kombin\u00e1lt brit-\u00edrorsz\u00e1gi utaz\u00e1s teljesen egyszer\u0171 \u00e9s rendk\u00edv\u00fcl kifizet\u0151d\u0151.<\/p>\n\n\n\n<p>Ez\u00e9rt ha ugyanazon utaz\u00e1s sor\u00e1n az Egyes\u00fclt Kir\u00e1lys\u00e1gba \u00e9s az \u00cdr K\u00f6zt\u00e1rsas\u00e1gba is ell\u00e1togat, gondosan tervezze meg \u00fatiterv\u00e9t, hogy mindk\u00e9t orsz\u00e1gba \u00e9rv\u00e9nyes okm\u00e1nyokkal l\u00e9pjen be. A London Heathrow rep\u00fcl\u0151t\u00e9rre val\u00f3 rep\u00fcl\u00e9s \u00e9s a Dublinb\u00f3l val\u00f3 kiutaz\u00e1s p\u00e9ld\u00e1ul n\u00e9pszer\u0171 \u00e9s egyszer\u0171 megold\u00e1s - az Egyes\u00fclt Kir\u00e1lys\u00e1gban val\u00f3 tart\u00f3zkod\u00e1shoz csup\u00e1n egy brit ETA-re van sz\u00fcks\u00e9ge, az \u00edrorsz\u00e1gi tart\u00f3zkod\u00e1shoz pedig megfelel\u0151 \u00edr beutaz\u00e1si okm\u00e1nyokra. Sok utaz\u00f3 \u00fagy d\u00f6nt, hogy el\u0151sz\u00f6r az Egyes\u00fclt Kir\u00e1lys\u00e1gba l\u00e9p be (hosszabb, legfeljebb 6 h\u00f3napos ETA-jogosult tart\u00f3zkod\u00e1s), felfedezi Angli\u00e1t \u00e9s Sk\u00f3ci\u00e1t, majd kompon vagy r\u00f6vid rep\u00fcl\u0151\u00faton utazik \u00cdrorsz\u00e1gba az utaz\u00e1s utols\u00f3 szakasz\u00e1ra. Ha mindk\u00e9t orsz\u00e1gra megfelel\u0151 dokument\u00e1ci\u00f3val rendelkezik, ez a kombin\u00e1lt \u00fatvonal kiv\u00e9telesen sokf\u00e9le \u00e9lm\u00e9nyt k\u00edn\u00e1l a Brit-szigeteken.<\/p>","protected":false},"excerpt":{"rendered":"<p>If you currently live in Ireland or hold an Irish visa, you may be asking yourself: can i travel to uk with ireland visa in 2026? This is a very common question, especially as UK entry rules continue to change and new requirements such as the UK ETA become standard. Related: Can I Travel to [&hellip;]<\/p>\n","protected":false},"author":1,"featured_media":4914,"comment_status":"open","ping_status":"open","sticky":false,"template":"","format":"standard","meta":{"site-sidebar-layout":"default","site-content-layout":"","ast-site-content-layout":"default","site-content-style":"default","site-sidebar-style":"default","ast-global-header-display":"","ast-banner-title-visibility":"","ast-main-header-display":"","ast-hfb-above-header-display":"","ast-hfb-below-header-display":"","ast-hfb-mobile-header-display":"","site-post-title":"","ast-breadcrumbs-content":"","ast-featured-img":"","footer-sml-layout":"","theme-transparent-header-meta":"default","adv-header-id-meta":"","stick-header-meta":"","header-above-stick-meta":"","header-main-stick-meta":"","header-below-stick-meta":"","astra-migrate-meta-layouts":"set","ast-page-background-enabled":"default","ast-page-background-meta":{"desktop":{"background-color":"var(--ast-global-color-4)","background-image":"","background-repeat":"repeat","background-position":"center center","background-size":"auto","background-attachment":"scroll","background-type":"","background-media":"","overlay-type":"","overlay-color":"","overlay-opacity":"","overlay-gradient":""},"tablet":{"background-color":"","background-image":"","background-repeat":"repeat","background-position":"center center","background-size":"auto","background-attachment":"scroll","background-type":"","background-media":"","overlay-type":"","overlay-color":"","overlay-opacity":"","overlay-gradient":""},"mobile":{"background-color":"","background-image":"","background-repeat":"repeat","background-position":"center center","background-size":"auto","background-attachment":"scroll","background-type":"","background-media":"","overlay-type":"","overlay-color":"","overlay-opacity":"","overlay-gradient":""}},"ast-content-background-meta":{"desktop":{"background-color":"var(--ast-global-color-5)","background-image":"","background-repeat":"repeat","background-position":"center center","background-size":"auto","background-attachment":"scroll","background-type":"","background-media":"","overlay-type":"","overlay-color":"","overlay-opacity":"","overlay-gradient":""},"tablet":{"background-color":"var(--ast-global-color-5)","background-image":"","background-repeat":"repeat","background-position":"center center","background-size":"auto","background-attachment":"scroll","background-type":"","background-media":"","overlay-type":"","overlay-color":"","overlay-opacity":"","overlay-gradient":""},"mobile":{"background-color":"var(--ast-global-color-5)","background-image":"","background-repeat":"repeat","background-position":"center center","background-size":"auto","background-attachment":"scroll","background-type":"","background-media":"","overlay-type":"","overlay-color":"","overlay-opacity":"","overlay-gradient":""}},"footnotes":""},"categories":[12,130],"tags":[137,140,133,139,136],"class_list":["post-1700","post","type-post","status-publish","format-standard","has-post-thumbnail","hentry","category-blog","category-uk-eta-travel-types","tag-eta-requirements","tag-geo-optimized","tag-uk-eta-2026","tag-uk-travel","tag-uk-visa"],"yoast_head":"<!-- This site is optimized with the Yoast SEO plugin v27.8 - https:\/\/yoast.com\/product\/yoast-seo-wordpress\/ -->\n<title>Can I Travel to UK With Ireland Visa in 2026 \u2013 Rules Explained<\/title>\n<meta name=\"description\" content=\"Can I travel to UK with Ireland visa in 2026? Learn who can enter the UK, when a visa or ETA is required, and what exceptions apply.\" \/>\n<meta name=\"robots\" content=\"index, follow, max-snippet:-1, max-image-preview:large, max-video-preview:-1\" \/>\n<link rel=\"canonical\" href=\"https:\/\/visaeta.uk\/hu\/blog\/can-i-travel-to-uk-with-ireland-visa-in-2026\/\" \/>\n<meta property=\"og:locale\" content=\"hu_HU\" \/>\n<meta property=\"og:type\" content=\"article\" \/>\n<meta property=\"og:title\" content=\"Can I Travel to UK With Ireland Visa in 2026 \u2013 Rules Explained\" \/>\n<meta property=\"og:description\" content=\"Can I travel to UK with Ireland visa in 2026? Learn who can enter the UK, when a visa or ETA is required, and what exceptions apply.\" \/>\n<meta property=\"og:url\" content=\"https:\/\/visaeta.uk\/hu\/blog\/can-i-travel-to-uk-with-ireland-visa-in-2026\/\" \/>\n<meta property=\"og:site_name\" content=\"ETA VISA UK\" \/>\n<meta property=\"article:published_time\" content=\"2026-01-20T06:05:33+00:00\" \/>\n<meta property=\"article:modified_time\" content=\"2026-05-16T10:12:08+00:00\" \/>\n<meta property=\"og:image\" content=\"https:\/\/visaeta.uk\/wp-content\/uploads\/2026\/04\/etias-q4-launch-british-residents-img-2.jpg\" \/>\n\t<meta property=\"og:image:width\" content=\"1200\" \/>\n\t<meta property=\"og:image:height\" content=\"900\" \/>\n\t<meta property=\"og:image:type\" content=\"image\/jpeg\" \/>\n<meta name=\"author\" content=\"VisaETA Editorial Team\" \/>\n<meta name=\"twitter:card\" content=\"summary_large_image\" \/>\n<meta name=\"twitter:label1\" content=\"Szerz\u0151:\" \/>\n\t<meta name=\"twitter:data1\" content=\"VisaETA Editorial Team\" \/>\n\t<meta name=\"twitter:label2\" content=\"Becs\u00fclt olvas\u00e1si id\u0151\" \/>\n\t<meta name=\"twitter:data2\" content=\"6 perc\" \/>\n<script type=\"application\/ld+json\" class=\"yoast-schema-graph\">{\"@context\":\"https:\\\/\\\/schema.org\",\"@graph\":[{\"@type\":\"Article\",\"@id\":\"https:\\\/\\\/visaeta.uk\\\/blog\\\/can-i-travel-to-uk-with-ireland-visa-in-2026\\\/#article\",\"isPartOf\":{\"@id\":\"https:\\\/\\\/visaeta.uk\\\/blog\\\/can-i-travel-to-uk-with-ireland-visa-in-2026\\\/\"},\"author\":{\"name\":\"VisaETA Editorial Team\",\"@id\":\"https:\\\/\\\/visaeta.uk\\\/#\\\/schema\\\/person\\\/81b5965766d02d43333b31730f5fa1c3\"},\"headline\":\"Can i travel to uk with ireland visa in 2026: What travellers need to know\",\"datePublished\":\"2026-01-20T06:05:33+00:00\",\"dateModified\":\"2026-05-16T10:12:08+00:00\",\"mainEntityOfPage\":{\"@id\":\"https:\\\/\\\/visaeta.uk\\\/blog\\\/can-i-travel-to-uk-with-ireland-visa-in-2026\\\/\"},\"wordCount\":1658,\"commentCount\":0,\"publisher\":{\"@id\":\"https:\\\/\\\/visaeta.uk\\\/#organization\"},\"image\":{\"@id\":\"https:\\\/\\\/visaeta.uk\\\/blog\\\/can-i-travel-to-uk-with-ireland-visa-in-2026\\\/#primaryimage\"},\"thumbnailUrl\":\"https:\\\/\\\/visaeta.uk\\\/wp-content\\\/uploads\\\/2026\\\/04\\\/etias-q4-launch-british-residents-img-2.jpg\",\"keywords\":[\"ETA Requirements\",\"GEO Optimized\",\"UK ETA 2026\",\"UK Travel\",\"UK Visa\"],\"articleSection\":[\"BLOG\",\"UK ETA Travel Types\"],\"inLanguage\":\"hu\",\"potentialAction\":[{\"@type\":\"CommentAction\",\"name\":\"Comment\",\"target\":[\"https:\\\/\\\/visaeta.uk\\\/blog\\\/can-i-travel-to-uk-with-ireland-visa-in-2026\\\/#respond\"]}]},{\"@type\":\"WebPage\",\"@id\":\"https:\\\/\\\/visaeta.uk\\\/blog\\\/can-i-travel-to-uk-with-ireland-visa-in-2026\\\/\",\"url\":\"https:\\\/\\\/visaeta.uk\\\/blog\\\/can-i-travel-to-uk-with-ireland-visa-in-2026\\\/\",\"name\":\"Can I Travel to UK With Ireland Visa in 2026 \u2013 Rules Explained\",\"isPartOf\":{\"@id\":\"https:\\\/\\\/visaeta.uk\\\/#website\"},\"primaryImageOfPage\":{\"@id\":\"https:\\\/\\\/visaeta.uk\\\/blog\\\/can-i-travel-to-uk-with-ireland-visa-in-2026\\\/#primaryimage\"},\"image\":{\"@id\":\"https:\\\/\\\/visaeta.uk\\\/blog\\\/can-i-travel-to-uk-with-ireland-visa-in-2026\\\/#primaryimage\"},\"thumbnailUrl\":\"https:\\\/\\\/visaeta.uk\\\/wp-content\\\/uploads\\\/2026\\\/04\\\/etias-q4-launch-british-residents-img-2.jpg\",\"datePublished\":\"2026-01-20T06:05:33+00:00\",\"dateModified\":\"2026-05-16T10:12:08+00:00\",\"description\":\"Can I travel to UK with Ireland visa in 2026? Learn who can enter the UK, when a visa or ETA is required, and what exceptions apply.\",\"breadcrumb\":{\"@id\":\"https:\\\/\\\/visaeta.uk\\\/blog\\\/can-i-travel-to-uk-with-ireland-visa-in-2026\\\/#breadcrumb\"},\"inLanguage\":\"hu\",\"potentialAction\":[{\"@type\":\"ReadAction\",\"target\":[\"https:\\\/\\\/visaeta.uk\\\/blog\\\/can-i-travel-to-uk-with-ireland-visa-in-2026\\\/\"]}]},{\"@type\":\"ImageObject\",\"inLanguage\":\"hu\",\"@id\":\"https:\\\/\\\/visaeta.uk\\\/blog\\\/can-i-travel-to-uk-with-ireland-visa-in-2026\\\/#primaryimage\",\"url\":\"https:\\\/\\\/visaeta.uk\\\/wp-content\\\/uploads\\\/2026\\\/04\\\/etias-q4-launch-british-residents-img-2.jpg\",\"contentUrl\":\"https:\\\/\\\/visaeta.uk\\\/wp-content\\\/uploads\\\/2026\\\/04\\\/etias-q4-launch-british-residents-img-2.jpg\",\"width\":1200,\"height\":900,\"caption\":\"Verified documents save time at the border.\"},{\"@type\":\"BreadcrumbList\",\"@id\":\"https:\\\/\\\/visaeta.uk\\\/blog\\\/can-i-travel-to-uk-with-ireland-visa-in-2026\\\/#breadcrumb\",\"itemListElement\":[{\"@type\":\"ListItem\",\"position\":1,\"name\":\"Home\",\"item\":\"https:\\\/\\\/visaeta.uk\\\/\"},{\"@type\":\"ListItem\",\"position\":2,\"name\":\"Can i travel to uk with ireland visa in 2026: What travellers need to know\"}]},{\"@type\":\"WebSite\",\"@id\":\"https:\\\/\\\/visaeta.uk\\\/#website\",\"url\":\"https:\\\/\\\/visaeta.uk\\\/\",\"name\":\"ETA VISA TO THE GREAT BRITAIN - UK\",\"description\":\"\",\"publisher\":{\"@id\":\"https:\\\/\\\/visaeta.uk\\\/#organization\"},\"alternateName\":\"ETA visa to the UK\",\"potentialAction\":[{\"@type\":\"SearchAction\",\"target\":{\"@type\":\"EntryPoint\",\"urlTemplate\":\"https:\\\/\\\/visaeta.uk\\\/?s={search_term_string}\"},\"query-input\":{\"@type\":\"PropertyValueSpecification\",\"valueRequired\":true,\"valueName\":\"search_term_string\"}}],\"inLanguage\":\"hu\"},{\"@type\":\"Organization\",\"@id\":\"https:\\\/\\\/visaeta.uk\\\/#organization\",\"name\":\"ETA VISA UK\",\"url\":\"https:\\\/\\\/visaeta.uk\\\/\",\"logo\":{\"@type\":\"ImageObject\",\"inLanguage\":\"hu\",\"@id\":\"https:\\\/\\\/visaeta.uk\\\/#\\\/schema\\\/logo\\\/image\\\/\",\"url\":\"https:\\\/\\\/visaeta.uk\\\/wp-content\\\/uploads\\\/2023\\\/11\\\/cropped-ETA-UK-2.png\",\"contentUrl\":\"https:\\\/\\\/visaeta.uk\\\/wp-content\\\/uploads\\\/2023\\\/11\\\/cropped-ETA-UK-2.png\",\"width\":269,\"height\":53,\"caption\":\"ETA VISA UK\"},\"image\":{\"@id\":\"https:\\\/\\\/visaeta.uk\\\/#\\\/schema\\\/logo\\\/image\\\/\"}},{\"@type\":\"Person\",\"@id\":\"https:\\\/\\\/visaeta.uk\\\/#\\\/schema\\\/person\\\/81b5965766d02d43333b31730f5fa1c3\",\"name\":\"VisaETA Editorial Team\",\"image\":{\"@type\":\"ImageObject\",\"inLanguage\":\"hu\",\"@id\":\"https:\\\/\\\/secure.gravatar.com\\\/avatar\\\/77324b0d1ba9a1c5a0b04ea41b2c3f26d5e8eefd0ee6b4f256de4805c6ebd71c?s=96&d=mm&r=g\",\"url\":\"https:\\\/\\\/secure.gravatar.com\\\/avatar\\\/77324b0d1ba9a1c5a0b04ea41b2c3f26d5e8eefd0ee6b4f256de4805c6ebd71c?s=96&d=mm&r=g\",\"contentUrl\":\"https:\\\/\\\/secure.gravatar.com\\\/avatar\\\/77324b0d1ba9a1c5a0b04ea41b2c3f26d5e8eefd0ee6b4f256de4805c6ebd71c?s=96&d=mm&r=g\",\"caption\":\"VisaETA Editorial Team\"},\"sameAs\":[\"http:\\\/\\\/visaeta.uk\"],\"url\":\"https:\\\/\\\/visaeta.uk\\\/hu\\\/author\\\/admin\\\/\"}]}<\/script>\n<!-- \/ Yoast SEO plugin. -->","yoast_head_json":{"title":"Utazhatok-e az Egyes\u00fclt Kir\u00e1lys\u00e1gba 2026-ban \u00edr v\u00edzummal - magyar\u00e1zat a szab\u00e1lyokra","description":"Utazhatok-e az Egyes\u00fclt Kir\u00e1lys\u00e1gba 2026-ban \u00edrorsz\u00e1gi v\u00edzummal? Tudja meg, hogy ki utazhat be az Egyes\u00fclt Kir\u00e1lys\u00e1gba, mikor van sz\u00fcks\u00e9g v\u00edzumra vagy ETA-ra, \u00e9s milyen kiv\u00e9telek vonatkoznak.","robots":{"index":"index","follow":"follow","max-snippet":"max-snippet:-1","max-image-preview":"max-image-preview:large","max-video-preview":"max-video-preview:-1"},"canonical":"https:\/\/visaeta.uk\/hu\/blog\/can-i-travel-to-uk-with-ireland-visa-in-2026\/","og_locale":"hu_HU","og_type":"article","og_title":"Can I Travel to UK With Ireland Visa in 2026 \u2013 Rules Explained","og_description":"Can I travel to UK with Ireland visa in 2026? Learn who can enter the UK, when a visa or ETA is required, and what exceptions apply.","og_url":"https:\/\/visaeta.uk\/hu\/blog\/can-i-travel-to-uk-with-ireland-visa-in-2026\/","og_site_name":"ETA VISA UK","article_published_time":"2026-01-20T06:05:33+00:00","article_modified_time":"2026-05-16T10:12:08+00:00","og_image":[{"width":1200,"height":900,"url":"https:\/\/visaeta.uk\/wp-content\/uploads\/2026\/04\/etias-q4-launch-british-residents-img-2.jpg","type":"image\/jpeg"}],"author":"VisaETA Editorial Team","twitter_card":"summary_large_image","twitter_misc":{"Szerz\u0151:":"VisaETA Editorial Team","Becs\u00fclt olvas\u00e1si id\u0151":"6 perc"},"schema":{"@context":"https:\/\/schema.org","@graph":[{"@type":"Article","@id":"https:\/\/visaeta.uk\/blog\/can-i-travel-to-uk-with-ireland-visa-in-2026\/#article","isPartOf":{"@id":"https:\/\/visaeta.uk\/blog\/can-i-travel-to-uk-with-ireland-visa-in-2026\/"},"author":{"name":"VisaETA Editorial Team","@id":"https:\/\/visaeta.uk\/#\/schema\/person\/81b5965766d02d43333b31730f5fa1c3"},"headline":"Can i travel to uk with ireland visa in 2026: What travellers need to know","datePublished":"2026-01-20T06:05:33+00:00","dateModified":"2026-05-16T10:12:08+00:00","mainEntityOfPage":{"@id":"https:\/\/visaeta.uk\/blog\/can-i-travel-to-uk-with-ireland-visa-in-2026\/"},"wordCount":1658,"commentCount":0,"publisher":{"@id":"https:\/\/visaeta.uk\/#organization"},"image":{"@id":"https:\/\/visaeta.uk\/blog\/can-i-travel-to-uk-with-ireland-visa-in-2026\/#primaryimage"},"thumbnailUrl":"https:\/\/visaeta.uk\/wp-content\/uploads\/2026\/04\/etias-q4-launch-british-residents-img-2.jpg","keywords":["ETA Requirements","GEO Optimized","UK ETA 2026","UK Travel","UK Visa"],"articleSection":["BLOG","UK ETA Travel Types"],"inLanguage":"hu","potentialAction":[{"@type":"CommentAction","name":"Comment","target":["https:\/\/visaeta.uk\/blog\/can-i-travel-to-uk-with-ireland-visa-in-2026\/#respond"]}]},{"@type":"WebPage","@id":"https:\/\/visaeta.uk\/blog\/can-i-travel-to-uk-with-ireland-visa-in-2026\/","url":"https:\/\/visaeta.uk\/blog\/can-i-travel-to-uk-with-ireland-visa-in-2026\/","name":"Utazhatok-e az Egyes\u00fclt Kir\u00e1lys\u00e1gba 2026-ban \u00edr v\u00edzummal - magyar\u00e1zat a szab\u00e1lyokra","isPartOf":{"@id":"https:\/\/visaeta.uk\/#website"},"primaryImageOfPage":{"@id":"https:\/\/visaeta.uk\/blog\/can-i-travel-to-uk-with-ireland-visa-in-2026\/#primaryimage"},"image":{"@id":"https:\/\/visaeta.uk\/blog\/can-i-travel-to-uk-with-ireland-visa-in-2026\/#primaryimage"},"thumbnailUrl":"https:\/\/visaeta.uk\/wp-content\/uploads\/2026\/04\/etias-q4-launch-british-residents-img-2.jpg","datePublished":"2026-01-20T06:05:33+00:00","dateModified":"2026-05-16T10:12:08+00:00","description":"Utazhatok-e az Egyes\u00fclt Kir\u00e1lys\u00e1gba 2026-ban \u00edrorsz\u00e1gi v\u00edzummal? Tudja meg, hogy ki utazhat be az Egyes\u00fclt Kir\u00e1lys\u00e1gba, mikor van sz\u00fcks\u00e9g v\u00edzumra vagy ETA-ra, \u00e9s milyen kiv\u00e9telek vonatkoznak.","breadcrumb":{"@id":"https:\/\/visaeta.uk\/blog\/can-i-travel-to-uk-with-ireland-visa-in-2026\/#breadcrumb"},"inLanguage":"hu","potentialAction":[{"@type":"ReadAction","target":["https:\/\/visaeta.uk\/blog\/can-i-travel-to-uk-with-ireland-visa-in-2026\/"]}]},{"@type":"ImageObject","inLanguage":"hu","@id":"https:\/\/visaeta.uk\/blog\/can-i-travel-to-uk-with-ireland-visa-in-2026\/#primaryimage","url":"https:\/\/visaeta.uk\/wp-content\/uploads\/2026\/04\/etias-q4-launch-british-residents-img-2.jpg","contentUrl":"https:\/\/visaeta.uk\/wp-content\/uploads\/2026\/04\/etias-q4-launch-british-residents-img-2.jpg","width":1200,"height":900,"caption":"Verified documents save time at the border."},{"@type":"BreadcrumbList","@id":"https:\/\/visaeta.uk\/blog\/can-i-travel-to-uk-with-ireland-visa-in-2026\/#breadcrumb","itemListElement":[{"@type":"ListItem","position":1,"name":"Home","item":"https:\/\/visaeta.uk\/"},{"@type":"ListItem","position":2,"name":"Can i travel to uk with ireland visa in 2026: What travellers need to know"}]},{"@type":"WebSite","@id":"https:\/\/visaeta.uk\/#website","url":"https:\/\/visaeta.uk\/","name":"ETA V\u00cdZUM NAGY-BRITANNI\u00c1BA - UK","description":"","publisher":{"@id":"https:\/\/visaeta.uk\/#organization"},"alternateName":"ETA visa to the UK","potentialAction":[{"@type":"SearchAction","target":{"@type":"EntryPoint","urlTemplate":"https:\/\/visaeta.uk\/?s={search_term_string}"},"query-input":{"@type":"PropertyValueSpecification","valueRequired":true,"valueName":"search_term_string"}}],"inLanguage":"hu"},{"@type":"Organization","@id":"https:\/\/visaeta.uk\/#organization","name":"ETA v\u00edzum Egyes\u00fclt Kir\u00e1lys\u00e1g","url":"https:\/\/visaeta.uk\/","logo":{"@type":"ImageObject","inLanguage":"hu","@id":"https:\/\/visaeta.uk\/#\/schema\/logo\/image\/","url":"https:\/\/visaeta.uk\/wp-content\/uploads\/2023\/11\/cropped-ETA-UK-2.png","contentUrl":"https:\/\/visaeta.uk\/wp-content\/uploads\/2023\/11\/cropped-ETA-UK-2.png","width":269,"height":53,"caption":"ETA VISA UK"},"image":{"@id":"https:\/\/visaeta.uk\/#\/schema\/logo\/image\/"}},{"@type":"Person","@id":"https:\/\/visaeta.uk\/#\/schema\/person\/81b5965766d02d43333b31730f5fa1c3","name":"VisaETA Szerkeszt\u0151s\u00e9g","image":{"@type":"ImageObject","inLanguage":"hu","@id":"https:\/\/secure.gravatar.com\/avatar\/77324b0d1ba9a1c5a0b04ea41b2c3f26d5e8eefd0ee6b4f256de4805c6ebd71c?s=96&d=mm&r=g","url":"https:\/\/secure.gravatar.com\/avatar\/77324b0d1ba9a1c5a0b04ea41b2c3f26d5e8eefd0ee6b4f256de4805c6ebd71c?s=96&d=mm&r=g","contentUrl":"https:\/\/secure.gravatar.com\/avatar\/77324b0d1ba9a1c5a0b04ea41b2c3f26d5e8eefd0ee6b4f256de4805c6ebd71c?s=96&d=mm&r=g","caption":"VisaETA Editorial Team"},"sameAs":["http:\/\/visaeta.uk"],"url":"https:\/\/visaeta.uk\/hu\/author\/admin\/"}]}},"_links":{"self":[{"href":"https:\/\/visaeta.uk\/hu\/wp-json\/wp\/v2\/posts\/1700","targetHints":{"allow":["GET"]}}],"collection":[{"href":"https:\/\/visaeta.uk\/hu\/wp-json\/wp\/v2\/posts"}],"about":[{"href":"https:\/\/visaeta.uk\/hu\/wp-json\/wp\/v2\/types\/post"}],"author":[{"embeddable":true,"href":"https:\/\/visaeta.uk\/hu\/wp-json\/wp\/v2\/users\/1"}],"replies":[{"embeddable":true,"href":"https:\/\/visaeta.uk\/hu\/wp-json\/wp\/v2\/comments?post=1700"}],"version-history":[{"count":13,"href":"https:\/\/visaeta.uk\/hu\/wp-json\/wp\/v2\/posts\/1700\/revisions"}],"predecessor-version":[{"id":5995,"href":"https:\/\/visaeta.uk\/hu\/wp-json\/wp\/v2\/posts\/1700\/revisions\/5995"}],"wp:featuredmedia":[{"embeddable":true,"href":"https:\/\/visaeta.uk\/hu\/wp-json\/wp\/v2\/media\/4914"}],"wp:attachment":[{"href":"https:\/\/visaeta.uk\/hu\/wp-json\/wp\/v2\/media?parent=1700"}],"wp:term":[{"taxonomy":"category","embeddable":true,"href":"https:\/\/visaeta.uk\/hu\/wp-json\/wp\/v2\/categories?post=1700"},{"taxonomy":"post_tag","embeddable":true,"href":"https:\/\/visaeta.uk\/hu\/wp-json\/wp\/v2\/tags?post=1700"}],"curies":[{"name":"wp","href":"https:\/\/api.w.org\/{rel}","templated":true}]}}