{"id":1782,"date":"2026-02-19T09:00:00","date_gmt":"2026-02-19T08:00:00","guid":{"rendered":"https:\/\/visaeta.uk\/?p=1782"},"modified":"2026-05-16T11:13:01","modified_gmt":"2026-05-16T10:13:01","slug":"uk-eta-foto-kovetelmenyek-2026","status":"publish","type":"post","link":"https:\/\/visaeta.uk\/hu\/blog\/uk-eta-photo-requirements-2026\/","title":{"rendered":"UK ETA Photo Requirements 2026: Teljes \u00fatmutat\u00f3 a helyes f\u00e9nyk\u00e9pez\u00e9shez"},"content":{"rendered":"<p><strong>Az Egyes\u00fclt Kir\u00e1lys\u00e1gban k\u00e9sz\u00fclt ETA-fot\u00f3 helyes elk\u00e9sz\u00edt\u00e9se elengedhetetlen a sikeres alkalmaz\u00e1shoz.<\/strong> A brit ETA k\u00e9sedelmek \u00e9s elutas\u00edt\u00e1sok egyik leggyakoribb oka az, hogy a f\u00e9nyk\u00e9p nem felel meg az el\u0151\u00edrt szabv\u00e1nyoknak. Ez az \u00e1tfog\u00f3 \u00fatmutat\u00f3 elmagyar\u00e1zza a 2026-ra vonatkoz\u00f3 pontos brit ETA-fot\u00f3 k\u00f6vetelm\u00e9nyeit, bele\u00e9rtve a m\u00e9reteket, a h\u00e1tteret, a megvil\u00e1g\u00edt\u00e1st \u00e9s azt, hogyan k\u00e9sz\u00edtsen t\u00f6k\u00e9letes f\u00e9nyk\u00e9pet okostelefonj\u00e1val.<\/p>\n<div style=\"background:#f0f7ff;border-left:4px solid #1a73e8;padding:16px 20px;margin:24px 0;border-radius:0 8px 8px 0;\">\n<strong>\ud83d\udccb A legfontosabb tudnival\u00f3k<\/strong><\/p>\n<ul style=\"margin:8px 0 0 0;\">\n<li>A f\u00e9nyk\u00e9pen a k\u00f6vetkez\u0151nek kell szerepelnie <strong>tiszta, el\u00f6ln\u00e9zet\u0171 kil\u00e1t\u00e1s<\/strong> az eg\u00e9sz arcodat<\/li>\n<li>Haszn\u00e1ljon <strong>egysz\u00edn\u0171, vil\u00e1gos h\u00e1tt\u00e9r<\/strong> (feh\u00e9r vagy t\u00f6rtfeh\u00e9r)<\/li>\n<li>Vegye le a szem\u00fcveget, kalapot \u00e9s fejfed\u0151t (kiv\u00e9ve, ha vall\u00e1sos).<\/li>\n<li>Az Egyes\u00fclt Kir\u00e1lys\u00e1g ETA applik\u00e1ci\u00f3ja <strong>be\u00e9p\u00edtett kamera<\/strong> ami vezet t\u00e9ged<\/li>\n<li>A f\u00e9nyk\u00e9peknek a k\u00f6vetkez\u0151nek kell lenni\u00fck <strong>a k\u00f6zelm\u00faltban<\/strong> (az elm\u00falt 6 h\u00f3napban k\u00e9sz\u00fclt)<\/li>\n<\/ul>\n<\/div>\n<figure style=\"margin:24px 0;\">\n<figcaption style=\"font-size:0.9em;color:#666;margin-top:8px;\">Az Egyes\u00fclt Kir\u00e1lys\u00e1gban az ETA-fot\u00f3kra vonatkoz\u00f3 k\u00f6vetelm\u00e9nyek teljes\u00edt\u00e9se elengedhetetlen a z\u00f6kken\u0151mentes k\u00e9relmez\u00e9si folyamathoz.<\/figcaption><\/figure>\n<h2 id=\"official-requirements\">Hivatalos brit ETA f\u00e9nyk\u00e9pk\u00f6vetelm\u00e9nyek<\/h2>\n<p>Az Egyes\u00fclt Kir\u00e1lys\u00e1g Bel\u00fcgyminiszt\u00e9riuma k\u00fcl\u00f6nleges k\u00f6vetelm\u00e9nyeket t\u00e1maszt az ETA-k\u00e9relemmel egy\u00fctt beny\u00fajtott f\u00e9nyk\u00e9pekkel szemben. Tov\u00e1bb\u00e1, ak\u00e1r az Egyes\u00fclt Kir\u00e1lys\u00e1g ETA-alkalmaz\u00e1s\u00e1nak haszn\u00e1lat\u00e1val k\u00e9sz\u00edti a f\u00e9nyk\u00e9pet, ak\u00e1r a gov.uk weboldalon kereszt\u00fcl t\u00f6lti fel, a k\u00e9pnek meg kell felelnie az al\u00e1bbi el\u0151\u00edr\u00e1soknak:<\/p>\n<p><strong>Kulcsfontoss\u00e1g\u00fa t\u00e9ny:<\/strong> Az Egyes\u00fclt Kir\u00e1lys\u00e1gban az ETA 20 fontba ker\u00fcl k\u00e9relemenk\u00e9nt, 2 \u00e9vig vagy az \u00fatlev\u00e9l lej\u00e1rt\u00e1ig \u00e9rv\u00e9nyes, \u00e9s korl\u00e1tlan sz\u00e1m\u00fa, egyenk\u00e9nt legfeljebb 6 h\u00f3napos l\u00e1togat\u00e1st tesz lehet\u0151v\u00e9. A 48 jogosult orsz\u00e1g \u00e1llampolg\u00e1rainak utaz\u00e1sa el\u0151tt ETA-t kell szerezni\u00fck (Forr\u00e1s: <a href=\"https:\/\/www.gov.uk\/guidance\/apply-for-an-electronic-travel-authorisation-eta\" target=\"_blank\" rel=\"noopener\">GOV.UK<\/a>).<\/p>\n\n<figure class=\"wp-block-image size-large\"><img loading=\"lazy\" decoding=\"async\" width=\"600\" height=\"419\" src=\"https:\/\/visaeta.uk\/wp-content\/uploads\/2024\/07\/depositphotos_11536028-stock-photo-red-double-decker-for-parliament.webp\" alt=\"UK ETA Photo Requirements 2026: Complete Guide to Getting Your Photo Right travel image (Egyes\u00fclt Kir\u00e1lys\u00e1g ETA fot\u00f3k\u00f6vetelm\u00e9nyek 2026: Teljes \u00fatmutat\u00f3 a helyes fot\u00f3 elk\u00e9sz\u00edt\u00e9s\u00e9hez)\" class=\"wp-image-119\" srcset=\"https:\/\/visaeta.uk\/wp-content\/uploads\/2024\/07\/depositphotos_11536028-stock-photo-red-double-decker-for-parliament.webp 600w, https:\/\/visaeta.uk\/wp-content\/uploads\/2024\/07\/depositphotos_11536028-stock-photo-red-double-decker-for-parliament-300x210.webp 300w\" sizes=\"auto, (max-width: 600px) 100vw, 600px\" \/><\/figure>\n\n<table style=\"width:100%;border-collapse:collapse;margin:20px 0;\">\n<thead>\n<tr style=\"background:#1a237e;color:#fff;\">\n<th style=\"padding:12px;text-align:left;\">K\u00f6vetelm\u00e9ny<\/th>\n<th style=\"padding:12px;text-align:left;\">Specifik\u00e1ci\u00f3<\/th>\n<\/tr>\n<\/thead>\n<tbody>\n<tr style=\"border-bottom:1px solid #e0e0e0;\">\n<td style=\"padding:12px;\"><strong>Arc poz\u00edci\u00f3ja<\/strong><\/td>\n<td style=\"padding:12px;\">Egyenesen, k\u00f6zvetlen\u00fcl a kamer\u00e1ba n\u00e9zve<\/td>\n<\/tr>\n<tr style=\"border-bottom:1px solid #e0e0e0;background:#f5f5f5;\">\n<td style=\"padding:12px;\"><strong>Kifejez\u00e9s<\/strong><\/td>\n<td style=\"padding:12px;\">Semleges arckifejez\u00e9s, csukott sz\u00e1jjal<\/td>\n<\/tr>\n<tr style=\"border-bottom:1px solid #e0e0e0;\">\n<td style=\"padding:12px;\"><strong>Szemek<\/strong><\/td>\n<td style=\"padding:12px;\">Mindk\u00e9t szem nyitva \u00e9s j\u00f3l l\u00e1that\u00f3<\/td>\n<\/tr>\n<tr style=\"border-bottom:1px solid #e0e0e0;background:#f5f5f5;\">\n<td style=\"padding:12px;\"><strong>H\u00e1tt\u00e9r<\/strong><\/td>\n<td style=\"padding:12px;\">Egysz\u00edn\u0171, vil\u00e1gos sz\u00edn\u0171 (feh\u00e9r vagy t\u00f6rtfeh\u00e9r)<\/td>\n<\/tr>\n<tr style=\"border-bottom:1px solid #e0e0e0;\">\n<td style=\"padding:12px;\"><strong>Vil\u00e1g\u00edt\u00e1s<\/strong><\/td>\n<td style=\"padding:12px;\">Egyenletes megvil\u00e1g\u00edt\u00e1s, \u00e1rny\u00e9kok n\u00e9lk\u00fcl az arcon vagy a h\u00e1tt\u00e9rben<\/td>\n<\/tr>\n<tr style=\"border-bottom:1px solid #e0e0e0;background:#f5f5f5;\">\n<td style=\"padding:12px;\"><strong>Szem\u00fcvegek<\/strong><\/td>\n<td style=\"padding:12px;\">A fot\u00f3hoz el kell t\u00e1vol\u00edtani<\/td>\n<\/tr>\n<tr style=\"border-bottom:1px solid #e0e0e0;\">\n<td style=\"padding:12px;\"><strong>Fejfed\u0151k<\/strong><\/td>\n<td style=\"padding:12px;\">Nem megengedett, kiv\u00e9ve, ha vall\u00e1si okokb\u00f3l viselik<\/td>\n<\/tr>\n<tr style=\"border-bottom:1px solid #e0e0e0;background:#f5f5f5;\">\n<td style=\"padding:12px;\"><strong>Visszat\u00e9r\u00e9s<\/strong><\/td>\n<td style=\"padding:12px;\">Az elm\u00falt 6 h\u00f3napban k\u00e9sz\u00fclt<\/td>\n<\/tr>\n<tr>\n<td style=\"padding:12px;\"><strong>Min\u0151s\u00e9g<\/strong><\/td>\n<td style=\"padding:12px;\">\u00c9les, f\u00f3kuszban, nincs v\u00f6r\u00f6s szem, nagy felbont\u00e1s<\/td>\n<\/tr>\n<\/tbody>\n<\/table>\n<h2 id=\"using-the-app\">Fot\u00f3z\u00e1s az Egyes\u00fclt Kir\u00e1lys\u00e1g ETA alkalmaz\u00e1s\u00e1val<\/h2>\n<p>A legegyszer\u0171bb m\u00f3dja a megfelel\u0151 fot\u00f3 elk\u00e9sz\u00edt\u00e9s\u00e9nek, ha a <strong>be\u00e9p\u00edtett kamera funkci\u00f3<\/strong> az Egyes\u00fclt Kir\u00e1lys\u00e1g ETA alkalmaz\u00e1s\u00e1ban. Az alkalmaz\u00e1s emellett val\u00f3s idej\u0171 \u00fatmutat\u00e1st ny\u00fajt az arc helyes elhelyez\u00e9s\u00e9hez, \u00e9s automatikusan ellen\u0151rzi, hogy a f\u00e9nyk\u00e9p megfelel-e a k\u00f6vetelm\u00e9nyeknek, miel\u0151tt tov\u00e1bbl\u00e9phetne.<\/p>\n<h3>L\u00e9p\u00e9sr\u0151l l\u00e9p\u00e9sre \u00fatmutat\u00f3 a f\u00e9nyk\u00e9p k\u00e9sz\u00edt\u00e9s\u00e9hez az alkalmaz\u00e1sban<\/h3>\n<ol>\n<li><strong>J\u00f3 megvil\u00e1g\u00edt\u00e1st tal\u00e1lni<\/strong> - \u00c1lljon ablakkal vagy j\u00f3l megvil\u00e1g\u00edtott ter\u00fclettel szemben. Ker\u00fclje a fel\u00fclvil\u00e1g\u00edt\u00e1st, amely \u00e1rny\u00e9kot vet a szeme vagy az orra al\u00e1.<\/li>\n<li><strong>V\u00e1lassza ki a h\u00e1tteret<\/strong> - \u00c1lljon egy egyszer\u0171 feh\u00e9r vagy kr\u00e9msz\u00edn\u0171 fal el\u00e9. Gy\u0151z\u0151dj\u00f6n meg r\u00f3la, hogy \u00d6n m\u00f6g\u00f6tt nem l\u00e1tszanak mint\u00e1k, t\u00e1rgyak vagy m\u00e1s emberek.<\/li>\n<li><strong>Tartsa a telefont szemmagass\u00e1gban<\/strong> - Tartsa a kamer\u00e1t karny\u00fajt\u00e1snyira, k\u00f6zvetlen\u00fcl az arca el\u0151tt.<\/li>\n<li><strong>K\u00f6vesse a k\u00e9perny\u0151n megjelen\u0151 \u00fatmutat\u00f3t<\/strong> - Az alkalmaz\u00e1s egy ov\u00e1lis k\u00f6rvonalat jelen\u00edt meg. Helyezze el az arc\u00e1t ezen a k\u00f6rvonalon bel\u00fcl.<\/li>\n<li><strong>Maradj nyugton<\/strong> - Tartsa meg semleges arckifejez\u00e9s\u00e9t, n\u00e9zzen egyenesen a kamer\u00e1ba, \u00e9s tartsa nyitva mindk\u00e9t szem\u00e9t.<\/li>\n<li><strong>V\u00e1rjon az alkalmaz\u00e1s r\u00f6gz\u00edt\u00e9s\u00e9re<\/strong> - Az alkalmaz\u00e1s automatikusan elk\u00e9sz\u00edti a f\u00e9nyk\u00e9pet, ha az arcod megfelel\u0151 helyzetben van.<\/li>\n<\/ol>\n<figure style=\"margin:24px 0;\">\n<figcaption style=\"font-size:0.9em;color:#666;margin-top:8px;\">A UK ETA alkalmaz\u00e1s a k\u00e9perny\u0151n megjelen\u0151 poz\u00edcion\u00e1l\u00e1si \u00fatmutat\u00f3kkal v\u00e9gigvezeti \u00d6nt a f\u00e9nyk\u00e9pez\u00e9s folyamat\u00e1n.<\/figcaption><\/figure>\n<h2 id=\"uploading-photo\">F\u00e9nyk\u00e9p felt\u00f6lt\u00e9se a Gov.uk oldalon<\/h2>\n\n<figure class=\"wp-block-image size-large\"><img loading=\"lazy\" decoding=\"async\" width=\"640\" height=\"380\" src=\"https:\/\/visaeta.uk\/wp-content\/uploads\/2024\/05\/visum-photo-e1715592278898.png\" alt=\"\u00c1ltal\u00e1nos GYIK az ETA UK-r\u00f3l\" class=\"wp-image-90\" \/><\/figure>\n\n\n<p>Ha az alkalmaz\u00e1s helyett a gov.uk weboldalon kereszt\u00fcl jelentkezik, akkor digit\u00e1lis f\u00e9nyk\u00e9pet kell felt\u00f6ltenie. A felt\u00f6lt\u00f6tt f\u00e9nyk\u00e9pnek r\u00e1ad\u00e1sul ugyanazoknak a k\u00f6vetelm\u00e9nyeknek kell megfelelnie, mint az alkalmaz\u00e1ssal k\u00e9sz\u00edtett f\u00e9nyk\u00e9pnek, plusz az al\u00e1bbi tov\u00e1bbi el\u0151\u00edr\u00e1soknak:<\/p>\n<ul>\n<li>F\u00e1jlform\u00e1tum: <strong>JPEG<\/strong> (.jpg vagy .jpeg)<\/li>\n<li>Minim\u00e1lis felbont\u00e1s: <strong>600 x 750 k\u00e9ppont<\/strong><\/li>\n<li>F\u00e1jlm\u00e9ret: k\u00f6z\u00f6tt. <strong>50 KB \u00e9s 10 MB<\/strong><\/li>\n<li>Sz\u00ednes f\u00e9nyk\u00e9p (nem fekete-feh\u00e9r)<\/li>\n<li>Sz\u0171r\u0151k, szerkeszt\u00e9s vagy retus\u00e1l\u00e1s n\u00e9lk\u00fcl<\/li>\n<\/ul>\n<div style=\"background:#fff3e0;border-left:4px solid #ff9800;padding:16px 20px;margin:24px 0;border-radius:0 8px 8px 0;\">\n<strong>\u26a0\ufe0f Fontos:<\/strong> Ne haszn\u00e1ljon a k\u00f6z\u00f6ss\u00e9gi m\u00e9di\u00e1b\u00f3l sz\u00e1rmaz\u00f3 fot\u00f3kat, sz\u0171r\u0151kkel ell\u00e1tott szelfiket vagy er\u0151sen kiv\u00e1gott k\u00e9peket. A rendszer automatikusan elutas\u00edthatja a digit\u00e1lisan m\u00f3dos\u00edtottnak t\u0171n\u0151 f\u00e9nyk\u00e9peket.\n<\/div>\n<h2 id=\"common-mistakes\">Gyakori fot\u00f3 hib\u00e1k, amelyek elutas\u00edt\u00e1st okoznak<\/h2>\n<p>Ezek a leggyakoribb f\u00e9nyk\u00e9pekkel kapcsolatos hib\u00e1k, amelyek az Egyes\u00fclt Kir\u00e1lys\u00e1gban az ETA-k\u00e9relem k\u00e9sedelm\u00e9hez vezetnek. Ezenk\u00edv\u00fcl ker\u00fclje el a k\u00f6vetkez\u0151ket <a href=\"https:\/\/visaeta.uk\/hu\/uk-eta-application-mistakes\/\">gyakori ETA k\u00e9relmez\u00e9si hib\u00e1k<\/a>:<\/p>\n<figure style=\"margin:24px 0;\">\n<figcaption style=\"font-size:0.9em;color:#666;margin-top:8px;\">Ha elker\u00fcli ezeket a gyakori f\u00e9nyk\u00e9pez\u00e9si hib\u00e1kat, az seg\u00edt abban, hogy k\u00e9relm\u00e9t k\u00e9sedelem n\u00e9lk\u00fcl dolgozz\u00e1k fel.<\/figcaption><\/figure>\n<table style=\"width:100%;border-collapse:collapse;margin:20px 0;\">\n<thead>\n<tr style=\"background:#c62828;color:#fff;\">\n<th style=\"padding:12px;text-align:left;\">Hiba<\/th>\n<th style=\"padding:12px;text-align:left;\">Mi\u00e9rt okoz elutas\u00edt\u00e1st<\/th>\n<th style=\"padding:12px;text-align:left;\">Hogyan kell jav\u00edtani<\/th>\n<\/tr>\n<\/thead>\n<tbody>\n<tr style=\"border-bottom:1px solid #e0e0e0;\">\n<td style=\"padding:12px;\">Elmos\u00f3dott vagy f\u00f3kusz\u00e1latlan<\/td>\n<td style=\"padding:12px;\">A rendszer nem tudja ellen\u0151rizni az arcvon\u00e1sokat<\/td>\n<td style=\"padding:12px;\">Tartsa stabilan a telefont, haszn\u00e1ljon j\u00f3 megvil\u00e1g\u00edt\u00e1st<\/td>\n<\/tr>\n<tr style=\"border-bottom:1px solid #e0e0e0;background:#f5f5f5;\">\n<td style=\"padding:12px;\">\u00c1rny\u00e9kok az arcon<\/td>\n<td style=\"padding:12px;\">Elhom\u00e1lyos\u00edtja az arcfelismer\u0151 p\u00e1ros\u00edt\u00e1st<\/td>\n<td style=\"padding:12px;\">N\u00e9zzen az ablak fel\u00e9, vagy haszn\u00e1ljon szemb\u0151l j\u00f6v\u0151 f\u00e9nyt.<\/td>\n<\/tr>\n<tr style=\"border-bottom:1px solid #e0e0e0;\">\n<td style=\"padding:12px;\">Szem\u00fcveg visel\u00e9se<\/td>\n<td style=\"padding:12px;\">A t\u00fckr\u00f6z\u0151d\u00e9sek \u00e9s a keretek elrejtik a szemeket<\/td>\n<td style=\"padding:12px;\">Fot\u00f3z\u00e1s el\u0151tt vegye le az \u00f6sszes szem\u00fcveget<\/td>\n<\/tr>\n<tr style=\"border-bottom:1px solid #e0e0e0;background:#f5f5f5;\">\n<td style=\"padding:12px;\">Mozgalmas h\u00e1tt\u00e9r<\/td>\n<td style=\"padding:12px;\">A rendszernek tiszta h\u00e1tt\u00e9rre van sz\u00fcks\u00e9ge a feldolgoz\u00e1shoz<\/td>\n<td style=\"padding:12px;\">Haszn\u00e1ljon sima feh\u00e9r falat<\/td>\n<\/tr>\n<tr style=\"border-bottom:1px solid #e0e0e0;\">\n<td style=\"padding:12px;\">Az arc nincs k\u00f6z\u00e9pen<\/td>\n<td style=\"padding:12px;\">Automatiz\u00e1lt ellen\u0151rz\u00e9sek v\u00e1rj\u00e1k a centrikus pozicion\u00e1l\u00e1st<\/td>\n<td style=\"padding:12px;\">K\u00f6vesse az alkalmaz\u00e1sban tal\u00e1lhat\u00f3 ov\u00e1lis \u00fatmutat\u00f3t<\/td>\n<\/tr>\n<tr>\n<td style=\"padding:12px;\">R\u00e9gi f\u00e9nyk\u00e9p<\/td>\n<td style=\"padding:12px;\">A jelenlegi megjelen\u00e9st kell t\u00fckr\u00f6znie<\/td>\n<td style=\"padding:12px;\">K\u00e9sz\u00edtsen \u00faj f\u00e9nyk\u00e9pet az elm\u00falt 6 h\u00f3napban<\/td>\n<\/tr>\n<\/tbody>\n<\/table>\n<h2 id=\"children-photos\">Fot\u00f3k\u00f6vetelm\u00e9nyek gyermekek sz\u00e1m\u00e1ra<\/h2>\n<p>Gyermekeknek \u00e9s csecsem\u0151knek is sz\u00fcks\u00e9g\u00fck van egy\u00e9ni f\u00e9nyk\u00e9pre az Egyes\u00fclt Kir\u00e1lys\u00e1gban beny\u00fajtott ETA-k\u00e9relemhez. Ez\u00e9rt a gyermekfot\u00f3kkal kapcsolatos tov\u00e1bbi szempontok a k\u00f6vetkez\u0151k:<\/p>\n\n<figure class=\"wp-block-image size-large\"><img loading=\"lazy\" decoding=\"async\" width=\"1200\" height=\"800\" src=\"https:\/\/visaeta.uk\/wp-content\/uploads\/2026\/04\/uk-eta-troubleshooting-photo-upload.jpg\" alt=\"P\u00e1ly\u00e1z\u00f3 \u00fajrak\u00e9sz\u00edti a f\u00e9nyk\u00e9pet az ETA hibaelh\u00e1r\u00edt\u00e1si hib\u00e1k kijav\u00edt\u00e1s\u00e1hoz\" class=\"wp-image-4903\" srcset=\"https:\/\/visaeta.uk\/wp-content\/uploads\/2026\/04\/uk-eta-troubleshooting-photo-upload.jpg 1200w, https:\/\/visaeta.uk\/wp-content\/uploads\/2026\/04\/uk-eta-troubleshooting-photo-upload-300x200.jpg 300w, https:\/\/visaeta.uk\/wp-content\/uploads\/2026\/04\/uk-eta-troubleshooting-photo-upload-1024x683.jpg 1024w, https:\/\/visaeta.uk\/wp-content\/uploads\/2026\/04\/uk-eta-troubleshooting-photo-upload-768x512.jpg 768w, https:\/\/visaeta.uk\/wp-content\/uploads\/2026\/04\/uk-eta-troubleshooting-photo-upload-18x12.jpg 18w\" sizes=\"auto, (max-width: 1200px) 100vw, 1200px\" \/><\/figure>\n\n\n<ul>\n<li><strong>1 \u00e9v alatti csecsem\u0151k<\/strong> - A szemek lehetnek csukva vagy r\u00e9szben nyitva. Fektesse a bab\u00e1t egy feh\u00e9r leped\u0151re, \u00e9s f\u00e9nyk\u00e9pezze le fel\u00fclr\u0151l.<\/li>\n<li><strong>1-5 \u00e9ves gyermekek<\/strong> - Nem kell teljesen semleges arckifejez\u00e9s, de nyitott szemmel kell a kamer\u00e1ba n\u00e9znie.<\/li>\n<li><strong>6 \u00e9v feletti gyermekek<\/strong> - Ugyanazokat a szab\u00e1lyokat kell k\u00f6vetnie, mint a feln\u0151tteknek (semleges arckifejez\u00e9s, nyitott szem, csukott sz\u00e1j).<\/li>\n<li><strong>Nincs m\u00e1s ember<\/strong> - A f\u00e9nyk\u00e9pen csak a gyermeknek kell l\u00e1tszania. A sz\u00fcl\u0151k keze nem lehet a k\u00e9pen.<\/li>\n<\/ul>\n<figure style=\"margin:24px 0;\">\n<figcaption style=\"font-size:0.9em;color:#666;margin-top:8px;\">Minden koroszt\u00e1ly\u00fa gyermeknek saj\u00e1t ETA-ra van sz\u00fcks\u00e9ge, megfelel\u0151 f\u00e9nyk\u00e9ppel.<\/figcaption><\/figure>\n<h2 id=\"professional-photo\">Szerezz\u00fcnk profi fot\u00f3t?<\/h2>\n<p>A legt\u00f6bb k\u00e9relmez\u0151 sz\u00e1m\u00e1ra a brit ETA alkalmaz\u00e1s be\u00e9p\u00edtett kamer\u00e1j\u00e1nak haszn\u00e1lata t\u00f6k\u00e9letesen elfogadhat\u00f3 eredm\u00e9nyt ad. \u00c9rdemes azonban megfontolni egy professzion\u00e1lis \u00fatlev\u00e9lfot\u00f3 elk\u00e9sz\u00edt\u00e9s\u00e9t, ha:<\/p>\n<ul>\n<li>Kor\u00e1bbi p\u00e1ly\u00e1zatait f\u00e9nyk\u00e9pez\u00e9si probl\u00e9m\u00e1k miatt elutas\u00edtott\u00e1k.<\/li>\n<li>Otthon nem lehet j\u00f3 megvil\u00e1g\u00edt\u00e1st vagy sima h\u00e1tteret el\u00e9rni.<\/li>\n<li>\u00d6n gyermek vagy csecsem\u0151 ut\u00e1n ny\u00fajtja be a k\u00e9relmet<\/li>\n<li>\u00d6n a gov.uk weboldalon kereszt\u00fcl t\u00f6lti fel (szigor\u00fabb f\u00e1jlle\u00edr\u00e1sok).<\/li>\n<\/ul>\n<p>Sz\u00e1mos gy\u00f3gyszert\u00e1r, posta \u00e9s fot\u00f3\u00fczlet k\u00edn\u00e1l a nemzetk\u00f6zi szabv\u00e1nyoknak megfelel\u0151 digit\u00e1lis \u00fatlev\u00e9lfot\u00f3kat. Ennek eredm\u00e9nyek\u00e9ppen k\u00e9rje, hogy a f\u00e1jlt JPEG form\u00e1tumban adj\u00e1k \u00e1t.<\/p>\n<h2 id=\"faq\">Gyakran ism\u00e9telt k\u00e9rd\u00e9sek<\/h2>\n\n<h2>Hivatalos forr\u00e1sok \u00e9s hivatkoz\u00e1sok<\/h2>\n<p>Ez az \u00fatmutat\u00f3 az Egyes\u00fclt Kir\u00e1lys\u00e1g hivatalos korm\u00e1nyzati forr\u00e1sain alapul. Minden inform\u00e1ci\u00f3 a 2026-os \u00e1llapotnak megfelel\u0151.<\/p>\n<ol>\n<li><a href=\"https:\/\/www.gov.uk\/guidance\/apply-for-an-electronic-travel-authorisation-eta\" target=\"_blank\" rel=\"noopener\">Egyes\u00fclt Kir\u00e1lys\u00e1g korm\u00e1nya - ETA k\u00e9relmez\u00e9se<\/a><\/li>\n<li><a href=\"https:\/\/www.gov.uk\/guidance\/electronic-travel-authorisation-eta\" target=\"_blank\" rel=\"noopener\">Az Egyes\u00fclt Kir\u00e1lys\u00e1g korm\u00e1nya - ETA ir\u00e1nymutat\u00e1s<\/a><\/li>\n<li><a href=\"https:\/\/www.gov.uk\/check-uk-visa\" target=\"_blank\" rel=\"noopener\">Egyes\u00fclt Kir\u00e1lys\u00e1g korm\u00e1nya - Ellen\u0151rizze, hogy sz\u00fcks\u00e9ge van-e brit v\u00edzumra<\/a><\/li>\n<li><a href=\"https:\/\/www.gov.uk\/standard-visitor\" target=\"_blank\" rel=\"noopener\">Egyes\u00fclt Kir\u00e1lys\u00e1g korm\u00e1nya - Standard l\u00e1togat\u00f3<\/a><\/li>\n<li><a href=\"https:\/\/www.visitbritain.com\/en\/plan-your-trip\/getting-to-britain\" target=\"_blank\" rel=\"noopener\">VisitBritain - Utaz\u00e1s Nagy-Britanni\u00e1ba<\/a><\/li>\n<\/ol>\n<div itemscope itemtype=\"https:\/\/schema.org\/FAQPage\">\n<div itemscope itemprop=\"mainEntity\" itemtype=\"https:\/\/schema.org\/Question\">\n<h3 itemprop=\"name\">Viselhetek szem\u00fcveget a brit ETA-f\u00e9nyk\u00e9pen?<\/h3>\n<div itemscope itemprop=\"acceptedAnswer\" itemtype=\"https:\/\/schema.org\/Answer\">\n<p itemprop=\"text\">Nem. <strong>vegye le az \u00f6sszes szem\u00fcveget<\/strong> a brit ETA-fot\u00f3hoz, bele\u00e9rtve a v\u00e9nyk\u00f6teles szem\u00fcvegeket \u00e9s napszem\u00fcvegeket is. Ennek oka, hogy a szem\u00fcveg t\u00fckr\u00f6z\u0151d\u00e9st okozhat \u00e9s eltakarhatja a szem\u00e9t, ami zavarja a feldolgoz\u00e1s sor\u00e1n haszn\u00e1lt automatikus arcfelismer\u0151 rendszereket.<\/p>\n<\/div>\n<\/div>\n<div itemscope itemprop=\"mainEntity\" itemtype=\"https:\/\/schema.org\/Question\">\n<h3 itemprop=\"name\">Viselhetek fejfed\u0151t a brit ETA-f\u00e9nyk\u00e9pemen?<\/h3>\n<div itemscope itemprop=\"acceptedAnswer\" itemtype=\"https:\/\/schema.org\/Answer\">\n<p itemprop=\"text\">A fejfed\u0151 csak akkor megengedett, ha azt a k\u00f6vetkez\u0151 c\u00e9lokra viselik <strong>vall\u00e1si vagy eg\u00e9szs\u00e9g\u00fcgyi okok<\/strong>. Ezekben az esetekben az arc\u00e1nak m\u00e9g mindig teljesen l\u00e1that\u00f3nak kell lennie az \u00e1lla alj\u00e1t\u00f3l a homloka tetej\u00e9ig. A takar\u00e1s nem vethet \u00e1rny\u00e9kot az arc\u00e1ra.<\/p>\n\n<figure class=\"wp-block-image size-large\"><img loading=\"lazy\" decoding=\"async\" width=\"1200\" height=\"675\" src=\"https:\/\/visaeta.uk\/wp-content\/uploads\/2026\/04\/uk-eta-country-85-nationalities-requirements-img-3.jpg\" alt=\"UK ETA Country Guide: k\u00e9p: Mind a 85 jogosult \u00e1llampolg\u00e1rs\u00e1g k\u00f6vetelm\u00e9nyei 3. k\u00e9p az utaz\u00e1si kontextusr\u00f3l\" class=\"wp-image-4922\" srcset=\"https:\/\/visaeta.uk\/wp-content\/uploads\/2026\/04\/uk-eta-country-85-nationalities-requirements-img-3.jpg 1200w, https:\/\/visaeta.uk\/wp-content\/uploads\/2026\/04\/uk-eta-country-85-nationalities-requirements-img-3-300x200.jpg 300w, https:\/\/visaeta.uk\/wp-content\/uploads\/2026\/04\/uk-eta-country-85-nationalities-requirements-img-3-1024x681.jpg 1024w, https:\/\/visaeta.uk\/wp-content\/uploads\/2026\/04\/uk-eta-country-85-nationalities-requirements-img-3-768x511.jpg 768w, https:\/\/visaeta.uk\/wp-content\/uploads\/2026\/04\/uk-eta-country-85-nationalities-requirements-img-3-18x12.jpg 18w\" sizes=\"auto, (max-width: 1200px) 100vw, 1200px\" \/><\/figure>\n\n\n<\/div>\n<\/div>\n<div itemscope itemprop=\"mainEntity\" itemtype=\"https:\/\/schema.org\/Question\">\n<h3 itemprop=\"name\">Mi t\u00f6rt\u00e9nik, ha az Egyes\u00fclt Kir\u00e1lys\u00e1gban k\u00e9sz\u00fclt ETA-fot\u00f3mat elutas\u00edtj\u00e1k?<\/h3>\n<div itemscope itemprop=\"acceptedAnswer\" itemtype=\"https:\/\/schema.org\/Answer\">\n<p itemprop=\"text\">Ha a f\u00e9nyk\u00e9p\u00e9t a jelentkez\u00e9si folyamat sor\u00e1n elutas\u00edtj\u00e1k, akkor a k\u00f6vetkez\u0151kre k\u00e9rik fel \u00d6nt <strong>\u00faj f\u00e9nyk\u00e9p bek\u00fcld\u00e9se<\/strong> miel\u0151tt az \u00d6n jelentkez\u00e9se folytat\u00f3dhatna. A rendszer \u00e1ltal\u00e1ban azonos\u00edtja a konkr\u00e9t probl\u00e9m\u00e1t (hom\u00e1lyos, h\u00e1tt\u00e9r stb.), \u00edgy \u00d6n korrig\u00e1lhatja azt. Ez nem sz\u00e1m\u00edt <a href=\"\/hu\/blog\/what-happens-if-uk-eta-is-refused-what-to-do\/\">ETA elutas\u00edt\u00e1s<\/a>.<\/p>\n<\/div>\n<\/div>\n<div itemscope itemprop=\"mainEntity\" itemtype=\"https:\/\/schema.org\/Question\">\n<h3 itemprop=\"name\">Haszn\u00e1lhatom a megl\u00e9v\u0151 \u00fatlev\u00e9lk\u00e9pemet az Egyes\u00fclt Kir\u00e1lys\u00e1gban beny\u00fajtott ETA-k\u00e9relemhez?<\/h3>\n<div itemscope itemprop=\"acceptedAnswer\" itemtype=\"https:\/\/schema.org\/Answer\">\n<p itemprop=\"text\">Haszn\u00e1lhatja az \u00fatlev\u00e9lk\u00e9p digit\u00e1lis v\u00e1ltozat\u00e1t, ha az a k\u00f6vetkez\u0151 m\u00f3don k\u00e9sz\u00fclt <strong>az elm\u00falt 6 h\u00f3napban<\/strong> \u00e9s megfelel az Egyes\u00fclt Kir\u00e1lys\u00e1gban az ETA fot\u00f3kra vonatkoz\u00f3 \u00f6sszes k\u00f6vetelm\u00e9nynek. Ha azonban az alkalmaz\u00e1st haszn\u00e1lja, egyszer\u0171bb \u00e9s megb\u00edzhat\u00f3bb egyszer\u0171en \u00faj f\u00e9nyk\u00e9pet k\u00e9sz\u00edteni a be\u00e9p\u00edtett kamer\u00e1val.<\/p>\n<\/div>\n<\/div>\n<div itemscope itemprop=\"mainEntity\" itemtype=\"https:\/\/schema.org\/Question\">\n<h3 itemprop=\"name\">Kell-e f\u00e9nyk\u00e9p a csecsem\u0151knek \u00e9s a kisgyermekeknek az Egyes\u00fclt Kir\u00e1lys\u00e1gban t\u00f6rt\u00e9n\u0151 ETA-hoz?<\/h3>\n<div itemscope itemprop=\"acceptedAnswer\" itemtype=\"https:\/\/schema.org\/Answer\">\n<p itemprop=\"text\">Igen. Minden utaz\u00f3, bele\u00e9rtve <strong>csecsem\u0151k \u00e9s kisgyermekek<\/strong>, saj\u00e1t brit ETA-ra van sz\u00fcks\u00e9ge, egyedi f\u00e9nyk\u00e9ppel. Az 1 \u00e9v alatti csecsem\u0151ket fektesse feh\u00e9r leped\u0151re, \u00e9s f\u00e9nyk\u00e9pezze \u0151ket fel\u00fclr\u0151l. A szem\u00fck lehet csukott vagy r\u00e9szben nyitott.<\/p>\n<\/div>\n<\/div>\n<\/div>\n<h2 id=\"conclusion\">Els\u0151 alkalommal k\u00e9sz\u00edtse el az Egyes\u00fclt Kir\u00e1lys\u00e1g ETA-fot\u00f3j\u00e1t<\/h2>\n<p>Az Egyes\u00fclt Kir\u00e1lys\u00e1gban az ETA-fot\u00f3kra vonatkoz\u00f3 k\u00f6vetelm\u00e9nyek teljes\u00edt\u00e9se egyszer\u0171, ha k\u00f6veti az ir\u00e1nymutat\u00e1sokat. Ez\u00e9rt a legegyszer\u0171bb a UK ETA alkalmaz\u00e1s be\u00e9p\u00edtett kamer\u00e1j\u00e1t haszn\u00e1lni, gondoskodjon j\u00f3 megvil\u00e1g\u00edt\u00e1sr\u00f3l \u00e9s sima h\u00e1tt\u00e9rr\u0151l, valamint vegye le a szem\u00fcveget \u00e9s a fejfed\u0151t. Ha el akarja ker\u00fclni a f\u00e9nyk\u00e9p elutas\u00edt\u00e1s\u00e1nak kock\u00e1zat\u00e1t, <a href=\"https:\/\/visaeta.uk\/hu\/\"><strong>haszn\u00e1lja professzion\u00e1lis p\u00e1ly\u00e1zati szolg\u00e1ltat\u00e1sunkat<\/strong><\/a> - csapatunk minden fot\u00f3t ellen\u0151riz a bek\u00fcld\u00e9s el\u0151tt.<\/p>\n<p style=\"background:#1a237e;color:#fff;padding:20px;text-align:center;border-radius:8px;font-size:1.1em;margin-top:32px;\">\n<strong>Seg\u00edts\u00e9gre van sz\u00fcks\u00e9ge a jelentkez\u00e9shez?<\/strong><br \/>\n<a href=\"https:\/\/visaeta.uk\/hu\/\" style=\"color:#ffd740;text-decoration:underline;font-size:1.2em;\">Alkalmaz\u00e1s szakmai seg\u00edts\u00e9ggel \u2192<\/a><\/p>\n\n\n\n<h3 class=\"wp-block-heading\">Gyakori f\u00e9nyk\u00e9p elutas\u00edt\u00e1s okai \u00e9s hogyan lehet \u0151ket kijav\u00edtani<\/h3>\n\n\n<figure class=\"wp-block-image size-large\"><img loading=\"lazy\" decoding=\"async\" width=\"2048\" height=\"1751\" src=\"https:\/\/visaeta.uk\/wp-content\/uploads\/2025\/08\/Key-Features-Distinguishing-ETA-from-Traditional-Visas.png\" alt=\"Mi az elektronikus utaz\u00e1si enged\u00e9ly (ETA)? K\u00f6vetelm\u00e9nyek \u00e9s el\u0151ny\u00f6k\" class=\"wp-image-1450\" srcset=\"https:\/\/visaeta.uk\/wp-content\/uploads\/2025\/08\/Key-Features-Distinguishing-ETA-from-Traditional-Visas.png 2048w, https:\/\/visaeta.uk\/wp-content\/uploads\/2025\/08\/Key-Features-Distinguishing-ETA-from-Traditional-Visas-300x256.png 300w, https:\/\/visaeta.uk\/wp-content\/uploads\/2025\/08\/Key-Features-Distinguishing-ETA-from-Traditional-Visas-1024x876.png 1024w, https:\/\/visaeta.uk\/wp-content\/uploads\/2025\/08\/Key-Features-Distinguishing-ETA-from-Traditional-Visas-768x657.png 768w, https:\/\/visaeta.uk\/wp-content\/uploads\/2025\/08\/Key-Features-Distinguishing-ETA-from-Traditional-Visas-1536x1313.png 1536w, https:\/\/visaeta.uk\/wp-content\/uploads\/2025\/08\/Key-Features-Distinguishing-ETA-from-Traditional-Visas-14x12.png 14w\" sizes=\"auto, (max-width: 2048px) 100vw, 2048px\" \/><\/figure>\n\n\n\n<ul class=\"wp-block-list\"><li><strong>A h\u00e1tt\u00e9r nem sima feh\u00e9r:<\/strong> Csin\u00e1ljon \u00fajra felv\u00e9telt feh\u00e9r fal el\u0151tt, vagy cser\u00e9lje ki a h\u00e1tteret egy k\u00e9pszerkeszt\u0151 eszk\u00f6zzel.<\/li><li><strong>Az arc r\u00e9szben eltakarva:<\/strong> Vegye le a kalapokat, napszem\u00fcvegeket, \u00e9s gy\u0151z\u0151dj\u00f6n meg r\u00f3la, hogy a haj nem takarja a szemet vagy az arc k\u00f6rvonalait.<\/li><li><strong>A f\u00e9nyk\u00e9p t\u00fal s\u00f6t\u00e9t vagy hom\u00e1lyos:<\/strong> A f\u00e9nyk\u00e9pet term\u00e9szetes nappali f\u00e9nyben vagy j\u00f3l megvil\u00e1g\u00edtott szob\u00e1ban k\u00e9sz\u00edtse; ker\u00fclje a vaku k\u00f6zvetlen haszn\u00e1lat\u00e1t.<\/li><li><strong>A fej nem k\u00f6z\u00e9pen van vagy t\u00fal kicsi:<\/strong> Az arc\u00e1nak ki kell t\u00f6ltenie a 70-80% k\u00e9pkeretet.<\/li><li><strong>Nem semleges kifejez\u00e9s:<\/strong> Csukja be a sz\u00e1j\u00e1t, n\u00e9zzen egyenesen a kamer\u00e1ba, \u00e9s tartsa meg semleges arckifejez\u00e9s\u00e9t.<\/li><li><strong>A k\u00e9pen viselt szem\u00fcveg:<\/strong> Az Egyes\u00fclt Kir\u00e1lys\u00e1gban k\u00e9sz\u00fclt ETA-fot\u00f3kon nem megengedett a szem\u00fcveg visel\u00e9se - m\u00e9g az \u00e1tl\u00e1tsz\u00f3 vagy enyh\u00e9n sz\u00ednezett keretek sem.<\/li><\/ul>\n\n\n<h3 class=\"wp-block-heading\">Az Egyes\u00fclt Kir\u00e1lys\u00e1g ETA alkalmaz\u00e1s be\u00e9p\u00edtett fot\u00f3eszk\u00f6z\u00e9nek haszn\u00e1lata<\/h3>\n\n\n<p>A brit ETA alkalmaz\u00e1s tartalmaz egy be\u00e9p\u00edtett f\u00e9nyk\u00e9pfelv\u00e9teli eszk\u00f6zt, amely v\u00e9gigvezeti \u00d6nt egy szab\u00e1lyos szelfi elk\u00e9sz\u00edt\u00e9s\u00e9n. Az alkalmaz\u00e1s a f\u00e9nyk\u00e9p elfogad\u00e1sa el\u0151tt arcfelismer\u00e9ssel ellen\u0151rzi, hogy az \u00d6n arca helyesen van-e elhelyezve, a megvil\u00e1g\u00edt\u00e1s megfelel\u0151-e, \u00e9s a h\u00e1tt\u00e9r megfelel\u0151-e. Az alkalmaz\u00e1s kamer\u00e1j\u00e1nak haszn\u00e1lata a legegyszer\u0171bb m\u00f3dja a f\u00e9nyk\u00e9p megfelel\u0151s\u00e9g\u00e9nek biztos\u00edt\u00e1s\u00e1nak - az eszk\u00f6z figyelmeztet, ha a f\u00e9nyk\u00e9p nem felel meg a k\u00f6vetelm\u00e9nyeknek, \u00e9s felsz\u00f3l\u00edtja, hogy a bek\u00fcld\u00e9s el\u0151tt k\u00e9sz\u00edtse el \u00fajra. Alternat\u00edv megold\u00e1sk\u00e9nt egy professzion\u00e1lis \u00fatlev\u00e9lfot\u00f3-szolg\u00e1ltat\u00e1s is k\u00e9sz\u00edthet megfelel\u0151 f\u00e9nyk\u00e9pet, amely megfelel az \u00f6sszes brit ETA-el\u0151\u00edr\u00e1snak.<\/p>\n\n\n<h3 class=\"wp-block-heading\">Gyermekek brit ETA k\u00e9relm\u00e9nek f\u00e9nyk\u00e9pk\u00f6vetelm\u00e9nyei<\/h3>\n\n\n<p>A gyermekek ETA-f\u00e9nyk\u00e9pei ugyanazokat a technikai k\u00f6vetelm\u00e9nyeket k\u00f6vetik, mint a feln\u0151ttek\u00e9. K\u00fcl\u00f6n\u00f6sen a csecsem\u0151k \u00e9s kisgyermekek eset\u00e9ben jelenthet kih\u00edv\u00e1st - a gyermeknek nyitott szemmel, csukott sz\u00e1jjal \u00e9s k\u00f6zvetlen\u00fcl a kamer\u00e1ba n\u00e9z\u0151 arccal kell f\u00e9nyk\u00e9peznie feh\u00e9r h\u00e1tt\u00e9r el\u0151tt. A nagyon fiatal csecsem\u0151ket fektesse egy feh\u00e9r leped\u0151re, \u00e9s k\u00f6zvetlen\u00fcl fel\u00fclr\u0151l f\u00e9nyk\u00e9pezze \u0151ket. Kisgyermekek eset\u00e9ben p\u00e9ld\u00e1ul az alkalmaz\u00e1s szelfi eszk\u00f6ze seg\u00edthet a felv\u00e9tel elk\u00e9sz\u00edt\u00e9s\u00e9ben. Az iskol\u00e1skor\u00fa gyermekek \u00e1ltal\u00e1ban ugyanazt a folyamatot k\u00f6vethetik, mint a feln\u0151ttek. Ha k\u00e9ts\u00e9gei vannak, a gyermekek \u00fatlev\u00e9lfot\u00f3z\u00e1s\u00e1ban j\u00e1rtas professzion\u00e1lis fot\u00f3szolg\u00e1lat jelent\u0151s id\u0151t \u00e9s frusztr\u00e1ci\u00f3t takar\u00edthat meg.<\/p>\n\n\n\n<p>A f\u00e9nyk\u00e9pes megfelel\u00e9s az egyik leggyakoribb oka a brit ETA-k\u00e9relem k\u00e9sedelm\u00e9nek vagy elutas\u00edt\u00e1s\u00e1nak. Hasonl\u00f3k\u00e9ppen, ha sz\u00e1n n\u00e9h\u00e1ny plusz percet arra, hogy a f\u00e9nyk\u00e9p minden k\u00f6vetelm\u00e9nynek megfeleljen - megfelel\u0151 h\u00e1tt\u00e9r, j\u00f3 megvil\u00e1g\u00edt\u00e1s, semleges arckifejez\u00e9s, nincs szem\u00fcveg, az arc kit\u00f6lti a keretet -, megk\u00edm\u00e9li \u00d6nt az ism\u00e9telt beny\u00fajt\u00e1ssal j\u00e1r\u00f3 frusztr\u00e1ci\u00f3t\u00f3l. Ha az Egyes\u00fclt Kir\u00e1lys\u00e1g ETA-alkalmaz\u00e1s\u00e1nak be\u00e9p\u00edtett f\u00e9nyk\u00e9pez\u0151g\u00e9p\u00e9t haszn\u00e1lja, az automatikus min\u0151s\u00e9gellen\u0151rz\u00e9s m\u00e9g a beny\u00fajt\u00e1s el\u0151tt jelzi a leggyakoribb probl\u00e9m\u00e1kat. Aki bizonytalan a f\u00e9nyk\u00e9p k\u00f6vetelm\u00e9nyeit illet\u0151en, annak tov\u00e1bbra is a professzion\u00e1lis \u00fatlev\u00e9lfot\u00f3-szolg\u00e1ltat\u00e1s a legmegb\u00edzhat\u00f3bb megold\u00e1s, amely \u00e1ltal\u00e1ban csak n\u00e9h\u00e1ny fontba ker\u00fcl egy postahivatalban, gy\u00f3gyszert\u00e1rban vagy egy erre a c\u00e9lra kialak\u00edtott fot\u00f3f\u00fclk\u00e9ben.<\/p>","protected":false},"excerpt":{"rendered":"<p>Getting your UK ETA photo right is essential for a successful application. One of the most common reasons for UK ETA delays and rejections is a photograph that does not meet the required standards. This comprehensive guide explains the exact UK ETA photo requirements for 2026, including dimensions, background, lighting, and how to take the [&hellip;]<\/p>\n","protected":false},"author":1,"featured_media":119,"comment_status":"open","ping_status":"open","sticky":false,"template":"","format":"standard","meta":{"site-sidebar-layout":"default","site-content-layout":"","ast-site-content-layout":"default","site-content-style":"default","site-sidebar-style":"default","ast-global-header-display":"","ast-banner-title-visibility":"","ast-main-header-display":"","ast-hfb-above-header-display":"","ast-hfb-below-header-display":"","ast-hfb-mobile-header-display":"","site-post-title":"","ast-breadcrumbs-content":"","ast-featured-img":"","footer-sml-layout":"","theme-transparent-header-meta":"","adv-header-id-meta":"","stick-header-meta":"","header-above-stick-meta":"","header-main-stick-meta":"","header-below-stick-meta":"","astra-migrate-meta-layouts":"default","ast-page-background-enabled":"default","ast-page-background-meta":{"desktop":{"background-color":"var(--ast-global-color-4)","background-image":"","background-repeat":"repeat","background-position":"center center","background-size":"auto","background-attachment":"scroll","background-type":"","background-media":"","overlay-type":"","overlay-color":"","overlay-opacity":"","overlay-gradient":""},"tablet":{"background-color":"","background-image":"","background-repeat":"repeat","background-position":"center center","background-size":"auto","background-attachment":"scroll","background-type":"","background-media":"","overlay-type":"","overlay-color":"","overlay-opacity":"","overlay-gradient":""},"mobile":{"background-color":"","background-image":"","background-repeat":"repeat","background-position":"center center","background-size":"auto","background-attachment":"scroll","background-type":"","background-media":"","overlay-type":"","overlay-color":"","overlay-opacity":"","overlay-gradient":""}},"ast-content-background-meta":{"desktop":{"background-color":"var(--ast-global-color-5)","background-image":"","background-repeat":"repeat","background-position":"center center","background-size":"auto","background-attachment":"scroll","background-type":"","background-media":"","overlay-type":"","overlay-color":"","overlay-opacity":"","overlay-gradient":""},"tablet":{"background-color":"var(--ast-global-color-5)","background-image":"","background-repeat":"repeat","background-position":"center center","background-size":"auto","background-attachment":"scroll","background-type":"","background-media":"","overlay-type":"","overlay-color":"","overlay-opacity":"","overlay-gradient":""},"mobile":{"background-color":"var(--ast-global-color-5)","background-image":"","background-repeat":"repeat","background-position":"center center","background-size":"auto","background-attachment":"scroll","background-type":"","background-media":"","overlay-type":"","overlay-color":"","overlay-opacity":"","overlay-gradient":""}},"footnotes":""},"categories":[12,128],"tags":[134,137,133],"class_list":["post-1782","post","type-post","status-publish","format-standard","has-post-thumbnail","hentry","category-blog","category-uk-eta-application","tag-eta-application","tag-eta-requirements","tag-uk-eta-2026"],"yoast_head":"<!-- This site is optimized with the Yoast SEO plugin v27.8 - https:\/\/yoast.com\/product\/yoast-seo-wordpress\/ -->\n<title>UK ETA Photo Requirements 2026<\/title>\n<meta name=\"description\" content=\"Official UK ETA photo requirements for 2026. Learn exact specifications for digital passport photos, common rejection reasons.\" \/>\n<meta name=\"robots\" content=\"index, follow, max-snippet:-1, max-image-preview:large, max-video-preview:-1\" \/>\n<link rel=\"canonical\" href=\"https:\/\/visaeta.uk\/hu\/blog\/uk-eta-photo-requirements-2026\/\" \/>\n<meta property=\"og:locale\" content=\"hu_HU\" \/>\n<meta property=\"og:type\" content=\"article\" \/>\n<meta property=\"og:title\" content=\"UK ETA Photo Requirements 2026\" \/>\n<meta property=\"og:description\" content=\"Official UK ETA photo requirements for 2026. Learn exact specifications for digital passport photos, common rejection reasons.\" \/>\n<meta property=\"og:url\" content=\"https:\/\/visaeta.uk\/hu\/blog\/uk-eta-photo-requirements-2026\/\" \/>\n<meta property=\"og:site_name\" content=\"ETA VISA UK\" \/>\n<meta property=\"article:published_time\" content=\"2026-02-19T08:00:00+00:00\" \/>\n<meta property=\"article:modified_time\" content=\"2026-05-16T10:13:01+00:00\" \/>\n<meta property=\"og:image\" content=\"https:\/\/visaeta.uk\/wp-content\/uploads\/2024\/07\/depositphotos_11536028-stock-photo-red-double-decker-for-parliament.webp\" \/>\n\t<meta property=\"og:image:width\" content=\"600\" \/>\n\t<meta property=\"og:image:height\" content=\"419\" \/>\n\t<meta property=\"og:image:type\" content=\"image\/webp\" \/>\n<meta name=\"author\" content=\"VisaETA Editorial Team\" \/>\n<meta name=\"twitter:card\" content=\"summary_large_image\" \/>\n<meta name=\"twitter:label1\" content=\"Szerz\u0151:\" \/>\n\t<meta name=\"twitter:data1\" content=\"VisaETA Editorial Team\" \/>\n\t<meta name=\"twitter:label2\" content=\"Becs\u00fclt olvas\u00e1si id\u0151\" \/>\n\t<meta name=\"twitter:data2\" content=\"9 perc\" \/>\n<script type=\"application\/ld+json\" class=\"yoast-schema-graph\">{\"@context\":\"https:\\\/\\\/schema.org\",\"@graph\":[{\"@type\":\"Article\",\"@id\":\"https:\\\/\\\/visaeta.uk\\\/blog\\\/uk-eta-photo-requirements-2026\\\/#article\",\"isPartOf\":{\"@id\":\"https:\\\/\\\/visaeta.uk\\\/blog\\\/uk-eta-photo-requirements-2026\\\/\"},\"author\":{\"name\":\"VisaETA Editorial Team\",\"@id\":\"https:\\\/\\\/visaeta.uk\\\/#\\\/schema\\\/person\\\/81b5965766d02d43333b31730f5fa1c3\"},\"headline\":\"UK ETA Photo Requirements 2026: Complete Guide to Getting Your Photo Right\",\"datePublished\":\"2026-02-19T08:00:00+00:00\",\"dateModified\":\"2026-05-16T10:13:01+00:00\",\"mainEntityOfPage\":{\"@id\":\"https:\\\/\\\/visaeta.uk\\\/blog\\\/uk-eta-photo-requirements-2026\\\/\"},\"wordCount\":1735,\"commentCount\":0,\"publisher\":{\"@id\":\"https:\\\/\\\/visaeta.uk\\\/#organization\"},\"image\":{\"@id\":\"https:\\\/\\\/visaeta.uk\\\/blog\\\/uk-eta-photo-requirements-2026\\\/#primaryimage\"},\"thumbnailUrl\":\"https:\\\/\\\/visaeta.uk\\\/wp-content\\\/uploads\\\/2024\\\/07\\\/depositphotos_11536028-stock-photo-red-double-decker-for-parliament.webp\",\"keywords\":[\"ETA Application\",\"ETA Requirements\",\"UK ETA 2026\"],\"articleSection\":[\"BLOG\",\"UK ETA Application\"],\"inLanguage\":\"hu\",\"potentialAction\":[{\"@type\":\"CommentAction\",\"name\":\"Comment\",\"target\":[\"https:\\\/\\\/visaeta.uk\\\/blog\\\/uk-eta-photo-requirements-2026\\\/#respond\"]}]},{\"@type\":\"WebPage\",\"@id\":\"https:\\\/\\\/visaeta.uk\\\/blog\\\/uk-eta-photo-requirements-2026\\\/\",\"url\":\"https:\\\/\\\/visaeta.uk\\\/blog\\\/uk-eta-photo-requirements-2026\\\/\",\"name\":\"UK ETA Photo Requirements 2026\",\"isPartOf\":{\"@id\":\"https:\\\/\\\/visaeta.uk\\\/#website\"},\"primaryImageOfPage\":{\"@id\":\"https:\\\/\\\/visaeta.uk\\\/blog\\\/uk-eta-photo-requirements-2026\\\/#primaryimage\"},\"image\":{\"@id\":\"https:\\\/\\\/visaeta.uk\\\/blog\\\/uk-eta-photo-requirements-2026\\\/#primaryimage\"},\"thumbnailUrl\":\"https:\\\/\\\/visaeta.uk\\\/wp-content\\\/uploads\\\/2024\\\/07\\\/depositphotos_11536028-stock-photo-red-double-decker-for-parliament.webp\",\"datePublished\":\"2026-02-19T08:00:00+00:00\",\"dateModified\":\"2026-05-16T10:13:01+00:00\",\"description\":\"Official UK ETA photo requirements for 2026. Learn exact specifications for digital passport photos, common rejection reasons.\",\"breadcrumb\":{\"@id\":\"https:\\\/\\\/visaeta.uk\\\/blog\\\/uk-eta-photo-requirements-2026\\\/#breadcrumb\"},\"inLanguage\":\"hu\",\"potentialAction\":[{\"@type\":\"ReadAction\",\"target\":[\"https:\\\/\\\/visaeta.uk\\\/blog\\\/uk-eta-photo-requirements-2026\\\/\"]}]},{\"@type\":\"ImageObject\",\"inLanguage\":\"hu\",\"@id\":\"https:\\\/\\\/visaeta.uk\\\/blog\\\/uk-eta-photo-requirements-2026\\\/#primaryimage\",\"url\":\"https:\\\/\\\/visaeta.uk\\\/wp-content\\\/uploads\\\/2024\\\/07\\\/depositphotos_11536028-stock-photo-red-double-decker-for-parliament.webp\",\"contentUrl\":\"https:\\\/\\\/visaeta.uk\\\/wp-content\\\/uploads\\\/2024\\\/07\\\/depositphotos_11536028-stock-photo-red-double-decker-for-parliament.webp\",\"width\":600,\"height\":419},{\"@type\":\"BreadcrumbList\",\"@id\":\"https:\\\/\\\/visaeta.uk\\\/blog\\\/uk-eta-photo-requirements-2026\\\/#breadcrumb\",\"itemListElement\":[{\"@type\":\"ListItem\",\"position\":1,\"name\":\"Home\",\"item\":\"https:\\\/\\\/visaeta.uk\\\/\"},{\"@type\":\"ListItem\",\"position\":2,\"name\":\"UK ETA Photo Requirements 2026: Complete Guide to Getting Your Photo Right\"}]},{\"@type\":\"WebSite\",\"@id\":\"https:\\\/\\\/visaeta.uk\\\/#website\",\"url\":\"https:\\\/\\\/visaeta.uk\\\/\",\"name\":\"ETA VISA TO THE GREAT BRITAIN - UK\",\"description\":\"\",\"publisher\":{\"@id\":\"https:\\\/\\\/visaeta.uk\\\/#organization\"},\"alternateName\":\"ETA visa to the UK\",\"potentialAction\":[{\"@type\":\"SearchAction\",\"target\":{\"@type\":\"EntryPoint\",\"urlTemplate\":\"https:\\\/\\\/visaeta.uk\\\/?s={search_term_string}\"},\"query-input\":{\"@type\":\"PropertyValueSpecification\",\"valueRequired\":true,\"valueName\":\"search_term_string\"}}],\"inLanguage\":\"hu\"},{\"@type\":\"Organization\",\"@id\":\"https:\\\/\\\/visaeta.uk\\\/#organization\",\"name\":\"ETA VISA UK\",\"url\":\"https:\\\/\\\/visaeta.uk\\\/\",\"logo\":{\"@type\":\"ImageObject\",\"inLanguage\":\"hu\",\"@id\":\"https:\\\/\\\/visaeta.uk\\\/#\\\/schema\\\/logo\\\/image\\\/\",\"url\":\"https:\\\/\\\/visaeta.uk\\\/wp-content\\\/uploads\\\/2023\\\/11\\\/cropped-ETA-UK-2.png\",\"contentUrl\":\"https:\\\/\\\/visaeta.uk\\\/wp-content\\\/uploads\\\/2023\\\/11\\\/cropped-ETA-UK-2.png\",\"width\":269,\"height\":53,\"caption\":\"ETA VISA UK\"},\"image\":{\"@id\":\"https:\\\/\\\/visaeta.uk\\\/#\\\/schema\\\/logo\\\/image\\\/\"}},{\"@type\":\"Person\",\"@id\":\"https:\\\/\\\/visaeta.uk\\\/#\\\/schema\\\/person\\\/81b5965766d02d43333b31730f5fa1c3\",\"name\":\"VisaETA Editorial Team\",\"image\":{\"@type\":\"ImageObject\",\"inLanguage\":\"hu\",\"@id\":\"https:\\\/\\\/secure.gravatar.com\\\/avatar\\\/77324b0d1ba9a1c5a0b04ea41b2c3f26d5e8eefd0ee6b4f256de4805c6ebd71c?s=96&d=mm&r=g\",\"url\":\"https:\\\/\\\/secure.gravatar.com\\\/avatar\\\/77324b0d1ba9a1c5a0b04ea41b2c3f26d5e8eefd0ee6b4f256de4805c6ebd71c?s=96&d=mm&r=g\",\"contentUrl\":\"https:\\\/\\\/secure.gravatar.com\\\/avatar\\\/77324b0d1ba9a1c5a0b04ea41b2c3f26d5e8eefd0ee6b4f256de4805c6ebd71c?s=96&d=mm&r=g\",\"caption\":\"VisaETA Editorial Team\"},\"sameAs\":[\"http:\\\/\\\/visaeta.uk\"],\"url\":\"https:\\\/\\\/visaeta.uk\\\/hu\\\/author\\\/admin\\\/\"}]}<\/script>\n<!-- \/ Yoast SEO plugin. -->","yoast_head_json":{"title":"UK ETA Photo Requirements 2026","description":"Hivatalos brit ETA-fot\u00f3k\u00f6vetelm\u00e9nyek 2026-ra. Ismerje meg a digit\u00e1lis \u00fatlev\u00e9lfot\u00f3kra vonatkoz\u00f3 pontos el\u0151\u00edr\u00e1sokat, a gyakori elutas\u00edt\u00e1si okokat.","robots":{"index":"index","follow":"follow","max-snippet":"max-snippet:-1","max-image-preview":"max-image-preview:large","max-video-preview":"max-video-preview:-1"},"canonical":"https:\/\/visaeta.uk\/hu\/blog\/uk-eta-photo-requirements-2026\/","og_locale":"hu_HU","og_type":"article","og_title":"UK ETA Photo Requirements 2026","og_description":"Official UK ETA photo requirements for 2026. Learn exact specifications for digital passport photos, common rejection reasons.","og_url":"https:\/\/visaeta.uk\/hu\/blog\/uk-eta-photo-requirements-2026\/","og_site_name":"ETA VISA UK","article_published_time":"2026-02-19T08:00:00+00:00","article_modified_time":"2026-05-16T10:13:01+00:00","og_image":[{"width":600,"height":419,"url":"https:\/\/visaeta.uk\/wp-content\/uploads\/2024\/07\/depositphotos_11536028-stock-photo-red-double-decker-for-parliament.webp","type":"image\/webp"}],"author":"VisaETA Editorial Team","twitter_card":"summary_large_image","twitter_misc":{"Szerz\u0151:":"VisaETA Editorial Team","Becs\u00fclt olvas\u00e1si id\u0151":"9 perc"},"schema":{"@context":"https:\/\/schema.org","@graph":[{"@type":"Article","@id":"https:\/\/visaeta.uk\/blog\/uk-eta-photo-requirements-2026\/#article","isPartOf":{"@id":"https:\/\/visaeta.uk\/blog\/uk-eta-photo-requirements-2026\/"},"author":{"name":"VisaETA Editorial Team","@id":"https:\/\/visaeta.uk\/#\/schema\/person\/81b5965766d02d43333b31730f5fa1c3"},"headline":"UK ETA Photo Requirements 2026: Complete Guide to Getting Your Photo Right","datePublished":"2026-02-19T08:00:00+00:00","dateModified":"2026-05-16T10:13:01+00:00","mainEntityOfPage":{"@id":"https:\/\/visaeta.uk\/blog\/uk-eta-photo-requirements-2026\/"},"wordCount":1735,"commentCount":0,"publisher":{"@id":"https:\/\/visaeta.uk\/#organization"},"image":{"@id":"https:\/\/visaeta.uk\/blog\/uk-eta-photo-requirements-2026\/#primaryimage"},"thumbnailUrl":"https:\/\/visaeta.uk\/wp-content\/uploads\/2024\/07\/depositphotos_11536028-stock-photo-red-double-decker-for-parliament.webp","keywords":["ETA Application","ETA Requirements","UK ETA 2026"],"articleSection":["BLOG","UK ETA Application"],"inLanguage":"hu","potentialAction":[{"@type":"CommentAction","name":"Comment","target":["https:\/\/visaeta.uk\/blog\/uk-eta-photo-requirements-2026\/#respond"]}]},{"@type":"WebPage","@id":"https:\/\/visaeta.uk\/blog\/uk-eta-photo-requirements-2026\/","url":"https:\/\/visaeta.uk\/blog\/uk-eta-photo-requirements-2026\/","name":"UK ETA Photo Requirements 2026","isPartOf":{"@id":"https:\/\/visaeta.uk\/#website"},"primaryImageOfPage":{"@id":"https:\/\/visaeta.uk\/blog\/uk-eta-photo-requirements-2026\/#primaryimage"},"image":{"@id":"https:\/\/visaeta.uk\/blog\/uk-eta-photo-requirements-2026\/#primaryimage"},"thumbnailUrl":"https:\/\/visaeta.uk\/wp-content\/uploads\/2024\/07\/depositphotos_11536028-stock-photo-red-double-decker-for-parliament.webp","datePublished":"2026-02-19T08:00:00+00:00","dateModified":"2026-05-16T10:13:01+00:00","description":"Hivatalos brit ETA-fot\u00f3k\u00f6vetelm\u00e9nyek 2026-ra. Ismerje meg a digit\u00e1lis \u00fatlev\u00e9lfot\u00f3kra vonatkoz\u00f3 pontos el\u0151\u00edr\u00e1sokat, a gyakori elutas\u00edt\u00e1si okokat.","breadcrumb":{"@id":"https:\/\/visaeta.uk\/blog\/uk-eta-photo-requirements-2026\/#breadcrumb"},"inLanguage":"hu","potentialAction":[{"@type":"ReadAction","target":["https:\/\/visaeta.uk\/blog\/uk-eta-photo-requirements-2026\/"]}]},{"@type":"ImageObject","inLanguage":"hu","@id":"https:\/\/visaeta.uk\/blog\/uk-eta-photo-requirements-2026\/#primaryimage","url":"https:\/\/visaeta.uk\/wp-content\/uploads\/2024\/07\/depositphotos_11536028-stock-photo-red-double-decker-for-parliament.webp","contentUrl":"https:\/\/visaeta.uk\/wp-content\/uploads\/2024\/07\/depositphotos_11536028-stock-photo-red-double-decker-for-parliament.webp","width":600,"height":419},{"@type":"BreadcrumbList","@id":"https:\/\/visaeta.uk\/blog\/uk-eta-photo-requirements-2026\/#breadcrumb","itemListElement":[{"@type":"ListItem","position":1,"name":"Home","item":"https:\/\/visaeta.uk\/"},{"@type":"ListItem","position":2,"name":"UK ETA Photo Requirements 2026: Complete Guide to Getting Your Photo Right"}]},{"@type":"WebSite","@id":"https:\/\/visaeta.uk\/#website","url":"https:\/\/visaeta.uk\/","name":"ETA V\u00cdZUM NAGY-BRITANNI\u00c1BA - UK","description":"","publisher":{"@id":"https:\/\/visaeta.uk\/#organization"},"alternateName":"ETA visa to the UK","potentialAction":[{"@type":"SearchAction","target":{"@type":"EntryPoint","urlTemplate":"https:\/\/visaeta.uk\/?s={search_term_string}"},"query-input":{"@type":"PropertyValueSpecification","valueRequired":true,"valueName":"search_term_string"}}],"inLanguage":"hu"},{"@type":"Organization","@id":"https:\/\/visaeta.uk\/#organization","name":"ETA v\u00edzum Egyes\u00fclt Kir\u00e1lys\u00e1g","url":"https:\/\/visaeta.uk\/","logo":{"@type":"ImageObject","inLanguage":"hu","@id":"https:\/\/visaeta.uk\/#\/schema\/logo\/image\/","url":"https:\/\/visaeta.uk\/wp-content\/uploads\/2023\/11\/cropped-ETA-UK-2.png","contentUrl":"https:\/\/visaeta.uk\/wp-content\/uploads\/2023\/11\/cropped-ETA-UK-2.png","width":269,"height":53,"caption":"ETA VISA UK"},"image":{"@id":"https:\/\/visaeta.uk\/#\/schema\/logo\/image\/"}},{"@type":"Person","@id":"https:\/\/visaeta.uk\/#\/schema\/person\/81b5965766d02d43333b31730f5fa1c3","name":"VisaETA Szerkeszt\u0151s\u00e9g","image":{"@type":"ImageObject","inLanguage":"hu","@id":"https:\/\/secure.gravatar.com\/avatar\/77324b0d1ba9a1c5a0b04ea41b2c3f26d5e8eefd0ee6b4f256de4805c6ebd71c?s=96&d=mm&r=g","url":"https:\/\/secure.gravatar.com\/avatar\/77324b0d1ba9a1c5a0b04ea41b2c3f26d5e8eefd0ee6b4f256de4805c6ebd71c?s=96&d=mm&r=g","contentUrl":"https:\/\/secure.gravatar.com\/avatar\/77324b0d1ba9a1c5a0b04ea41b2c3f26d5e8eefd0ee6b4f256de4805c6ebd71c?s=96&d=mm&r=g","caption":"VisaETA Editorial Team"},"sameAs":["http:\/\/visaeta.uk"],"url":"https:\/\/visaeta.uk\/hu\/author\/admin\/"}]}},"_links":{"self":[{"href":"https:\/\/visaeta.uk\/hu\/wp-json\/wp\/v2\/posts\/1782","targetHints":{"allow":["GET"]}}],"collection":[{"href":"https:\/\/visaeta.uk\/hu\/wp-json\/wp\/v2\/posts"}],"about":[{"href":"https:\/\/visaeta.uk\/hu\/wp-json\/wp\/v2\/types\/post"}],"author":[{"embeddable":true,"href":"https:\/\/visaeta.uk\/hu\/wp-json\/wp\/v2\/users\/1"}],"replies":[{"embeddable":true,"href":"https:\/\/visaeta.uk\/hu\/wp-json\/wp\/v2\/comments?post=1782"}],"version-history":[{"count":16,"href":"https:\/\/visaeta.uk\/hu\/wp-json\/wp\/v2\/posts\/1782\/revisions"}],"predecessor-version":[{"id":6010,"href":"https:\/\/visaeta.uk\/hu\/wp-json\/wp\/v2\/posts\/1782\/revisions\/6010"}],"wp:featuredmedia":[{"embeddable":true,"href":"https:\/\/visaeta.uk\/hu\/wp-json\/wp\/v2\/media\/119"}],"wp:attachment":[{"href":"https:\/\/visaeta.uk\/hu\/wp-json\/wp\/v2\/media?parent=1782"}],"wp:term":[{"taxonomy":"category","embeddable":true,"href":"https:\/\/visaeta.uk\/hu\/wp-json\/wp\/v2\/categories?post=1782"},{"taxonomy":"post_tag","embeddable":true,"href":"https:\/\/visaeta.uk\/hu\/wp-json\/wp\/v2\/tags?post=1782"}],"curies":[{"name":"wp","href":"https:\/\/api.w.org\/{rel}","templated":true}]}}