{"id":1990,"date":"2026-02-20T09:00:00","date_gmt":"2026-02-20T08:00:00","guid":{"rendered":"https:\/\/visaeta.uk\/?p=1990"},"modified":"2026-05-16T11:13:51","modified_gmt":"2026-05-16T10:13:51","slug":"2026-februarjaban-lejaro-brit-eta-turelmi-ido","status":"publish","type":"post","link":"https:\/\/visaeta.uk\/hu\/blog\/uk-eta-grace-period-ending-february-2026\/","title":{"rendered":"UK ETA Grace Period Ending: 2026. febru\u00e1r 25-t\u0151l nincs t\u00f6bb utaz\u00e1s enged\u00e9ly n\u00e9lk\u00fcl"},"content":{"rendered":"<article itemscope itemtype=\"https:\/\/schema.org\/Article\">\n<h1 itemprop=\"headline\">UK ETA Grace Period Ending: 2026. febru\u00e1r 25-t\u0151l nincs t\u00f6bb utaz\u00e1s enged\u00e9ly n\u00e9lk\u00fcl<\/h1>\n<p><strong>Utols\u00f3 friss\u00edt\u00e9s: febru\u00e1r 2026<\/strong> | <em>Olvas\u00e1si id\u0151: 10 perc<\/em><\/p>\n<div style=\"background:linear-gradient(135deg,#e8f4fd,#d1ecf1);border:2px solid #0c5460;padding:24px 28px;margin:28px 0;border-radius:10px\">\n<h2 style=\"margin:0 0 16px;color:#0c5460;font-size:1.3em\">F\u0151bb t\u00e9nyek: UK ETA t\u00fcrelmi id\u0151 lej\u00e1rta<\/h2>\n<ul style=\"margin:0;padding-left:20px;color:#0c5460;line-height:1.9\">\n<li><strong>A t\u00fcrelmi id\u0151szak v\u00e9ge:<\/strong> febru\u00e1r 25. 2026 - a teljes v\u00e9grehajt\u00e1s megkezd\u0151dik<\/li>\n<li><strong>ETA k\u00f6lts\u00e9g:<\/strong> 20 font alkalmaz\u00e1sonk\u00e9nt (20 fontr\u00f3l 20 fontra emelkedett)<\/li>\n<li><strong>\u00c9rv\u00e9nyess\u00e9g:<\/strong> A kibocs\u00e1t\u00e1st\u00f3l sz\u00e1m\u00edtott 2 \u00e9v<\/li>\n<li><strong>Feldolgoz\u00e1si id\u0151:<\/strong> \u00c1ltal\u00e1ban 3 munkanapon bel\u00fcl (bonyolult esetekben ak\u00e1r 2 h\u00e9ten bel\u00fcl)<\/li>\n<li><strong>Kinek van r\u00e1 sz\u00fcks\u00e9ge:<\/strong> Minden, az Egyes\u00fclt Kir\u00e1lys\u00e1gba l\u00e1togat\u00f3 nem v\u00edzumk\u00f6teles \u00e1llampolg\u00e1r (<a href=\"https:\/\/www.visitbritain.com\/en\" target=\"_blank\" rel=\"noopener\">VisitBritain<\/a>), bele\u00e9rtve az EU\/EGT \u00e1llampolg\u00e1rokat is<\/li>\n<li><strong>A meg nem felel\u00e9s k\u00f6vetkezm\u00e9nyei:<\/strong> A l\u00e9git\u00e1rsas\u00e1gok megtagadt\u00e1k a besz\u00e1ll\u00e1st; <a href=\"\/hu\/blog\/what-happens-if-uk-eta-is-refused-what-to-do\/\">ETA elutas\u00edt\u00e1s<\/a> bel\u00e9p\u00e9s az Egyes\u00fclt Kir\u00e1lys\u00e1g hat\u00e1r\u00e1n<\/li>\n<li><strong>Jelentkezzen most:<\/strong> <a href=\"https:\/\/form.visaeta.uk\/form\/\" style=\"color:#0c5460;font-weight:700\">Itt ny\u00fajthatja be ETA k\u00e9relm\u00e9t az Egyes\u00fclt Kir\u00e1lys\u00e1gban<\/a><\/li>\n<\/ul>\n<\/div>\n<p>Az Egyes\u00fclt Kir\u00e1lys\u00e1g <a href=\"https:\/\/www.gov.uk\/eta\" target=\"_blank\" rel=\"noopener\">Elektronikus utaz\u00e1si enged\u00e9ly<\/a> (ETA) rendszer alapvet\u0151en megv\u00e1ltoztatta az Egyes\u00fclt Kir\u00e1lys\u00e1gba utaz\u00f3k milli\u00f3inak beutaz\u00e1si m\u00f3dj\u00e1t. Mivel a rendszer fokozatos bevezet\u00e9se 2024 v\u00e9g\u00e9n kezd\u0151d\u00f6tt, a brit korm\u00e1ny t\u00fcrelmi id\u0151t - egy \u00e1tmeneti id\u0151szakot - m\u0171k\u00f6dtetett, amelynek c\u00e9lja, hogy id\u0151t adjon az utaz\u00f3knak, a l\u00e9git\u00e1rsas\u00e1goknak \u00e9s a hat\u00e1r\u0151rizeti szerveknek, hogy alkalmazkodjanak az \u00faj digit\u00e1lis bel\u00e9p\u00e9si k\u00f6vetelm\u00e9nyekhez. Ez a t\u00fcrelmi id\u0151 most v\u00e9get \u00e9r. Ezen t\u00falmen\u0151en, a <strong>febru\u00e1r 25. 2026<\/strong>, a brit ETA t\u00fcrelmi id\u0151 lej\u00e1rta azt jelenti, hogy minden jogosult utasnak \u00e9rv\u00e9nyes ETA-val kell rendelkeznie, miel\u0151tt felsz\u00e1ll az Egyes\u00fclt Kir\u00e1lys\u00e1gba tart\u00f3 rep\u00fcl\u0151g\u00e9pre, vonatra vagy kompra. Nem lesz t\u00f6bb\u00e9 kiv\u00e9tel, nincs t\u00f6bb\u00e9 enged\u00e9kenys\u00e9g, \u00e9s nincs t\u00f6bb\u00e9 m\u00e1sodik es\u00e9ly a hat\u00e1ron.<\/p>\n<p><strong>Kulcsfontoss\u00e1g\u00fa t\u00e9ny:<\/strong> Az Egyes\u00fclt Kir\u00e1lys\u00e1gban az ETA 20 fontba ker\u00fcl k\u00e9relemenk\u00e9nt, 2 \u00e9vig vagy az \u00fatlev\u00e9l lej\u00e1rt\u00e1ig \u00e9rv\u00e9nyes, \u00e9s korl\u00e1tlan sz\u00e1m\u00fa, egyenk\u00e9nt legfeljebb 6 h\u00f3napos l\u00e1togat\u00e1st tesz lehet\u0151v\u00e9. A 48 jogosult orsz\u00e1g \u00e1llampolg\u00e1rainak utaz\u00e1sa el\u0151tt ETA-t kell szerezni\u00fck (Forr\u00e1s: <a href=\"https:\/\/www.gov.uk\/guidance\/apply-for-an-electronic-travel-authorisation-eta\" target=\"_blank\" rel=\"noopener\">GOV.UK<\/a>).<\/p>\n\n<div class=\"fee-increase-notice\" style=\"background:linear-gradient(135deg,#fff3cd,#ffeaa7);border-left:4px solid #f39c12;padding:20px 24px;margin:24px 0;border-radius:0 8px 8px 0\">\n<p style=\"margin:0 0 8px;font-weight:700;color:#856404\">\u26a0\ufe0f UK ETA d\u00edjemel\u00e9s - Hat\u00e1lyos 2026. febru\u00e1r 25.<\/p>\n<p style=\"margin:0;color:#856404\">A brit ETA-d\u00edj 20 fontr\u00f3l 20 fontra emelkedett <strong>\u00a320<\/strong> 2026. febru\u00e1r 25-\u00e9n. A cikkben szerepl\u0151 \u00e1rak aktu\u00e1lisak. <a href=\"https:\/\/form.visaeta.uk\/form\/\" style=\"color:#856404;font-weight:600\">Jelentkezzen most \u2192<\/a><\/p>\n<\/div>\n<p>Ha kor\u00e1bban az \u00e1tmeneti id\u0151szak alatt ETA n\u00e9lk\u00fcl utazott az Egyes\u00fclt Kir\u00e1lys\u00e1gba, ez a cikk alapvet\u0151 olvasm\u00e1ny. Tov\u00e1bb\u00e1 pontosan elmagyar\u00e1zzuk, hogy mi volt a t\u00fcrelmi id\u0151szak, mi\u00e9rt volt, mi v\u00e1ltozik 2026. febru\u00e1r 25-\u00e9n, \u00e9s mit kell tennie most azonnal, hogy elker\u00fclje a rept\u00e9ren val\u00f3 reked\u00e9st. A v\u00e9grehajt\u00e1si v\u00e1ltoz\u00e1sok sz\u00e9lesebb k\u00f6r\u0171 \u00e1ttekint\u00e9s\u00e9t l\u00e1sd az al\u00e1bbiakban tal\u00e1lhat\u00f3 \u00fatmutat\u00f3nkban <a href=\"\/hu\/blog\/uk-eta-now-mandatory-full-enforcement-starts-25-february-2026\/\">Az Egyes\u00fclt Kir\u00e1lys\u00e1gban az ETA m\u00e1r k\u00f6telez\u0151: teljes k\u00f6r\u0171 v\u00e9grehajt\u00e1s 2026. febru\u00e1r 25-t\u0151l<\/a>.<\/p>\n\n<figure class=\"wp-block-image size-large\"><img loading=\"lazy\" decoding=\"async\" width=\"2048\" height=\"1795\" src=\"https:\/\/visaeta.uk\/wp-content\/uploads\/2025\/08\/Minimum-Passport-Validity-Period.png\" alt=\"\u00datlev\u00e9l \u00e9rv\u00e9nyess\u00e9ge az Egyes\u00fclt Kir\u00e1lys\u00e1gba val\u00f3 bel\u00e9p\u00e9shez 2025-ben: Ker\u00fclje el az utaz\u00e1si stresszt\" class=\"wp-image-1421\" srcset=\"https:\/\/visaeta.uk\/wp-content\/uploads\/2025\/08\/Minimum-Passport-Validity-Period.png 2048w, https:\/\/visaeta.uk\/wp-content\/uploads\/2025\/08\/Minimum-Passport-Validity-Period-300x263.png 300w, https:\/\/visaeta.uk\/wp-content\/uploads\/2025\/08\/Minimum-Passport-Validity-Period-1024x898.png 1024w, https:\/\/visaeta.uk\/wp-content\/uploads\/2025\/08\/Minimum-Passport-Validity-Period-768x673.png 768w, https:\/\/visaeta.uk\/wp-content\/uploads\/2025\/08\/Minimum-Passport-Validity-Period-1536x1346.png 1536w, https:\/\/visaeta.uk\/wp-content\/uploads\/2025\/08\/Minimum-Passport-Validity-Period-14x12.png 14w\" sizes=\"auto, (max-width: 2048px) 100vw, 2048px\" \/><\/figure>\n\n\n<p><\/p>\n<h2>Mi volt a brit ETA t\u00fcrelmi id\u0151?<\/h2>\n<p>Amikor az Egyes\u00fclt Kir\u00e1lys\u00e1g korm\u00e1nya elind\u00edtotta az elektronikus utaz\u00e1si enged\u00e9lyez\u00e9si rendszert, a tisztvisel\u0151k felismert\u00e9k, hogy az orsz\u00e1g bev\u00e1ndorl\u00e1si keretrendszer\u00e9nek ilyen jelent\u0151s v\u00e1ltoz\u00e1s\u00e1t nem lehet egyik napr\u00f3l a m\u00e1sikra v\u00e9grehajtani. R\u00e1ad\u00e1sul t\u00f6bb tucatnyi orsz\u00e1gb\u00f3l \u00e9rkez\u0151 t\u00f6bb milli\u00f3 utaz\u00f3t kellett t\u00e1j\u00e9koztatni az \u00faj k\u00f6vetelm\u00e9nyr\u0151l, a l\u00e9git\u00e1rsas\u00e1goknak \u00e9s m\u00e1s fuvaroz\u00f3knak pedig id\u0151re volt sz\u00fcks\u00e9g\u00fck ahhoz, hogy az ETA-ellen\u0151rz\u00e9st be\u00e9p\u00edts\u00e9k besz\u00e1ll\u00e1si elj\u00e1r\u00e1saikba. A z\u00f6kken\u0151mentes \u00e1tmenet megk\u00f6nny\u00edt\u00e9se \u00e9rdek\u00e9ben a bel\u00fcgyminiszt\u00e9rium t\u00fcrelmi id\u0151t vezetett be - egy meghat\u00e1rozott id\u0151szakot, amely alatt az Egyes\u00fclt Kir\u00e1lys\u00e1g hat\u00e1r\u00e1ra \u00e9rv\u00e9nyes ETA n\u00e9lk\u00fcl \u00e9rkez\u0151 utaz\u00f3kat nem utas\u00edtj\u00e1k vissza automatikusan.<\/p>\n<p>A t\u00fcrelmi id\u0151 alatt a hat\u00e1r\u0151rs\u00e9g tisztvisel\u0151i tov\u00e1bbra is m\u00e9rlegelhett\u00e9k, hogy beengedik-e azokat az utasokat, akik minden egy\u00e9b beutaz\u00e1si k\u00f6vetelm\u00e9nynek megfeleltek, de m\u00e9g nem kapt\u00e1k meg az ETA-jukat. Emellett a l\u00e9git\u00e1rsas\u00e1gokat arra \u00f6szt\u00f6n\u00f6zt\u00e9k, hogy a besz\u00e1ll\u00e1s el\u0151tt ellen\u0151rizz\u00e9k az ETA st\u00e1tusz\u00e1t, de nem b\u00fcntett\u00e9k meg \u0151ket, ha az ilyen st\u00e1tusz n\u00e9lk\u00fcli utasok utaz\u00e1s\u00e1t enged\u00e9lyezt\u00e9k. Ezt az \u00e1tmeneti megk\u00f6zel\u00edt\u00e9st \u00fagy tervezt\u00e9k, hogy a rep\u00fcl\u0151tereken \u00e9s a kik\u00f6t\u0151kben ne alakuljon ki k\u00e1osz, am\u00edg az \u00faj rendszer be nem \u00e9p\u00fcl.<\/p>\n<p>A t\u00fcrelmi id\u0151 azonban mindig is ideiglenesnek volt sz\u00e1nva. Ez\u00e9rt soha nem volt \u00e1lland\u00f3 mentess\u00e9g, \u00e9s a korm\u00e1ny kezdett\u0151l fogva vil\u00e1goss\u00e1 tette, hogy a teljes k\u00f6r\u0171 v\u00e9grehajt\u00e1s k\u00f6vetkezik. Ezt az id\u0151pontot most meger\u0151s\u00edtett\u00e9k: <strong>febru\u00e1r 25. 2026<\/strong>.<\/p>\n<h2>Az Egyes\u00fclt Kir\u00e1lys\u00e1gban az ETA bevezet\u00e9s\u00e9nek \u00fctemterve: A bevezet\u00e9st\u0151l a teljes v\u00e9grehajt\u00e1sig<\/h2>\n<p>Az Egyes\u00fclt Kir\u00e1lys\u00e1gban lej\u00e1r\u00f3 ETA t\u00fcrelmi id\u0151 meg\u00e9rt\u00e9s\u00e9hez sz\u00fcks\u00e9ges a rendszer szakaszos bevezet\u00e9s\u00e9nek \u00f6sszef\u00fcgg\u00e9sei. Ennek eredm\u00e9nyek\u00e9nt a korm\u00e1ny sz\u00e1nd\u00e9kosan fokozatosan vezette be az ETA-k\u00f6vetelm\u00e9nyt, \u00e9s t\u00f6bb mint egy \u00e9v alatt \u00faj \u00e1llampolg\u00e1ri csoportokra terjesztette ki azt. \u00cdme a teljes id\u0151vonal:<\/p>\n<table style=\"width:100%;border-collapse:collapse;margin:28px 0;font-size:0.97em\">\n<thead>\n<tr style=\"background:#1a3a5c;color:#fff\">\n<th style=\"padding:14px 18px;text-align:left;border:1px solid #2c5282\">D\u00e1tum<\/th>\n<th style=\"padding:14px 18px;text-align:left;border:1px solid #2c5282\">M\u00e9rf\u00f6ldk\u0151<\/th>\n<th style=\"padding:14px 18px;text-align:left;border:1px solid #2c5282\">Ki volt \u00e9rintett<\/th>\n<\/tr>\n<\/thead>\n<tbody>\n<tr style=\"background:#f7fafc\">\n<td style=\"padding:12px 18px;border:1px solid #e2e8f0\"><strong>november 2024<\/strong><\/td>\n<td style=\"padding:12px 18px;border:1px solid #e2e8f0\">Az ETA-rendszer elind\u00edt\u00e1sa<\/td>\n<td style=\"padding:12px 18px;border:1px solid #e2e8f0\">Az \u00d6b\u00f6l-menti Egy\u00fcttm\u0171k\u00f6d\u00e9si Tan\u00e1cs (GCC) \u00e1llampolg\u00e1rai - Bahrein, Kuvait, Om\u00e1n, Katar, Sza\u00fad-Ar\u00e1bia, Egyes\u00fclt Arab Em\u00edrs\u00e9gek.<\/td>\n<\/tr>\n<tr style=\"background:#edf2f7\">\n<td style=\"padding:12px 18px;border:1px solid #e2e8f0\"><strong>2025. janu\u00e1r 8.<\/strong><\/td>\n<td style=\"padding:12px 18px;border:1px solid #e2e8f0\">Az ETA kiterjeszt\u00e9se az eur\u00f3pai \u00e1llampolg\u00e1rokra<\/td>\n<td style=\"padding:12px 18px;border:1px solid #e2e8f0\">EU, EGT \u00e9s sv\u00e1jci \u00e1llampolg\u00e1rok<\/td>\n<\/tr>\n<tr style=\"background:#f7fafc\">\n<td style=\"padding:12px 18px;border:1px solid #e2e8f0\"><strong>2025. \u00e1prilis 2.<\/strong><\/td>\n<td style=\"padding:12px 18px;border:1px solid #e2e8f0\">ETA k\u00f6telez\u0151 minden jogosult \u00e1llampolg\u00e1r sz\u00e1m\u00e1ra<\/td>\n<td style=\"padding:12px 18px;border:1px solid #e2e8f0\">Vil\u00e1gszerte minden nem v\u00edzumk\u00f6teles \u00e1llampolg\u00e1r<\/td>\n<\/tr>\n<tr style=\"background:#fff3cd\">\n<td style=\"padding:12px 18px;border:1px solid #e2e8f0\"><strong>febru\u00e1r 25. 2026<\/strong><\/td>\n<td style=\"padding:12px 18px;border:1px solid #e2e8f0\">A t\u00fcrelmi id\u0151 lej\u00e1r - a teljes v\u00e9grehajt\u00e1s megkezd\u0151dik<\/td>\n<td style=\"padding:12px 18px;border:1px solid #e2e8f0\">Mindenki - nincs kiv\u00e9tel semmilyen nemzetis\u00e9g eset\u00e9ben<\/td>\n<\/tr>\n<\/tbody>\n<\/table>\n<p>Minden egyes f\u00e1zisban b\u0151v\u00fclt azon utaz\u00f3k k\u00f6re, akiknek rendelkezni\u00fck kellett ETA-val, \u00e9s a t\u00fcrelmi id\u0151 mindv\u00e9gig biztons\u00e1gi h\u00e1l\u00f3t jelentett azok sz\u00e1m\u00e1ra, akiket nem v\u00e1rtak. Ez\u00e9rt 2025. \u00e1prilis 2-t\u00f3l az ETA minden v\u00edzummal nem rendelkez\u0151 \u00e1llampolg\u00e1r sz\u00e1m\u00e1ra jogszab\u00e1lyi k\u00f6telezetts\u00e9gg\u00e9 v\u00e1lt, de a v\u00e9grehajt\u00e1s tov\u00e1bbra is rugalmas maradt. Ez a rugalmass\u00e1g 2026. febru\u00e1r 25-\u00e9n teljesen megsz\u0171nik.<\/p>\n<p><\/p>\n<h2>Mi v\u00e1ltozik, ha az Egyes\u00fclt Kir\u00e1lys\u00e1gban az ETA t\u00fcrelmi id\u0151 2026. febru\u00e1r 25-\u00e9n lej\u00e1r?<\/h2>\n<p>Az Egyes\u00fclt Kir\u00e1lys\u00e1gban az ETA t\u00fcrelmi id\u0151szak\u00e1nak v\u00e9ge kem\u00e9ny v\u00e1lt\u00e1st jelent a diszkrecion\u00e1lis v\u00e9grehajt\u00e1st\u00f3l a k\u00f6telez\u0151 megfelel\u00e9s fel\u00e9. A k\u00f6vetkez\u0151 v\u00e1ltoz\u00e1sok 2026. febru\u00e1r 25. ut\u00e1n l\u00e9pnek teljes m\u00e9rt\u00e9kben hat\u00e1lyba:<\/p>\n<h3>A l\u00e9git\u00e1rsas\u00e1goknak \u00e9s a fuvaroz\u00f3knak a besz\u00e1ll\u00e1s el\u0151tt ellen\u0151rizni\u00fck kell az ETA st\u00e1tuszt<\/h3>\n\n<figure class=\"wp-block-image size-large\"><img loading=\"lazy\" decoding=\"async\" width=\"1200\" height=\"800\" src=\"https:\/\/visaeta.uk\/wp-content\/uploads\/2026\/04\/uk-eta-weddings-attending-married-britain-img-3-1.jpg\" alt=\"UK ETA \u00e9s esk\u00fcv\u0151k: k\u00e9p 3, amely az utaz\u00e1si kontextust mutatja\" class=\"wp-image-4950\" srcset=\"https:\/\/visaeta.uk\/wp-content\/uploads\/2026\/04\/uk-eta-weddings-attending-married-britain-img-3-1.jpg 1200w, https:\/\/visaeta.uk\/wp-content\/uploads\/2026\/04\/uk-eta-weddings-attending-married-britain-img-3-1-300x200.jpg 300w, https:\/\/visaeta.uk\/wp-content\/uploads\/2026\/04\/uk-eta-weddings-attending-married-britain-img-3-1-1024x683.jpg 1024w, https:\/\/visaeta.uk\/wp-content\/uploads\/2026\/04\/uk-eta-weddings-attending-married-britain-img-3-1-768x512.jpg 768w, https:\/\/visaeta.uk\/wp-content\/uploads\/2026\/04\/uk-eta-weddings-attending-married-britain-img-3-1-18x12.jpg 18w\" sizes=\"auto, (max-width: 1200px) 100vw, 1200px\" \/><\/figure>\n\n\n<p>Minden l\u00e9git\u00e1rsas\u00e1g, kompszolg\u00e1ltat\u00f3, Eurostar \u00e9s m\u00e1s, az Egyes\u00fclt Kir\u00e1lys\u00e1g \u00fatvonalait kiszolg\u00e1l\u00f3 fuvaroz\u00f3 k\u00f6teles lesz meger\u0151s\u00edteni, hogy az utasok \u00e9rv\u00e9nyes ETA-vel (vagy v\u00edzummal) rendelkeznek-e, miel\u0151tt \u00e1tengedn\u00e9k \u0151ket a fed\u00e9lzetre. Ez az ellen\u0151rz\u00e9s az indul\u00e1s hely\u00e9n - a check-in pultn\u00e1l vagy a besz\u00e1ll\u00f3kapun\u00e1l - t\u00f6rt\u00e9nik. Ha nem rendelkezik \u00e9rv\u00e9nyes ETA-val, nem engedik felsz\u00e1llni a j\u00e1ratra, vonatra vagy kompra. A k\u00e9relmez\u00e9si folyamat teljes k\u00f6r\u0171 r\u00e9szletei k\u00fcl\u00f6n\u00f6sen a k\u00f6vetkez\u0151 oldalon tal\u00e1lhat\u00f3 l\u00e9p\u00e9sr\u0151l l\u00e9p\u00e9sre \u00fatmutat\u00f3ban tal\u00e1lhat\u00f3k meg <a href=\"\/hu\/blog\/how-to-apply-for-uk-eta-online-2026\/\">hogyan lehet online k\u00e9relmezni az Egyes\u00fclt Kir\u00e1lys\u00e1gban az ETA-t 2026-ban<\/a>.<\/p>\n<h3>A fuvaroz\u00f3kat szankci\u00f3kkal s\u00fajtj\u00e1k a szab\u00e1lyok be nem tart\u00e1sa miatt<\/h3>\n<p>Az Egyes\u00fclt Kir\u00e1lys\u00e1g korm\u00e1nya b\u00fcntet\u00e9si keretet hozott l\u00e9tre azon fuvaroz\u00f3k sz\u00e1m\u00e1ra, amelyek \u00e9rv\u00e9nyes utaz\u00e1si enged\u00e9ly n\u00e9lk\u00fcl sz\u00e1ll\u00edtanak utasokat az Egyes\u00fclt Kir\u00e1lys\u00e1gba. K\u00fcl\u00f6n\u00f6sen azok a l\u00e9git\u00e1rsas\u00e1gok \u00e9s m\u00e1s fuvaroz\u00f3k, amelyek elmulasztj\u00e1k az ETA-st\u00e1tusz ellen\u0151rz\u00e9s\u00e9t, \u00e9s nem jogosult utasokat sz\u00e1ll\u00edttatnak fel, p\u00e9nz\u00fcgyi szankci\u00f3kra sz\u00e1m\u00edthatnak. Ez er\u0151teljes \u00f6szt\u00f6nz\u00e9st jelent a fuvaroz\u00f3k sz\u00e1m\u00e1ra, hogy szigor\u00faan v\u00e9grehajts\u00e1k az ETA-ellen\u0151rz\u00e9seket, ami azt jelenti, hogy az ETA-val nem rendelkez\u0151 utasok nagy val\u00f3sz\u00edn\u0171s\u00e9ggel el sem \u00e9rik az Egyes\u00fclt Kir\u00e1lys\u00e1g hat\u00e1r\u00e1t.<\/p>\n<h3>A hat\u00e1r\u0151rs\u00e9g megtagadja a bel\u00e9p\u00e9st \u00e9rv\u00e9nyes ETA n\u00e9lk\u00fcl<\/h3>\n<p>Akinek m\u00e9gis siker\u00fcl \u00e9rv\u00e9nyes ETA vagy v\u00edzum n\u00e9lk\u00fcl eljutnia az Egyes\u00fclt Kir\u00e1lys\u00e1g valamelyik bel\u00e9p\u00e9si kik\u00f6t\u0151j\u00e9be, annak a hat\u00e1r\u0151rs\u00e9g tisztvisel\u0151i megtagadj\u00e1k a bel\u00e9p\u00e9st. A t\u00fcrelmi id\u0151 alatt a tisztvisel\u0151knek m\u00e9rlegel\u00e9si jogk\u00f6r\u00fckben \u00e1llt m\u00f3djukban az utaz\u00f3kat eseti alapon beengedni. Febru\u00e1r 25. ut\u00e1n 2026-ban ez a m\u00e9rlegel\u00e9si jogk\u00f6r megsz\u0171nik az ETA-jogosult \u00e1llampolg\u00e1rok eset\u00e9ben. P\u00e9ld\u00e1ul, ha nincs \u00e9rv\u00e9nyes ETA, akkor nincs bel\u00e9p\u00e9s - ez ilyen egyszer\u0171. Ha k\u00edv\u00e1ncsi, hogy maradnak-e kiv\u00e9telek, olvassa el cikk\u00fcnket: <a href=\"\/hu\/blog\/can-i-travel-to-uk-without-eta-2026\/\">Utazhatok-e az Egyes\u00fclt Kir\u00e1lys\u00e1gba ETA n\u00e9lk\u00fcl 2026-ban?<\/a><\/p>\n<h2>Mi t\u00f6rt\u00e9nik, ha \u00d6n 2026. febru\u00e1r 25. ut\u00e1n \u00e9rv\u00e9nyes brit ETA n\u00e9lk\u00fcl \u00e9rkezik?<\/h2>\n<p>A t\u00fcrelmi id\u0151 lej\u00e1rta ut\u00e1n \u00e9rv\u00e9nyes ETA n\u00e9lk\u00fcl az Egyes\u00fclt Kir\u00e1lys\u00e1gba t\u00f6rt\u00e9n\u0151 bel\u00e9p\u00e9si k\u00eds\u00e9rlet s\u00falyos \u00e9s azonnali k\u00f6vetkezm\u00e9nyekkel j\u00e1r. A k\u00f6vetkez\u0151kre sz\u00e1m\u00edthatnak az utaz\u00f3k:<\/p>\n<div style=\"background:#fdf2f2;border:2px solid #e53e3e;padding:24px 28px;margin:28px 0;border-radius:10px\">\n<h3 style=\"margin:0 0 16px;color:#c53030\">Az Egyes\u00fclt Kir\u00e1lys\u00e1gban \u00e9rv\u00e9nyes ETA n\u00e9lk\u00fcl t\u00f6rt\u00e9n\u0151 utaz\u00e1s k\u00f6vetkezm\u00e9nyei<\/h3>\n<ul style=\"margin:0;padding-left:20px;color:#742a2a;line-height:1.9\">\n<li><strong>Megtagadott besz\u00e1ll\u00e1s:<\/strong> A l\u00e9git\u00e1rsas\u00e1gok \u00e9s a fuvaroz\u00f3k megtagadj\u00e1k a besz\u00e1ll\u00e1st az indul\u00e1si helyen. Nem fogja el\u00e9rni az Egyes\u00fclt Kir\u00e1lys\u00e1got.<\/li>\n<li><strong>A hat\u00e1ron megtagadt\u00e1k a bel\u00e9p\u00e9st:<\/strong> Ha \u00e9rv\u00e9nyes ETA n\u00e9lk\u00fcl \u00e9rkezik egy brit kik\u00f6t\u0151be, a hat\u00e1r\u0151rs\u00e9g megtagadja \u00d6nt\u0151l a bel\u00e9p\u00e9st, \u00e9s a k\u00f6vetkez\u0151 el\u00e9rhet\u0151 visszautaz\u00f3 j\u00e1ratra helyezhetik.<\/li>\n<li><strong>Fogva tart\u00e1s \u00e9s elt\u00e1vol\u00edt\u00e1s:<\/strong> Bizonyos esetekben az utasokat a bel\u00e9ptet\u00e9si kik\u00f6t\u0151ben visszatarthatj\u00e1k, am\u00edg a kitoloncol\u00e1ssal kapcsolatos int\u00e9zked\u00e9seket megteszik.<\/li>\n<li><strong>P\u00e9nz\u00fcgyi vesztes\u00e9gek:<\/strong> \u00d6n viseli a vissza nem t\u00e9r\u00edtend\u0151 rep\u00fcl\u0151jegyek, sz\u00e1ll\u00e1sfoglal\u00e1sok, utaz\u00e1si csomagok \u00e9s egy\u00e9b utaz\u00e1si meg\u00e1llapod\u00e1sok teljes k\u00f6lts\u00e9g\u00e9t.<\/li>\n<li><strong>A j\u00f6v\u0151beli utaz\u00e1sokra gyakorolt hat\u00e1s:<\/strong> Az Egyes\u00fclt Kir\u00e1lys\u00e1gba val\u00f3 bel\u00e9p\u00e9s megtagad\u00e1sa nyilv\u00e1ntart\u00e1sba ker\u00fcl, \u00e9s hat\u00e1ssal lehet a j\u00f6v\u0151beli v\u00edzum- vagy ETA-k\u00e9relmekre, valamint a m\u00e1s orsz\u00e1gokba val\u00f3 utaz\u00e1sra.<\/li>\n<li><strong>Nincs helysz\u00edni alkalmaz\u00e1s:<\/strong> A rep\u00fcl\u0151t\u00e9ren vagy a hat\u00e1ron nem lehet ETA-t k\u00e9rni. El\u0151zetesen kell beszerezni.<\/li>\n<\/ul>\n<\/div>\n<p>Ezek nem hipotetikus forgat\u00f3k\u00f6nyvek. Hasonl\u00f3k\u00e9ppen, 2026. febru\u00e1r 25-t\u0151l v\u00e1lnak a szabv\u00e1nyos v\u00e9grehajt\u00e1si val\u00f3s\u00e1gg\u00e1. Az Egyes\u00fclt Kir\u00e1lys\u00e1g korm\u00e1ny\u00e1nak \u00fczenete egy\u00e9rtelm\u0171: utaz\u00e1s el\u0151tt szerezz\u00e9k be az ETA-t, vagy egy\u00e1ltal\u00e1n ne utazzanak.<\/p>\n<p><\/p>\n<h2>UK ETA k\u00f6lts\u00e9g, \u00e9rv\u00e9nyess\u00e9g \u00e9s feldolgoz\u00e1si id\u0151<\/h2>\n<p>Az ETA-alkalmaz\u00e1s gyakorlati r\u00e9szleteinek meg\u00e9rt\u00e9se seg\u00edt a hat\u00e9kony tervez\u00e9sben. \u00cdme az alapvet\u0151 t\u00e9nyek:<\/p>\n<h3>Mennyibe ker\u00fcl egy brit ETA?<\/h3>\n<p>Az Egyes\u00fclt Kir\u00e1lys\u00e1g ETA k\u00f6lts\u00e9gei <strong>\u00a320<\/strong> szem\u00e9lyenk\u00e9nt. Ez a d\u00edj minden egyes utasra vonatkozik, bele\u00e9rtve a gyermekeket is. A d\u00edjat 20 fontr\u00f3l 20 fontra emelt\u00e9k 2026. febru\u00e1r 25-i hat\u00e1llyal. Az \u00e1rv\u00e1ltoz\u00e1ssal kapcsolatos tov\u00e1bbi inform\u00e1ci\u00f3k\u00e9rt olvassa el k\u00fcl\u00f6n cikk\u00fcnket a <a href=\"\/hu\/blog\/uk-eta-fee-increase-2026\/\">Az Egyes\u00fclt Kir\u00e1lys\u00e1gban 2026-ban emelkedik az ETA-d\u00edj<\/a>. A d\u00edj nem visszat\u00e9r\u00edtend\u0151, m\u00e9g akkor sem, ha a k\u00e9relmet elutas\u00edtj\u00e1k.<\/p>\n<h3>Mennyi ideig \u00e9rv\u00e9nyes az Egyes\u00fclt Kir\u00e1lys\u00e1gban \u00e9rv\u00e9nyes ETA?<\/h3>\n<p>A brit ETA a k\u00f6vetkez\u0151 id\u0151szakokra \u00e9rv\u00e9nyes <strong>2 \u00e9v<\/strong> az \u00fatlev\u00e9l ki\u00e1ll\u00edt\u00e1s\u00e1nak napj\u00e1t\u00f3l vagy az \u00fatlev\u00e9l \u00e9rv\u00e9nyess\u00e9g\u00e9nek lej\u00e1rt\u00e1ig - att\u00f3l f\u00fcgg\u0151en, hogy melyik k\u00f6vetkezik be el\u0151bb. Ez alatt a k\u00e9t \u00e9v alatt t\u00f6bbsz\u00f6r is utazhat az Egyes\u00fclt Kir\u00e1lys\u00e1gba an\u00e9lk\u00fcl, hogy \u00fajb\u00f3l k\u00e9relmeznie kellene. Mindenekel\u0151tt minden egyes l\u00e1togat\u00e1s legfeljebb 6 h\u00f3napig tarthat turisztikai vagy \u00fczleti c\u00e9llal. Ez\u00e1ltal az ETA kiv\u00e1l\u00f3 \u00e9rt\u00e9ket k\u00e9pvisel az Egyes\u00fclt Kir\u00e1lys\u00e1gba gyakran l\u00e1togat\u00f3k sz\u00e1m\u00e1ra.<\/p>\n<h3>Mennyi ideig tart a brit ETA feldolgoz\u00e1sa?<\/h3>\n\n<figure class=\"wp-block-image size-large\"><img loading=\"lazy\" decoding=\"async\" width=\"724\" height=\"380\" src=\"https:\/\/visaeta.uk\/wp-content\/uploads\/2024\/07\/Elektronicka-viza-ETA-pro-cesty-do-Velke-Britanie-od-roku-2025-e1720527418340.png\" alt=\"ETA-v\u00edzumok az Egyes\u00fclt Kir\u00e1lys\u00e1gba 2025-t\u0151l: amit tudnia kell\" class=\"wp-image-226\" \/><\/figure>\n\n\n<p>A legt\u00f6bb brit ETA-k\u00e9relmet feldolgozz\u00e1k <strong>3 munkanapon bel\u00fcl<\/strong>. Bonyolultabb esetekben azonban - p\u00e9ld\u00e1ul, ha tov\u00e1bbi biztons\u00e1gi ellen\u0151rz\u00e9sekre van sz\u00fcks\u00e9g - a feldolgoz\u00e1s a k\u00f6vetkez\u0151 id\u0151t veheti ig\u00e9nybe <strong>legfeljebb 2 h\u00e9tig<\/strong>. \u00c9ppen ez\u00e9rt a korm\u00e1ny azt tan\u00e1csolja minden utaz\u00f3nak, hogy j\u00f3val a tervezett utaz\u00e1si id\u0151pont el\u0151tt ny\u00fajtsa be k\u00e9relm\u00e9t. K\u00f6vetkez\u00e9sk\u00e9ppen az utols\u00f3 pillanatig v\u00e1rni olyan szerencsej\u00e1t\u00e9k, amely az utaz\u00e1s\u00e1ba ker\u00fclhet.<\/p>\n<p><\/p>\n<h2>Mi\u00e9rt kell most k\u00e9relmeznie az Egyes\u00fclt Kir\u00e1lys\u00e1gban az ETA-t?<\/h2>\n<p>Mivel az Egyes\u00fclt Kir\u00e1lys\u00e1gban az ETA t\u00fcrelmi id\u0151 2026. febru\u00e1r 25-\u00e9n lej\u00e1r, az Egyes\u00fclt Kir\u00e1lys\u00e1gba val\u00f3 utaz\u00e1st tervez\u0151k sz\u00e1m\u00e1ra val\u00f3ban s\u00fcrg\u0151s a helyzet. \u00cdme a legfontosabb okok, amelyek miatt nem szabad k\u00e9slekednie a k\u00e9relem beny\u00fajt\u00e1s\u00e1val:<\/p>\n<ul>\n<li><strong>A feldolgoz\u00e1s nem azonnali:<\/strong> M\u00edg a legt\u00f6bb k\u00e9relmet 3 munkanapon bel\u00fcl feldolgozz\u00e1k, a bonyolult \u00fcgyek ak\u00e1r 2 h\u00e9tig is eltarthatnak. Ha a j\u00e1rat indul\u00e1sa el\u0151tti napon ny\u00fajtja be a k\u00e9relmet, el\u0151fordulhat, hogy nem kapja meg id\u0151ben az ETA-j\u00e1t.<\/li>\n<li><strong>Nagy kereslet v\u00e1rhat\u00f3:<\/strong> A t\u00fcrelmi id\u0151szak hat\u00e1ridej\u00e9nek k\u00f6zeledt\u00e9vel a k\u00e9relmek sz\u00e1m\u00e1nak n\u00f6veked\u00e9se v\u00e1rhat\u00f3. Ez a szok\u00e1sosn\u00e1l hosszabb feldolgoz\u00e1si id\u0151t eredm\u00e9nyezhet.<\/li>\n<li><strong>Nincs rep\u00fcl\u0151t\u00e9ri alkalmaz\u00e1s:<\/strong> M\u00e1s orsz\u00e1gok egyes v\u00edzumrendszereit\u0151l elt\u00e9r\u0151en az Egyes\u00fclt Kir\u00e1lys\u00e1gban nem lehet ETA-t ig\u00e9nyelni a rep\u00fcl\u0151t\u00e9ren, a hat\u00e1ron vagy a rep\u00fcl\u0151g\u00e9pen. A v\u00edzumot indul\u00e1s el\u0151tt kell j\u00f3v\u00e1hagyni.<\/li>\n<li><strong>K\u00e9t\u00e9ves \u00e9rv\u00e9nyess\u00e9g:<\/strong> Mivel az ETA 2 \u00e9vig tart, a mostani alkalmaz\u00e1s azt jelenti, hogy a j\u00f6v\u0151ben t\u00f6bb utaz\u00e1sra is fedezetet kap. Nincs el\u0151nye a v\u00e1rakoz\u00e1snak.<\/li>\n<li><strong>Lelki nyugalom:<\/strong> Ha j\u00f3val az utaz\u00e1s id\u0151pontja el\u0151tt meger\u0151s\u00edtik az ETA-j\u00e1t, akkor az kik\u00fcsz\u00f6b\u00f6li a stresszt \u00e9s a bizonytalans\u00e1got az utaz\u00e1s megtervez\u00e9s\u00e9b\u0151l.<\/li>\n<\/ul>\n<div style=\"background:linear-gradient(135deg,#c6f6d5,#9ae6b4);border:2px solid #276749;padding:28px 32px;margin:32px 0;border-radius:10px;text-align:center\">\n<h3 style=\"margin:0 0 12px;color:#22543d;font-size:1.4em\">Ne v\u00e1rjon - jelentkezzen most, miel\u0151tt a t\u00fcrelmi id\u0151 lej\u00e1rna<\/h3>\n<p style=\"margin:0 0 20px;color:#276749;font-size:1.05em\">Az Egyes\u00fclt Kir\u00e1lys\u00e1gban az ETA t\u00fcrelmi id\u0151 2026. febru\u00e1r 25-\u00e9n j\u00e1r le. Ezt k\u00f6vet\u0151en nem l\u00e9phet be az Egyes\u00fclt Kir\u00e1lys\u00e1gba \u00e9rv\u00e9nyes ETA n\u00e9lk\u00fcl. V\u00e9dje utaz\u00e1si terveit azzal, hogy m\u00e9g ma beny\u00fajtja k\u00e9relm\u00e9t.<\/p>\n<p><a href=\"https:\/\/form.visaeta.uk\/form\/\" style=\"display:inline-block;background:#276749;color:#fff;padding:16px 40px;border-radius:8px;text-decoration:none;font-weight:700;font-size:1.1em\">Jelentkezzen most az Egyes\u00fclt Kir\u00e1lys\u00e1gbeli ETA-j\u00e1ra \u2192<\/a>\n<\/div>\n<h2>Kinek van sz\u00fcks\u00e9ge brit ETA-ra a t\u00fcrelmi id\u0151 lej\u00e1rta ut\u00e1n?<\/h2>\n<p>Az Egyes\u00fclt Kir\u00e1lys\u00e1g ETA-j\u00e1ra minden olyan \u00e1llampolg\u00e1rnak sz\u00fcks\u00e9ge van, aki kor\u00e1bban v\u00edzummentesen utazhatott az Egyes\u00fclt Kir\u00e1lys\u00e1gba. Ez a lista sz\u00e9lesk\u00f6r\u0171, \u00e9s mag\u00e1ban foglalja az Eur\u00f3pai Uni\u00f3 \u00e9s az Eur\u00f3pai Gazdas\u00e1gi T\u00e9rs\u00e9g orsz\u00e1gainak \u00e1llampolg\u00e1rait, valamint az amerikai kontinens, az \u00e1zsiai \u00e9s csendes-\u00f3ce\u00e1ni t\u00e9rs\u00e9g, a K\u00f6zel-Kelet \u00e9s m\u00e1s orsz\u00e1gok \u00e1llampolg\u00e1rait. Ha kor\u00e1bban v\u00edzum n\u00e9lk\u00fcl l\u00e1togatott az Egyes\u00fclt Kir\u00e1lys\u00e1gba, mostant\u00f3l ETA-ra van sz\u00fcks\u00e9ge.<\/p>\n<p>Az Egyes\u00fclt Kir\u00e1lys\u00e1gban ETA-val rendelkez\u0151 f\u0151bb csoportok k\u00f6z\u00e9 tartoznak:<\/p>\n<ul>\n<li><strong>EU- \u00e9s EGT-\u00e1llampolg\u00e1rok:<\/strong> Mind a 27 EU-tag\u00e1llam, valamint Izland, Liechtenstein, Norv\u00e9gia \u00e9s Sv\u00e1jc \u00e1llampolg\u00e1rai. Az ETA-k\u00f6telezetts\u00e9g erre a csoportra vonatkoz\u00f3an 2025. janu\u00e1r 8-\u00e1n l\u00e9pett hat\u00e1lyba.<\/li>\n<li><strong>V\u00edzummentes orsz\u00e1gokb\u00f3l sz\u00e1rmaz\u00f3, nem uni\u00f3s \u00e1llampolg\u00e1rok:<\/strong> Olyan orsz\u00e1gok \u00e1llampolg\u00e1rai, mint az Egyes\u00fclt \u00c1llamok, Kanada, Ausztr\u00e1lia, Jap\u00e1n, D\u00e9l-Korea \u00e9s sok m\u00e1s orsz\u00e1g. Az erre a csoportra vonatkoz\u00f3 k\u00f6vetelm\u00e9ny 2025. \u00e1prilis 2-t\u00f3l v\u00e1lt k\u00f6telez\u0151v\u00e9.<\/li>\n<li><strong>GCC-\u00e1llampolg\u00e1rok:<\/strong> Bahrein, Kuvait, Om\u00e1n, Katar, Sza\u00fad-Ar\u00e1bia \u00e9s az Egyes\u00fclt Arab Em\u00edrs\u00e9gek \u00e1llampolg\u00e1rai - az els\u0151 csoport, amely 2024 november\u00e9t\u0151l beker\u00fcl az ETA-rendszerbe.<\/li>\n<\/ul>\n<p>Az ETA-k\u00f6telezetts\u00e9g al\u00f3l csak a brit \u00e9s \u00edr \u00e1llampolg\u00e1rok, valamint az \u00e9rv\u00e9nyes brit v\u00edzummal vagy bev\u00e1ndorl\u00e1si st\u00e1tusszal rendelkez\u0151k mentes\u00fclnek. Ezen k\u00edv\u00fcl mindenki m\u00e1snak, aki az Egyes\u00fclt Kir\u00e1lys\u00e1gba k\u00edv\u00e1n l\u00e1togatni, \u00e1tutazni vagy bel\u00e9pni, rendelkeznie kell az \u00fatlevel\u00e9hez kapcsol\u00f3d\u00f3 j\u00f3v\u00e1hagyott ETA-val.<\/p>\n<p><\/p>\n<h2>Hogyan ig\u00e9nyelhet ETA-t az Egyes\u00fclt Kir\u00e1lys\u00e1gban a t\u00fcrelmi id\u0151 lej\u00e1rta el\u0151tt?<\/h2>\n<p>Az Egyes\u00fclt Kir\u00e1lys\u00e1gban az ETA k\u00e9relmez\u00e9se egyszer\u0171 digit\u00e1lis folyamat. Addig is sz\u00fcks\u00e9ge lesz \u00e9rv\u00e9nyes \u00fatlevel\u00e9re, egy e-mail c\u00edmre \u00e9s egy bank- vagy hitelk\u00e1rty\u00e1ra a 20 fontos d\u00edj befizet\u00e9s\u00e9hez. A k\u00e9relem kit\u00f6lt\u00e9se teljes eg\u00e9sz\u00e9ben online t\u00f6rt\u00e9nik, \u00e9s nem sz\u00fcks\u00e9ges felkeresni egy nagyk\u00f6vets\u00e9get vagy v\u00edzumk\u00e9relmez\u0151 k\u00f6zpontot.<\/p>\n<p>Az alapvet\u0151 l\u00e9p\u00e9sek a k\u00f6vetkez\u0151k:<\/p>\n\n<figure class=\"wp-block-image size-large\"><img loading=\"lazy\" decoding=\"async\" width=\"1200\" height=\"798\" src=\"https:\/\/visaeta.uk\/wp-content\/uploads\/2026\/04\/uk-eta-weddings-attending-married-britain-img-1.jpg\" alt=\"UK ETA \u00e9s esk\u00fcv\u0151k: k\u00e9p 3, amely az utaz\u00e1si kontextust mutatja\" class=\"wp-image-4952\" srcset=\"https:\/\/visaeta.uk\/wp-content\/uploads\/2026\/04\/uk-eta-weddings-attending-married-britain-img-1.jpg 1200w, https:\/\/visaeta.uk\/wp-content\/uploads\/2026\/04\/uk-eta-weddings-attending-married-britain-img-1-300x200.jpg 300w, https:\/\/visaeta.uk\/wp-content\/uploads\/2026\/04\/uk-eta-weddings-attending-married-britain-img-1-1024x681.jpg 1024w, https:\/\/visaeta.uk\/wp-content\/uploads\/2026\/04\/uk-eta-weddings-attending-married-britain-img-1-768x511.jpg 768w, https:\/\/visaeta.uk\/wp-content\/uploads\/2026\/04\/uk-eta-weddings-attending-married-britain-img-1-18x12.jpg 18w\" sizes=\"auto, (max-width: 1200px) 100vw, 1200px\" \/><\/figure>\n\n\n<ol>\n<li><strong>L\u00e1togasson el a hivatalos p\u00e1ly\u00e1zati port\u00e1lra<\/strong> - Kezdje a jelentkez\u00e9st a <a href=\"https:\/\/form.visaeta.uk\/form\/\">az egyes\u00fclt kir\u00e1lys\u00e1gbeli ETA-k\u00e9relem nyomtatv\u00e1nya<\/a>.<\/li>\n<li><strong>Adja meg szem\u00e9lyes adatait<\/strong> - Adja meg teljes nev\u00e9t, sz\u00fclet\u00e9si d\u00e1tum\u00e1t, \u00e1llampolg\u00e1rs\u00e1g\u00e1t \u00e9s \u00fatlev\u00e9ladatait pontosan \u00fagy, ahogyan azok az \u00fati okm\u00e1ny\u00e1ban szerepelnek.<\/li>\n<li><strong>Biztons\u00e1gi \u00e9s jogosults\u00e1gi k\u00e9rd\u00e9sek megv\u00e1laszol\u00e1sa<\/strong> - A nyomtatv\u00e1ny a b\u00fcntetett el\u0151\u00e9letre, a bev\u00e1ndorl\u00e1si el\u0151\u00e9letre \u00e9s egy\u00e9b jogosults\u00e1gi krit\u00e9riumokra vonatkoz\u00f3 k\u00e9rd\u00e9seket tartalmaz.<\/li>\n<li><strong>Fizesse ki a 20 \u00a3-os d\u00edjat<\/strong> - A fizet\u00e9s a beny\u00fajt\u00e1skor bankk\u00e1rty\u00e1val vagy hitelk\u00e1rty\u00e1val t\u00f6rt\u00e9nik.<\/li>\n<li><strong>Megkapja a d\u00f6nt\u00e9s\u00e9t<\/strong> - A legt\u00f6bb k\u00e9relmez\u0151 3 munkanapon bel\u00fcl kapja meg a d\u00f6nt\u00e9st. Az ETA digit\u00e1lisan kapcsol\u00f3dik az \u00fatlevel\u00e9hez - fizikai dokumentumot nem \u00e1ll\u00edtanak ki.<\/li>\n<\/ol>\n<p>Egy \u00e1tfog\u00f3, k\u00e9perny\u0151fot\u00f3kkal \u00e9s tippekkel ell\u00e1tott \u00fatmutat\u00f3\u00e9rt olvassa el a k\u00f6vetkez\u0151 oldalon tal\u00e1lhat\u00f3 teljes \u00fatmutat\u00f3t <a href=\"\/hu\/blog\/how-to-apply-for-uk-eta-online-2026\/\">hogyan lehet online k\u00e9relmezni az Egyes\u00fclt Kir\u00e1lys\u00e1gban az ETA-t 2026-ban<\/a>.<\/p>\n<h2>Gyakori hib\u00e1k, amelyeket el kell ker\u00fclni, ha az Egyes\u00fclt Kir\u00e1lys\u00e1gban lej\u00e1r az ETA t\u00fcrelmi id\u0151<\/h2>\n<p>A v\u00e9grehajt\u00e1si hat\u00e1rid\u0151 k\u00f6zeledt\u00e9vel az utaz\u00f3knak tiszt\u00e1ban kell lenni\u00fck a leggyakoribb hib\u00e1kkal, amelyek megzavarhatj\u00e1k terveiket:<\/p>\n<ul>\n<li><strong>Felt\u00e9ve, hogy a t\u00fcrelmi id\u0151 m\u00e9g mindig \u00e9rv\u00e9nyes:<\/strong> 2026. febru\u00e1r 25. ut\u00e1n nincs t\u00fcrelmi id\u0151. Ne felt\u00e9telezze, hogy a hat\u00e1ron b\u00e1rmilyen mozg\u00e1steret kap.<\/li>\n<li><strong>T\u00fal k\u00e9s\u0151n jelentkezik:<\/strong> Rendk\u00edv\u00fcl kock\u00e1zatos, ha a rep\u00fcl\u00e9s el\u0151tti este ny\u00fajtja be a k\u00e9relm\u00e9t. A feldolgoz\u00e1sra legal\u00e1bb k\u00e9t hetet kell hagyni, k\u00fcl\u00f6n\u00f6sen az utaz\u00e1si cs\u00facsid\u0151szakokban.<\/li>\n<li><strong>\u00datlev\u00e9l hib\u00e1k:<\/strong> Gy\u0151z\u0151dj\u00f6n meg arr\u00f3l, hogy az ETA-k\u00e9relemben szerepl\u0151 \u00fatlev\u00e9ladatok pontosan megfelelnek az \u00fati okm\u00e1ny\u00e1nak. M\u00e9g egy kisebb elt\u00e9r\u00e9s is probl\u00e9m\u00e1t okozhat a besz\u00e1ll\u00e1sn\u00e1l \u00e9s a hat\u00e1ron.<\/li>\n<li><strong>Lej\u00e1rt \u00fatlevelek:<\/strong> Az \u00d6n ETA-ja egy adott \u00fatlev\u00e9lhez van k\u00f6tve. Ha az \u00fatlevele lej\u00e1r, \u00e9s \u00faj \u00fatlevelet szerez, \u00faj ETA-t kell ig\u00e9nyelnie.<\/li>\n<li><strong>\u00d6sszet\u00e9veszti az ETA-t a v\u00edzummal:<\/strong> Az ETA nem v\u00edzum. Nem ad jogot az Egyes\u00fclt Kir\u00e1lys\u00e1gban val\u00f3 munkav\u00e1llal\u00e1sra vagy az enged\u00e9lyezett id\u0151szakon t\u00fali tart\u00f3zkod\u00e1sra. R\u00f6vid l\u00e1togat\u00e1sra sz\u00f3l\u00f3 utaz\u00e1si enged\u00e9ly.<\/li>\n<li><strong>Az \u00e1rutov\u00e1bb\u00edt\u00e1si k\u00f6vetelm\u00e9nyek elfelejt\u00e9se:<\/strong> M\u00e9g akkor is sz\u00fcks\u00e9ge lehet ETA-ra, ha csak \u00e1tutazik az Egyes\u00fclt Kir\u00e1lys\u00e1gon egy m\u00e1sik c\u00e9l\u00e1llom\u00e1s fel\u00e9 tartva. Ellen\u0151rizze, hogy az \u00d6n tranzit\u00fatvonala megk\u00f6veteli-e azt.<\/li>\n<\/ul>\n\n<h2>Hivatalos forr\u00e1sok \u00e9s hivatkoz\u00e1sok<\/h2>\n<p>Ez az \u00fatmutat\u00f3 az Egyes\u00fclt Kir\u00e1lys\u00e1g hivatalos korm\u00e1nyzati forr\u00e1sain alapul. Minden inform\u00e1ci\u00f3 a 2026-os \u00e1llapotnak megfelel\u0151.<\/p>\n<ol>\n<li><a href=\"https:\/\/www.gov.uk\/guidance\/apply-for-an-electronic-travel-authorisation-eta\" target=\"_blank\" rel=\"noopener\">Egyes\u00fclt Kir\u00e1lys\u00e1g korm\u00e1nya - ETA k\u00e9relmez\u00e9se<\/a><\/li>\n<li><a href=\"https:\/\/www.gov.uk\/guidance\/electronic-travel-authorisation-eta\" target=\"_blank\" rel=\"noopener\">Az Egyes\u00fclt Kir\u00e1lys\u00e1g korm\u00e1nya - ETA ir\u00e1nymutat\u00e1s<\/a><\/li>\n<li><a href=\"https:\/\/www.gov.uk\/check-uk-visa\" target=\"_blank\" rel=\"noopener\">Egyes\u00fclt Kir\u00e1lys\u00e1g korm\u00e1nya - Ellen\u0151rizze, hogy sz\u00fcks\u00e9ge van-e brit v\u00edzumra<\/a><\/li>\n<li><a href=\"https:\/\/www.gov.uk\/standard-visitor\" target=\"_blank\" rel=\"noopener\">Egyes\u00fclt Kir\u00e1lys\u00e1g korm\u00e1nya - Standard l\u00e1togat\u00f3<\/a><\/li>\n<li><a href=\"https:\/\/www.visitbritain.com\/en\/plan-your-trip\/getting-to-britain\" target=\"_blank\" rel=\"noopener\">VisitBritain - Utaz\u00e1s Nagy-Britanni\u00e1ba<\/a><\/li>\n<\/ol>\n<h2>Gyakran ism\u00e9telt k\u00e9rd\u00e9sek az Egyes\u00fclt Kir\u00e1lys\u00e1gban lej\u00e1r\u00f3 ETA t\u00fcrelmi id\u0151vel kapcsolatban<\/h2>\n<div itemscope itemtype=\"https:\/\/schema.org\/FAQPage\">\n<div itemscope itemprop=\"mainEntity\" itemtype=\"https:\/\/schema.org\/Question\" style=\"border-bottom:1px solid #e2e8f0;padding:20px 0\">\n<h3 itemprop=\"name\" style=\"margin:0 0 10px;color:#1a3a5c\">Pontosan mikor j\u00e1r le az Egyes\u00fclt Kir\u00e1lys\u00e1gban az ETA t\u00fcrelmi id\u0151?<\/h3>\n<div itemscope itemprop=\"acceptedAnswer\" itemtype=\"https:\/\/schema.org\/Answer\">\n<p itemprop=\"text\">Az Egyes\u00fclt Kir\u00e1lys\u00e1gban az ETA t\u00fcrelmi id\u0151 a k\u00f6vetkez\u0151 id\u0151pontban j\u00e1r le <strong>febru\u00e1r 25. 2026<\/strong>. Ett\u0151l az id\u0151pontt\u00f3l kezd\u0151dik a teljes v\u00e9grehajt\u00e1s. Minden olyan utaz\u00f3nak, akinek ETA-ra van sz\u00fcks\u00e9ge, az Egyes\u00fclt Kir\u00e1lys\u00e1gba val\u00f3 indul\u00e1s el\u0151tt j\u00f3v\u00e1 kell hagyatnia \u00e9s az \u00fatlevel\u00e9hez kell kapcsolnia azt. A l\u00e9git\u00e1rsas\u00e1gok a besz\u00e1ll\u00e1s el\u0151tt ellen\u0151rzik az ETA st\u00e1tusz\u00e1t, a hat\u00e1r\u0151rs\u00e9g pedig megtagadja a bel\u00e9p\u00e9st az \u00e9rv\u00e9nyes enged\u00e9ly n\u00e9lk\u00fcl utaz\u00f3kt\u00f3l.<\/p>\n<\/div>\n<\/div>\n<div itemscope itemprop=\"mainEntity\" itemtype=\"https:\/\/schema.org\/Question\" style=\"border-bottom:1px solid #e2e8f0;padding:20px 0\">\n<h3 itemprop=\"name\" style=\"margin:0 0 10px;color:#1a3a5c\">A t\u00fcrelmi id\u0151 alatt is beutazhatok az Egyes\u00fclt Kir\u00e1lys\u00e1gba ETA n\u00e9lk\u00fcl?<\/h3>\n<div itemscope itemprop=\"acceptedAnswer\" itemtype=\"https:\/\/schema.org\/Answer\">\n<p itemprop=\"text\">2026. febru\u00e1r 25. el\u0151tt a hat\u00e1r\u0151rs\u00e9g tisztvisel\u0151i bizonyos esetekben tov\u00e1bbra is m\u00e9rlegelhetnek. Ez azonban nem garant\u00e1lt, \u00e9s a t\u00fcrelmi id\u0151re val\u00f3 hivatkoz\u00e1s rendk\u00edv\u00fcl kock\u00e1zatos. A l\u00e9git\u00e1rsas\u00e1gok m\u00e1r megkezdt\u00e9k az ETA-ellen\u0151rz\u00e9sek kik\u00e9nyszer\u00edt\u00e9s\u00e9t az indul\u00e1skor, \u00e9s sok utaz\u00f3t\u00f3l megtagadt\u00e1k a besz\u00e1ll\u00e1st an\u00e9lk\u00fcl. Nyomat\u00e9kosan javasoljuk, hogy ink\u00e1bb azonnal k\u00e9rje az ETA-t, minthogy a t\u00fcrelmi id\u0151 hat\u00e1rait tesztelje. <a href=\"\/hu\/blog\/can-i-travel-to-uk-without-eta-2026\/\">Tudjon meg t\u00f6bbet az ETA n\u00e9lk\u00fcli utaz\u00e1sr\u00f3l<\/a>.<\/p>\n<\/div>\n<\/div>\n<div itemscope itemprop=\"mainEntity\" itemtype=\"https:\/\/schema.org\/Question\" style=\"border-bottom:1px solid #e2e8f0;padding:20px 0\">\n<h3 itemprop=\"name\" style=\"margin:0 0 10px;color:#1a3a5c\">Mennyibe ker\u00fcl egy brit ETA, \u00e9s meddig \u00e9rv\u00e9nyes?<\/h3>\n\n<figure class=\"wp-block-image size-large\"><img loading=\"lazy\" decoding=\"async\" width=\"724\" height=\"380\" src=\"https:\/\/visaeta.uk\/wp-content\/uploads\/2024\/07\/Elektronicka-viza-ETA-pro-cesty-do-Velke-Britanie-od-roku-2025-e1720451408935.jpg\" alt=\"ETA-v\u00edzumok az Egyes\u00fclt Kir\u00e1lys\u00e1gba 2025-t\u0151l: amit tudnia kell\" class=\"wp-image-103\" \/><\/figure>\n\n\n<div itemscope itemprop=\"acceptedAnswer\" itemtype=\"https:\/\/schema.org\/Answer\">\n<p itemprop=\"text\">Az Egyes\u00fclt Kir\u00e1lys\u00e1g ETA k\u00f6lts\u00e9gei <strong>\u00a320<\/strong> (2026. febru\u00e1r 25-t\u0151l 20 fontr\u00f3l 20 fontra emelkedett). A j\u00f3v\u00e1hagy\u00e1st k\u00f6vet\u0151en a k\u00f6vetkez\u0151 id\u0151szakokra \u00e9rv\u00e9nyes <strong>2 \u00e9v<\/strong> vagy am\u00edg az \u00fatlevele le nem j\u00e1r, att\u00f3l f\u00fcgg\u0151en, hogy melyik k\u00f6vetkezik be el\u0151bb. Ez alatt az id\u0151szak alatt korl\u00e1tlan sz\u00e1m\u00fa r\u00f6vid l\u00e1togat\u00e1st tehet az Egyes\u00fclt Kir\u00e1lys\u00e1gban an\u00e9lk\u00fcl, hogy \u00fajb\u00f3l k\u00e9relmeznie kellene. A d\u00edjv\u00e1ltoz\u00e1ssal kapcsolatos r\u00e9szletek\u00e9rt l\u00e1sd a k\u00f6vetkez\u0151 cikk\u00fcnket <a href=\"\/hu\/blog\/uk-eta-fee-increase-2026\/\">Az Egyes\u00fclt Kir\u00e1lys\u00e1gban 2026-ban emelkedik az ETA-d\u00edj<\/a>.<\/p>\n<\/div>\n<\/div>\n<div itemscope itemprop=\"mainEntity\" itemtype=\"https:\/\/schema.org\/Question\" style=\"border-bottom:1px solid #e2e8f0;padding:20px 0\">\n<h3 itemprop=\"name\" style=\"margin:0 0 10px;color:#1a3a5c\">Mennyi id\u0151be telik, am\u00edg j\u00f3v\u00e1hagyj\u00e1k a brit ETA-t?<\/h3>\n<div itemscope itemprop=\"acceptedAnswer\" itemtype=\"https:\/\/schema.org\/Answer\">\n<p itemprop=\"text\">A legt\u00f6bb brit ETA-k\u00e9relmet feldolgozz\u00e1k <strong>3 munkanapon bel\u00fcl<\/strong>. A tov\u00e1bbi ellen\u0151rz\u00e9seket ig\u00e9nyl\u0151 k\u00e9relmek - p\u00e9ld\u00e1ul b\u00fcntetett el\u0151\u00e9let vagy \u00f6sszetett bev\u00e1ndorl\u00e1si el\u0151zm\u00e9nyek miatt - azonban tov\u00e1bbi id\u0151t vehetnek ig\u00e9nybe. <strong>legfeljebb 2 h\u00e9tig<\/strong>. Tekintettel ezekre az id\u0151keretekre, az Egyes\u00fclt Kir\u00e1lys\u00e1g korm\u00e1nya azt tan\u00e1csolja minden utaz\u00f3nak, hogy j\u00f3val a tervezett indul\u00e1si id\u0151pont el\u0151tt ny\u00fajtsa be k\u00e9relm\u00e9t. Ne v\u00e1rjanak az utols\u00f3 pillanatig.<\/p>\n<\/div>\n<\/div>\n<div itemscope itemprop=\"mainEntity\" itemtype=\"https:\/\/schema.org\/Question\" style=\"padding:20px 0\">\n<h3 itemprop=\"name\" style=\"margin:0 0 10px;color:#1a3a5c\">Mi t\u00f6rt\u00e9nik, ha elutas\u00edtj\u00e1k az Egyes\u00fclt Kir\u00e1lys\u00e1gban beny\u00fajtott ETA-k\u00e9relmemet?<\/h3>\n<div itemscope itemprop=\"acceptedAnswer\" itemtype=\"https:\/\/schema.org\/Answer\">\n<p itemprop=\"text\">Ha az Egyes\u00fclt Kir\u00e1lys\u00e1gban beny\u00fajtott ETA-k\u00e9relm\u00e9t elutas\u00edtj\u00e1k, \u00d6n nem utazhat az Egyes\u00fclt Kir\u00e1lys\u00e1gba az ETA-rendszer keret\u00e9ben. A 20 fontos k\u00e9relmez\u00e9si d\u00edj nem visszat\u00e9r\u00edtend\u0151. A k\u00f6r\u00fclm\u00e9nyeit\u0151l \u00e9s az elutas\u00edt\u00e1s ok\u00e1t\u00f3l f\u00fcgg\u0151en el\u0151fordulhat, hogy helyette hagyom\u00e1nyos brit v\u00edzumot ig\u00e9nyelhet. Ha \u00fagy v\u00e9li, hogy az elutas\u00edt\u00e1s t\u00e9ved\u00e9sb\u0151l t\u00f6rt\u00e9nt, az \u00fajb\u00f3li k\u00e9relem beny\u00fajt\u00e1sa el\u0151tt \u00e9rdemes bev\u00e1ndorl\u00e1si tan\u00e1csot k\u00e9rnie. Az elutas\u00edtott ETA-utaz\u00e1s a nyilv\u00e1ntart\u00e1sban befoly\u00e1solhatja a j\u00f6v\u0151beli k\u00e9relmeket, ez\u00e9rt fontos, hogy az eredeti k\u00e9relem pontos \u00e9s teljes legyen.<\/p>\n<\/div>\n<\/div>\n<\/div>\n<h2>Utols\u00f3 figyelmeztet\u00e9s: Az Egyes\u00fclt Kir\u00e1lys\u00e1gban az ETA t\u00fcrelmi id\u0151 lej\u00e1r - cselekedjen most!<\/h2>\n<p>Az Egyes\u00fclt Kir\u00e1lys\u00e1gban 2026. febru\u00e1r 25-\u00e9n lej\u00e1r\u00f3 ETA t\u00fcrelmi id\u0151 a v\u00e9gs\u0151 \u00e1tmenetet jelenti a teljes m\u00e9rt\u00e9kben \u00e9rv\u00e9nyes\u00edtett digit\u00e1lis utaz\u00e1si enged\u00e9lyez\u00e9si rendszerre. Emellett az utaz\u00f3k k\u00f6zel k\u00e9t \u00e9ven kereszt\u00fcl rugalmas \u00e1tmeneti id\u0151szakot \u00e9lvezhettek. Ez a rugalmass\u00e1g hamarosan v\u00e9gleg megsz\u0171nik. 2026. febru\u00e1r 25-t\u0151l minden l\u00e9git\u00e1rsas\u00e1g, minden kompszolg\u00e1ltat\u00f3 \u00e9s minden hat\u00e1r\u0151r kiv\u00e9tel n\u00e9lk\u00fcl \u00e9rv\u00e9nyre juttatja az ETA-k\u00f6vetelm\u00e9nyt.<\/p>\n<p>Ha b\u00e1rmilyen utaz\u00e1st tervez az Egyes\u00fclt Kir\u00e1lys\u00e1gba - legyen sz\u00f3 nyaral\u00e1sr\u00f3l, \u00fczleti \u00fatr\u00f3l, csal\u00e1di l\u00e1togat\u00e1sr\u00f3l vagy ak\u00e1r r\u00f6vid \u00e1tutaz\u00e1sr\u00f3l -, akkor indul\u00e1s el\u0151tt rendelkeznie kell \u00e9rv\u00e9nyes brit ETA-vel. A k\u00e9relmez\u00e9si folyamat r\u00e1ad\u00e1sul gyors, a k\u00f6lts\u00e9gek szer\u00e9ny 20 fontot tesznek ki, \u00e9s a k\u00e9t\u00e9ves \u00e9rv\u00e9nyess\u00e9g azt jelenti, hogy egy k\u00e9relem t\u00f6bb \u00e9vre elegend\u0151 a j\u00f6v\u0151beni utaz\u00e1sokra. Egyszer\u0171en nincs ok a k\u00e9sleked\u00e9sre.<\/p>\n<div style=\"background:linear-gradient(135deg,#fed7d7,#feb2b2);border:2px solid #c53030;padding:28px 32px;margin:32px 0;border-radius:10px;text-align:center\">\n<h3 style=\"margin:0 0 12px;color:#742a2a;font-size:1.4em\">Kifut az id\u0151b\u0151l - Jelentkezzen m\u00e9g ma az Egyes\u00fclt Kir\u00e1lys\u00e1gban t\u00f6rt\u00e9n\u0151 ETA k\u00e9relm\u00e9re!<\/h3>\n<p style=\"margin:0 0 20px;color:#9b2c2c;font-size:1.05em\">A t\u00fcrelmi id\u0151 2026. febru\u00e1r 25-\u00e9n j\u00e1r le. Ezt k\u00f6vet\u0151en egyetlen utas sem l\u00e9phet be az Egyes\u00fclt Kir\u00e1lys\u00e1gba \u00e9rv\u00e9nyes ETA n\u00e9lk\u00fcl. A feldolgoz\u00e1s ak\u00e1r 2 h\u00e9tig is eltarthat - ne kock\u00e1ztassa utaz\u00e1si terveit azzal, hogy v\u00e1rakozik.<\/p>\n<p><a href=\"https:\/\/form.visaeta.uk\/form\/\" style=\"display:inline-block;background:#c53030;color:#fff;padding:16px 40px;border-radius:8px;text-decoration:none;font-weight:700;font-size:1.1em\">Jelentkezzen most az Egyes\u00fclt Kir\u00e1lys\u00e1gban t\u00f6rt\u00e9n\u0151 ETA-v\u00e9grehajt\u00e1s\u00e9rt - \u00a320 \u2192<\/a>\n<\/div>\n<\/article>","protected":false},"excerpt":{"rendered":"<p>UK ETA Grace Period Ending: No More Travelling Without Permission from 25 February 2026 Last updated: February 2026 | Reading time: 10 minutes Key Facts: UK ETA Grace Period Ending Grace period end date: 25 February 2026 \u2014 full enforcement begins ETA cost: \u00a320 per application (increased from \u00a320) Validity: 2 years from date of [&hellip;]<\/p>\n","protected":false},"author":1,"featured_media":1421,"comment_status":"open","ping_status":"open","sticky":false,"template":"","format":"standard","meta":{"site-sidebar-layout":"default","site-content-layout":"","ast-site-content-layout":"default","site-content-style":"default","site-sidebar-style":"default","ast-global-header-display":"","ast-banner-title-visibility":"","ast-main-header-display":"","ast-hfb-above-header-display":"","ast-hfb-below-header-display":"","ast-hfb-mobile-header-display":"","site-post-title":"","ast-breadcrumbs-content":"","ast-featured-img":"","footer-sml-layout":"","theme-transparent-header-meta":"","adv-header-id-meta":"","stick-header-meta":"","header-above-stick-meta":"","header-main-stick-meta":"","header-below-stick-meta":"","astra-migrate-meta-layouts":"default","ast-page-background-enabled":"default","ast-page-background-meta":{"desktop":{"background-color":"var(--ast-global-color-4)","background-image":"","background-repeat":"repeat","background-position":"center center","background-size":"auto","background-attachment":"scroll","background-type":"","background-media":"","overlay-type":"","overlay-color":"","overlay-opacity":"","overlay-gradient":""},"tablet":{"background-color":"","background-image":"","background-repeat":"repeat","background-position":"center center","background-size":"auto","background-attachment":"scroll","background-type":"","background-media":"","overlay-type":"","overlay-color":"","overlay-opacity":"","overlay-gradient":""},"mobile":{"background-color":"","background-image":"","background-repeat":"repeat","background-position":"center center","background-size":"auto","background-attachment":"scroll","background-type":"","background-media":"","overlay-type":"","overlay-color":"","overlay-opacity":"","overlay-gradient":""}},"ast-content-background-meta":{"desktop":{"background-color":"var(--ast-global-color-5)","background-image":"","background-repeat":"repeat","background-position":"center center","background-size":"auto","background-attachment":"scroll","background-type":"","background-media":"","overlay-type":"","overlay-color":"","overlay-opacity":"","overlay-gradient":""},"tablet":{"background-color":"var(--ast-global-color-5)","background-image":"","background-repeat":"repeat","background-position":"center center","background-size":"auto","background-attachment":"scroll","background-type":"","background-media":"","overlay-type":"","overlay-color":"","overlay-opacity":"","overlay-gradient":""},"mobile":{"background-color":"var(--ast-global-color-5)","background-image":"","background-repeat":"repeat","background-position":"center center","background-size":"auto","background-attachment":"scroll","background-type":"","background-media":"","overlay-type":"","overlay-color":"","overlay-opacity":"","overlay-gradient":""}},"footnotes":""},"categories":[12,129],"tags":[137,133,135],"class_list":["post-1990","post","type-post","status-publish","format-standard","has-post-thumbnail","hentry","category-blog","category-uk-eta-rules-requirements","tag-eta-requirements","tag-uk-eta-2026","tag-uk-transit"],"yoast_head":"<!-- This site is optimized with the Yoast SEO plugin v27.8 - https:\/\/yoast.com\/product\/yoast-seo-wordpress\/ -->\n<title>UK ETA Grace Period Ending: No More Travelling Without Permission from 25 February 2026 &#8211; ETA VISA UK<\/title>\n<meta name=\"description\" content=\"UK ETA Grace Period Ending: No More Travelling Without Permission from 25 February 2026 Last updated: February 2026 | Reading time: 10 minutes Key Facts...\" \/>\n<meta name=\"robots\" content=\"index, follow, max-snippet:-1, max-image-preview:large, max-video-preview:-1\" \/>\n<link rel=\"canonical\" href=\"https:\/\/visaeta.uk\/hu\/blog\/uk-eta-grace-period-ending-february-2026\/\" \/>\n<meta property=\"og:locale\" content=\"hu_HU\" \/>\n<meta property=\"og:type\" content=\"article\" \/>\n<meta property=\"og:title\" content=\"UK ETA Grace Period Ending: No More Travelling Without Permission from 25 February 2026 &#8211; ETA VISA UK\" \/>\n<meta property=\"og:description\" content=\"UK ETA Grace Period Ending: No More Travelling Without Permission from 25 February 2026 Last updated: February 2026 | Reading time: 10 minutes Key Facts...\" \/>\n<meta property=\"og:url\" content=\"https:\/\/visaeta.uk\/hu\/blog\/uk-eta-grace-period-ending-february-2026\/\" \/>\n<meta property=\"og:site_name\" content=\"ETA VISA UK\" \/>\n<meta property=\"article:published_time\" content=\"2026-02-20T08:00:00+00:00\" \/>\n<meta property=\"article:modified_time\" content=\"2026-05-16T10:13:51+00:00\" \/>\n<meta property=\"og:image\" content=\"https:\/\/visaeta.uk\/wp-content\/uploads\/2025\/08\/Minimum-Passport-Validity-Period-1024x898.png\" \/>\n\t<meta property=\"og:image:width\" content=\"1024\" \/>\n\t<meta property=\"og:image:height\" content=\"898\" \/>\n\t<meta property=\"og:image:type\" content=\"image\/png\" \/>\n<meta name=\"author\" content=\"VisaETA Editorial Team\" \/>\n<meta name=\"twitter:card\" content=\"summary_large_image\" \/>\n<meta name=\"twitter:label1\" content=\"Szerz\u0151:\" \/>\n\t<meta name=\"twitter:data1\" content=\"VisaETA Editorial Team\" \/>\n\t<meta name=\"twitter:label2\" content=\"Becs\u00fclt olvas\u00e1si id\u0151\" \/>\n\t<meta name=\"twitter:data2\" content=\"14 perc\" \/>\n<script type=\"application\/ld+json\" class=\"yoast-schema-graph\">{\"@context\":\"https:\\\/\\\/schema.org\",\"@graph\":[{\"@type\":\"Article\",\"@id\":\"https:\\\/\\\/visaeta.uk\\\/blog\\\/uk-eta-grace-period-ending-february-2026\\\/#article\",\"isPartOf\":{\"@id\":\"https:\\\/\\\/visaeta.uk\\\/blog\\\/uk-eta-grace-period-ending-february-2026\\\/\"},\"author\":{\"name\":\"VisaETA Editorial Team\",\"@id\":\"https:\\\/\\\/visaeta.uk\\\/#\\\/schema\\\/person\\\/81b5965766d02d43333b31730f5fa1c3\"},\"headline\":\"UK ETA Grace Period Ending: No More Travelling Without Permission from 25 February 2026\",\"datePublished\":\"2026-02-20T08:00:00+00:00\",\"dateModified\":\"2026-05-16T10:13:51+00:00\",\"mainEntityOfPage\":{\"@id\":\"https:\\\/\\\/visaeta.uk\\\/blog\\\/uk-eta-grace-period-ending-february-2026\\\/\"},\"wordCount\":2911,\"commentCount\":0,\"publisher\":{\"@id\":\"https:\\\/\\\/visaeta.uk\\\/#organization\"},\"image\":{\"@id\":\"https:\\\/\\\/visaeta.uk\\\/blog\\\/uk-eta-grace-period-ending-february-2026\\\/#primaryimage\"},\"thumbnailUrl\":\"https:\\\/\\\/visaeta.uk\\\/wp-content\\\/uploads\\\/2025\\\/08\\\/Minimum-Passport-Validity-Period.png\",\"keywords\":[\"ETA Requirements\",\"UK ETA 2026\",\"UK Transit\"],\"articleSection\":[\"BLOG\",\"UK ETA Rules &amp; Requirements\"],\"inLanguage\":\"hu\",\"potentialAction\":[{\"@type\":\"CommentAction\",\"name\":\"Comment\",\"target\":[\"https:\\\/\\\/visaeta.uk\\\/blog\\\/uk-eta-grace-period-ending-february-2026\\\/#respond\"]}]},{\"@type\":\"WebPage\",\"@id\":\"https:\\\/\\\/visaeta.uk\\\/blog\\\/uk-eta-grace-period-ending-february-2026\\\/\",\"url\":\"https:\\\/\\\/visaeta.uk\\\/blog\\\/uk-eta-grace-period-ending-february-2026\\\/\",\"name\":\"UK ETA Grace Period Ending: No More Travelling Without Permission from 25 February 2026 &#8211; ETA VISA UK\",\"isPartOf\":{\"@id\":\"https:\\\/\\\/visaeta.uk\\\/#website\"},\"primaryImageOfPage\":{\"@id\":\"https:\\\/\\\/visaeta.uk\\\/blog\\\/uk-eta-grace-period-ending-february-2026\\\/#primaryimage\"},\"image\":{\"@id\":\"https:\\\/\\\/visaeta.uk\\\/blog\\\/uk-eta-grace-period-ending-february-2026\\\/#primaryimage\"},\"thumbnailUrl\":\"https:\\\/\\\/visaeta.uk\\\/wp-content\\\/uploads\\\/2025\\\/08\\\/Minimum-Passport-Validity-Period.png\",\"datePublished\":\"2026-02-20T08:00:00+00:00\",\"dateModified\":\"2026-05-16T10:13:51+00:00\",\"description\":\"UK ETA Grace Period Ending: No More Travelling Without Permission from 25 February 2026 Last updated: February 2026 | Reading time: 10 minutes Key Facts...\",\"breadcrumb\":{\"@id\":\"https:\\\/\\\/visaeta.uk\\\/blog\\\/uk-eta-grace-period-ending-february-2026\\\/#breadcrumb\"},\"inLanguage\":\"hu\",\"potentialAction\":[{\"@type\":\"ReadAction\",\"target\":[\"https:\\\/\\\/visaeta.uk\\\/blog\\\/uk-eta-grace-period-ending-february-2026\\\/\"]}]},{\"@type\":\"ImageObject\",\"inLanguage\":\"hu\",\"@id\":\"https:\\\/\\\/visaeta.uk\\\/blog\\\/uk-eta-grace-period-ending-february-2026\\\/#primaryimage\",\"url\":\"https:\\\/\\\/visaeta.uk\\\/wp-content\\\/uploads\\\/2025\\\/08\\\/Minimum-Passport-Validity-Period.png\",\"contentUrl\":\"https:\\\/\\\/visaeta.uk\\\/wp-content\\\/uploads\\\/2025\\\/08\\\/Minimum-Passport-Validity-Period.png\",\"width\":2048,\"height\":1795,\"caption\":\"Passport Validity to Enter UK in 2025: Avoid Travel Stress\"},{\"@type\":\"BreadcrumbList\",\"@id\":\"https:\\\/\\\/visaeta.uk\\\/blog\\\/uk-eta-grace-period-ending-february-2026\\\/#breadcrumb\",\"itemListElement\":[{\"@type\":\"ListItem\",\"position\":1,\"name\":\"Home\",\"item\":\"https:\\\/\\\/visaeta.uk\\\/\"},{\"@type\":\"ListItem\",\"position\":2,\"name\":\"UK ETA Grace Period Ending: No More Travelling Without Permission from 25 February 2026\"}]},{\"@type\":\"WebSite\",\"@id\":\"https:\\\/\\\/visaeta.uk\\\/#website\",\"url\":\"https:\\\/\\\/visaeta.uk\\\/\",\"name\":\"ETA VISA TO THE GREAT BRITAIN - UK\",\"description\":\"\",\"publisher\":{\"@id\":\"https:\\\/\\\/visaeta.uk\\\/#organization\"},\"alternateName\":\"ETA visa to the UK\",\"potentialAction\":[{\"@type\":\"SearchAction\",\"target\":{\"@type\":\"EntryPoint\",\"urlTemplate\":\"https:\\\/\\\/visaeta.uk\\\/?s={search_term_string}\"},\"query-input\":{\"@type\":\"PropertyValueSpecification\",\"valueRequired\":true,\"valueName\":\"search_term_string\"}}],\"inLanguage\":\"hu\"},{\"@type\":\"Organization\",\"@id\":\"https:\\\/\\\/visaeta.uk\\\/#organization\",\"name\":\"ETA VISA UK\",\"url\":\"https:\\\/\\\/visaeta.uk\\\/\",\"logo\":{\"@type\":\"ImageObject\",\"inLanguage\":\"hu\",\"@id\":\"https:\\\/\\\/visaeta.uk\\\/#\\\/schema\\\/logo\\\/image\\\/\",\"url\":\"https:\\\/\\\/visaeta.uk\\\/wp-content\\\/uploads\\\/2023\\\/11\\\/cropped-ETA-UK-2.png\",\"contentUrl\":\"https:\\\/\\\/visaeta.uk\\\/wp-content\\\/uploads\\\/2023\\\/11\\\/cropped-ETA-UK-2.png\",\"width\":269,\"height\":53,\"caption\":\"ETA VISA UK\"},\"image\":{\"@id\":\"https:\\\/\\\/visaeta.uk\\\/#\\\/schema\\\/logo\\\/image\\\/\"}},{\"@type\":\"Person\",\"@id\":\"https:\\\/\\\/visaeta.uk\\\/#\\\/schema\\\/person\\\/81b5965766d02d43333b31730f5fa1c3\",\"name\":\"VisaETA Editorial Team\",\"image\":{\"@type\":\"ImageObject\",\"inLanguage\":\"hu\",\"@id\":\"https:\\\/\\\/secure.gravatar.com\\\/avatar\\\/77324b0d1ba9a1c5a0b04ea41b2c3f26d5e8eefd0ee6b4f256de4805c6ebd71c?s=96&d=mm&r=g\",\"url\":\"https:\\\/\\\/secure.gravatar.com\\\/avatar\\\/77324b0d1ba9a1c5a0b04ea41b2c3f26d5e8eefd0ee6b4f256de4805c6ebd71c?s=96&d=mm&r=g\",\"contentUrl\":\"https:\\\/\\\/secure.gravatar.com\\\/avatar\\\/77324b0d1ba9a1c5a0b04ea41b2c3f26d5e8eefd0ee6b4f256de4805c6ebd71c?s=96&d=mm&r=g\",\"caption\":\"VisaETA Editorial Team\"},\"sameAs\":[\"http:\\\/\\\/visaeta.uk\"],\"url\":\"https:\\\/\\\/visaeta.uk\\\/hu\\\/author\\\/admin\\\/\"}]}<\/script>\n<!-- \/ Yoast SEO plugin. -->","yoast_head_json":{"title":"UK ETA Grace Period Ending: Febru\u00e1r 25-t\u0151l 2026. febru\u00e1r 25-ig nem lehet enged\u00e9ly n\u00e9lk\u00fcl utazni - ETA VISA UK","description":"UK ETA Grace Period Ending: Utols\u00f3 friss\u00edt\u00e9s: 2026. febru\u00e1r 25-t\u0151l nincs t\u00f6bb utaz\u00e1s enged\u00e9ly n\u00e9lk\u00fcl: Olvas\u00e1si id\u0151: 10 perc F\u0151bb t\u00e9nyek...","robots":{"index":"index","follow":"follow","max-snippet":"max-snippet:-1","max-image-preview":"max-image-preview:large","max-video-preview":"max-video-preview:-1"},"canonical":"https:\/\/visaeta.uk\/hu\/blog\/uk-eta-grace-period-ending-february-2026\/","og_locale":"hu_HU","og_type":"article","og_title":"UK ETA Grace Period Ending: No More Travelling Without Permission from 25 February 2026 &#8211; ETA VISA UK","og_description":"UK ETA Grace Period Ending: No More Travelling Without Permission from 25 February 2026 Last updated: February 2026 | Reading time: 10 minutes Key Facts...","og_url":"https:\/\/visaeta.uk\/hu\/blog\/uk-eta-grace-period-ending-february-2026\/","og_site_name":"ETA VISA UK","article_published_time":"2026-02-20T08:00:00+00:00","article_modified_time":"2026-05-16T10:13:51+00:00","og_image":[{"width":1024,"height":898,"url":"https:\/\/visaeta.uk\/wp-content\/uploads\/2025\/08\/Minimum-Passport-Validity-Period-1024x898.png","type":"image\/png"}],"author":"VisaETA Editorial Team","twitter_card":"summary_large_image","twitter_misc":{"Szerz\u0151:":"VisaETA Editorial Team","Becs\u00fclt olvas\u00e1si id\u0151":"14 perc"},"schema":{"@context":"https:\/\/schema.org","@graph":[{"@type":"Article","@id":"https:\/\/visaeta.uk\/blog\/uk-eta-grace-period-ending-february-2026\/#article","isPartOf":{"@id":"https:\/\/visaeta.uk\/blog\/uk-eta-grace-period-ending-february-2026\/"},"author":{"name":"VisaETA Editorial Team","@id":"https:\/\/visaeta.uk\/#\/schema\/person\/81b5965766d02d43333b31730f5fa1c3"},"headline":"UK ETA Grace Period Ending: No More Travelling Without Permission from 25 February 2026","datePublished":"2026-02-20T08:00:00+00:00","dateModified":"2026-05-16T10:13:51+00:00","mainEntityOfPage":{"@id":"https:\/\/visaeta.uk\/blog\/uk-eta-grace-period-ending-february-2026\/"},"wordCount":2911,"commentCount":0,"publisher":{"@id":"https:\/\/visaeta.uk\/#organization"},"image":{"@id":"https:\/\/visaeta.uk\/blog\/uk-eta-grace-period-ending-february-2026\/#primaryimage"},"thumbnailUrl":"https:\/\/visaeta.uk\/wp-content\/uploads\/2025\/08\/Minimum-Passport-Validity-Period.png","keywords":["ETA Requirements","UK ETA 2026","UK Transit"],"articleSection":["BLOG","UK ETA Rules &amp; Requirements"],"inLanguage":"hu","potentialAction":[{"@type":"CommentAction","name":"Comment","target":["https:\/\/visaeta.uk\/blog\/uk-eta-grace-period-ending-february-2026\/#respond"]}]},{"@type":"WebPage","@id":"https:\/\/visaeta.uk\/blog\/uk-eta-grace-period-ending-february-2026\/","url":"https:\/\/visaeta.uk\/blog\/uk-eta-grace-period-ending-february-2026\/","name":"UK ETA Grace Period Ending: Febru\u00e1r 25-t\u0151l 2026. febru\u00e1r 25-ig nem lehet enged\u00e9ly n\u00e9lk\u00fcl utazni - ETA VISA UK","isPartOf":{"@id":"https:\/\/visaeta.uk\/#website"},"primaryImageOfPage":{"@id":"https:\/\/visaeta.uk\/blog\/uk-eta-grace-period-ending-february-2026\/#primaryimage"},"image":{"@id":"https:\/\/visaeta.uk\/blog\/uk-eta-grace-period-ending-february-2026\/#primaryimage"},"thumbnailUrl":"https:\/\/visaeta.uk\/wp-content\/uploads\/2025\/08\/Minimum-Passport-Validity-Period.png","datePublished":"2026-02-20T08:00:00+00:00","dateModified":"2026-05-16T10:13:51+00:00","description":"UK ETA Grace Period Ending: Utols\u00f3 friss\u00edt\u00e9s: 2026. febru\u00e1r 25-t\u0151l nincs t\u00f6bb utaz\u00e1s enged\u00e9ly n\u00e9lk\u00fcl: Olvas\u00e1si id\u0151: 10 perc F\u0151bb t\u00e9nyek...","breadcrumb":{"@id":"https:\/\/visaeta.uk\/blog\/uk-eta-grace-period-ending-february-2026\/#breadcrumb"},"inLanguage":"hu","potentialAction":[{"@type":"ReadAction","target":["https:\/\/visaeta.uk\/blog\/uk-eta-grace-period-ending-february-2026\/"]}]},{"@type":"ImageObject","inLanguage":"hu","@id":"https:\/\/visaeta.uk\/blog\/uk-eta-grace-period-ending-february-2026\/#primaryimage","url":"https:\/\/visaeta.uk\/wp-content\/uploads\/2025\/08\/Minimum-Passport-Validity-Period.png","contentUrl":"https:\/\/visaeta.uk\/wp-content\/uploads\/2025\/08\/Minimum-Passport-Validity-Period.png","width":2048,"height":1795,"caption":"Passport Validity to Enter UK in 2025: Avoid Travel Stress"},{"@type":"BreadcrumbList","@id":"https:\/\/visaeta.uk\/blog\/uk-eta-grace-period-ending-february-2026\/#breadcrumb","itemListElement":[{"@type":"ListItem","position":1,"name":"Home","item":"https:\/\/visaeta.uk\/"},{"@type":"ListItem","position":2,"name":"UK ETA Grace Period Ending: No More Travelling Without Permission from 25 February 2026"}]},{"@type":"WebSite","@id":"https:\/\/visaeta.uk\/#website","url":"https:\/\/visaeta.uk\/","name":"ETA V\u00cdZUM NAGY-BRITANNI\u00c1BA - UK","description":"","publisher":{"@id":"https:\/\/visaeta.uk\/#organization"},"alternateName":"ETA visa to the UK","potentialAction":[{"@type":"SearchAction","target":{"@type":"EntryPoint","urlTemplate":"https:\/\/visaeta.uk\/?s={search_term_string}"},"query-input":{"@type":"PropertyValueSpecification","valueRequired":true,"valueName":"search_term_string"}}],"inLanguage":"hu"},{"@type":"Organization","@id":"https:\/\/visaeta.uk\/#organization","name":"ETA v\u00edzum Egyes\u00fclt Kir\u00e1lys\u00e1g","url":"https:\/\/visaeta.uk\/","logo":{"@type":"ImageObject","inLanguage":"hu","@id":"https:\/\/visaeta.uk\/#\/schema\/logo\/image\/","url":"https:\/\/visaeta.uk\/wp-content\/uploads\/2023\/11\/cropped-ETA-UK-2.png","contentUrl":"https:\/\/visaeta.uk\/wp-content\/uploads\/2023\/11\/cropped-ETA-UK-2.png","width":269,"height":53,"caption":"ETA VISA UK"},"image":{"@id":"https:\/\/visaeta.uk\/#\/schema\/logo\/image\/"}},{"@type":"Person","@id":"https:\/\/visaeta.uk\/#\/schema\/person\/81b5965766d02d43333b31730f5fa1c3","name":"VisaETA Szerkeszt\u0151s\u00e9g","image":{"@type":"ImageObject","inLanguage":"hu","@id":"https:\/\/secure.gravatar.com\/avatar\/77324b0d1ba9a1c5a0b04ea41b2c3f26d5e8eefd0ee6b4f256de4805c6ebd71c?s=96&d=mm&r=g","url":"https:\/\/secure.gravatar.com\/avatar\/77324b0d1ba9a1c5a0b04ea41b2c3f26d5e8eefd0ee6b4f256de4805c6ebd71c?s=96&d=mm&r=g","contentUrl":"https:\/\/secure.gravatar.com\/avatar\/77324b0d1ba9a1c5a0b04ea41b2c3f26d5e8eefd0ee6b4f256de4805c6ebd71c?s=96&d=mm&r=g","caption":"VisaETA Editorial Team"},"sameAs":["http:\/\/visaeta.uk"],"url":"https:\/\/visaeta.uk\/hu\/author\/admin\/"}]}},"_links":{"self":[{"href":"https:\/\/visaeta.uk\/hu\/wp-json\/wp\/v2\/posts\/1990","targetHints":{"allow":["GET"]}}],"collection":[{"href":"https:\/\/visaeta.uk\/hu\/wp-json\/wp\/v2\/posts"}],"about":[{"href":"https:\/\/visaeta.uk\/hu\/wp-json\/wp\/v2\/types\/post"}],"author":[{"embeddable":true,"href":"https:\/\/visaeta.uk\/hu\/wp-json\/wp\/v2\/users\/1"}],"replies":[{"embeddable":true,"href":"https:\/\/visaeta.uk\/hu\/wp-json\/wp\/v2\/comments?post=1990"}],"version-history":[{"count":12,"href":"https:\/\/visaeta.uk\/hu\/wp-json\/wp\/v2\/posts\/1990\/revisions"}],"predecessor-version":[{"id":6022,"href":"https:\/\/visaeta.uk\/hu\/wp-json\/wp\/v2\/posts\/1990\/revisions\/6022"}],"wp:featuredmedia":[{"embeddable":true,"href":"https:\/\/visaeta.uk\/hu\/wp-json\/wp\/v2\/media\/1421"}],"wp:attachment":[{"href":"https:\/\/visaeta.uk\/hu\/wp-json\/wp\/v2\/media?parent=1990"}],"wp:term":[{"taxonomy":"category","embeddable":true,"href":"https:\/\/visaeta.uk\/hu\/wp-json\/wp\/v2\/categories?post=1990"},{"taxonomy":"post_tag","embeddable":true,"href":"https:\/\/visaeta.uk\/hu\/wp-json\/wp\/v2\/tags?post=1990"}],"curies":[{"name":"wp","href":"https:\/\/api.w.org\/{rel}","templated":true}]}}