{"id":536,"date":"2024-11-30T20:00:06","date_gmt":"2024-11-30T19:00:06","guid":{"rendered":"https:\/\/visaeta.uk\/?p=536"},"modified":"2026-05-16T10:54:57","modified_gmt":"2026-05-16T09:54:57","slug":"uk-asylum-and-refugee-visa-application-guide-guide","status":"publish","type":"post","link":"https:\/\/visaeta.uk\/hu\/blog\/uk-asylum-and-refugee-visa-application-guide\/","title":{"rendered":"\u00datmutat\u00f3 az Egyes\u00fclt Kir\u00e1lys\u00e1gban a menek\u00fclt\u00fcgyi \u00e9s menek\u00fcltv\u00edzum k\u00e9relmez\u00e9s\u00e9hez"},"content":{"rendered":"\u00datmutat\u00f3 az Egyes\u00fclt Kir\u00e1lys\u00e1gban a mened\u00e9kjog \u00e9s a menek\u00fcltv\u00edzum k\u00e9relmez\u00e9s\u00e9hez Az Egyes\u00fclt Kir\u00e1lys\u00e1gban a mened\u00e9kjog \u00e9s a menek\u00fcltv\u00edzum k\u00e9relmez\u00e9s\u00e9nek folyamata ijeszt\u0151 lehet, de a jogi keret \u00e9s az elj\u00e1r\u00e1sok meg\u00e9rt\u00e9se kulcsfontoss\u00e1g\u00fa a v\u00e9delmet keres\u0151k sz\u00e1m\u00e1ra.\r\n\r\nEzt az \u00fatmutat\u00f3t \u00fagy tervezt\u00e9k, hogy megvil\u00e1g\u00edtsa a k\u00e9relmez\u0151k sz\u00e1m\u00e1ra az utat, \u00e9s alapvet\u0151 betekint\u00e9st ny\u00fajt az Egyes\u00fclt Kir\u00e1lys\u00e1gban a mened\u00e9kjog vagy menek\u00fcltst\u00e1tusz megszerz\u00e9s\u00e9nek \u00f6sszetett folyamataiba. Az egyes l\u00e9p\u00e9sek ismertet\u00e9s\u00e9vel - a jogosults\u00e1gi felt\u00e9telekt\u0151l a v\u00e9gs\u0151 d\u00f6nt\u00e9sig - ez a forr\u00e1s c\u00e9lja, hogy a k\u00e9relmez\u0151knek megadjuk a sz\u00fcks\u00e9ges ismereteket ahhoz, hogy magabiztosan v\u00e9gigj\u00e1rhass\u00e1k az elj\u00e1r\u00e1st.\r\n\r\nHangs\u00falyozza a k\u00f6vetkez\u0151k sz\u00e1m\u00e1ra biztos\u00edtott l\u00e9tfontoss\u00e1g\u00fa jogokat \u00e9s v\u00e9delmet <a href=\"https:\/\/visaeta.uk\/hu\/\" rel=\"noopener noreferrer\">mened\u00e9kk\u00e9r\u0151k \u00e9s menek\u00fcltek<\/a>, hangs\u00falyozva az alapos felk\u00e9sz\u00fcl\u00e9s jelent\u0151s\u00e9g\u00e9t. Ak\u00e1r p\u00e1ly\u00e1z\u00f3, ak\u00e1r sz\u00f3sz\u00f3l\u00f3, ez az \u00fatmutat\u00f3 \u00e9rt\u00e9kes eszk\u00f6zk\u00e9nt szolg\u00e1l a j\u00f3l t\u00e1j\u00e9kozott \u00e9s z\u00f6kken\u0151mentesebb p\u00e1ly\u00e1zati \u00fat biztos\u00edt\u00e1s\u00e1hoz.\r\n<h2>Bevezet\u00e9s a menek\u00fclt\u00fcgybe<\/h2>\r\nA mened\u00e9kjog alapvet\u0151 emberi jog, amely v\u00e9delmet ny\u00fajt a haz\u00e1jukban \u00fcld\u00f6ztet\u00e9s, h\u00e1bor\u00fa \u00e9s az er\u0151szak m\u00e1s form\u00e1i el\u0151l menek\u00fcl\u0151 szem\u00e9lyek sz\u00e1m\u00e1ra. Az Egyes\u00fclt Kir\u00e1lys\u00e1g hossz\u00fa m\u00faltra tekint vissza a r\u00e1szorul\u00f3knak ny\u00fajtott mened\u00e9kjog ter\u00e9n, \u00e9s az Egyes\u00fclt Kir\u00e1lys\u00e1g korm\u00e1nya elk\u00f6telezett a mened\u00e9kk\u00e9r\u0151kkel \u00e9s menek\u00fcltekkel szembeni nemzetk\u00f6zi k\u00f6telezetts\u00e9geinek teljes\u00edt\u00e9se mellett.\r\n\r\nEbben az \u00f6sszef\u00fcgg\u00e9sben a mened\u00e9kjog olyan jogi elj\u00e1r\u00e1st jelent, amelynek sor\u00e1n valaki faji, vall\u00e1si, nemzeti hovatartoz\u00e1sa, politikai v\u00e9lem\u00e9nye vagy egy adott t\u00e1rsadalmi csoporthoz val\u00f3 tartoz\u00e1sa miatt a saj\u00e1t orsz\u00e1g\u00e1ban \u00fcld\u00f6ztet\u00e9st\u0151l val\u00f3 megalapozott f\u00e9lelme miatt m\u00e1s orsz\u00e1gt\u00f3l k\u00e9r v\u00e9delmet. A mened\u00e9kjog az 1951. \u00e9vi menek\u00fclt\u00fcgyi egyezm\u00e9ny \u00e9s annak 1967. \u00e9vi jegyz\u0151k\u00f6nyve \u00e1ltal l\u00e9trehozott nemzetk\u00f6zi menek\u00fcltjogi keret l\u00e9nyeges r\u00e9sz\u00e9t k\u00e9pezi.\r\n\r\nAz Egyes\u00fclt Kir\u00e1lys\u00e1g korm\u00e1nya \u00e1tfog\u00f3 menek\u00fclt\u00fcgyi rendszert hozott l\u00e9tre, amely felel\u0151s az egy\u00e9n v\u00e9delemre val\u00f3 jogosults\u00e1g\u00e1nak \u00e9rt\u00e9kel\u00e9s\u00e9\u00e9rt \u00e9s meghat\u00e1roz\u00e1s\u00e1\u00e9rt. Ez az elj\u00e1r\u00e1s mag\u00e1ban foglalja a k\u00e9relmez\u0151 k\u00e9relm\u00e9nek hiteless\u00e9g\u00e9nek \u00e9rt\u00e9kel\u00e9s\u00e9t, valamint annak felm\u00e9r\u00e9s\u00e9t, hogy a k\u00e9relmez\u0151nek sz\u00fcks\u00e9ge van-e v\u00e9delemre a haz\u00e1j\u00e1ban t\u00f6rt\u00e9n\u0151 \u00fcld\u00f6ztet\u00e9s vesz\u00e9lye ellen.\r\n<h2>Mi a menek\u00fcltst\u00e1tusz?<\/h2>\r\nA menek\u00fcltst\u00e1tusz a v\u00e9delem egy form\u00e1ja, amelyet olyan szem\u00e9lyek kapnak, akik sikeresen bizony\u00edtott\u00e1k, hogy megfelelnek a nemzetk\u00f6zi jog szerinti menek\u00fclt fogalm\u00e1nak. Ez a st\u00e1tusz jogi elismer\u00e9st \u00e9s jogokat biztos\u00edt azon szem\u00e9lyek sz\u00e1m\u00e1ra, akik \u00fcld\u00f6ztet\u00e9st\u0151l val\u00f3 f\u00e9lelm\u00fck miatt nem tudnak vagy nem akarnak visszat\u00e9rni haz\u00e1jukba.\r\n\r\nAz Egyes\u00fclt Kir\u00e1lys\u00e1gban a menek\u00fclteket sz\u00e1mos jog illeti meg, t\u00f6bbek k\u00f6z\u00f6tt az orsz\u00e1gban val\u00f3 hat\u00e1rozatlan ideig tart\u00f3 tart\u00f3zkod\u00e1s joga, a munk\u00e1hoz \u00e9s oktat\u00e1shoz val\u00f3 hozz\u00e1f\u00e9r\u00e9s, valamint a szoci\u00e1lis juttat\u00e1sok. Ezen t\u00falmen\u0151en a menek\u00fclteknek joguk van arra is, hogy \u00fajraegyes\u00fcljenek a csal\u00e1dtagjaikkal, akik esetleg m\u00e9g mindig a haz\u00e1jukban tart\u00f3zkodnak.\r\n\r\nA Genfi Egyezm\u00e9ny \u00e9s az Egyes\u00fclt Kir\u00e1lys\u00e1g jogszab\u00e1lyai szerint a menek\u00fclteket nem lehet er\u0151szakkal visszak\u00fcldeni a haz\u00e1jukba, ez az \u00fagynevezett non-refoulement. Ez az elv alapvet\u0151 fontoss\u00e1g\u00fa annak biztos\u00edt\u00e1s\u00e1ban, hogy a menek\u00fcltst\u00e1tuszt elnyert szem\u00e9lyek v\u00e9dve legyenek att\u00f3l, hogy visszak\u00fcldj\u00e9k \u0151ket egy olyan helyre, ahol \u00fcld\u00f6ztet\u00e9snek lehetnek kit\u00e9ve.\r\n<h2>K\u00e9rhet-e menek\u00fcltst\u00e1tuszt egy mened\u00e9kk\u00e9r\u0151?<\/h2>\r\n\n<figure class=\"wp-block-image size-large\"><img loading=\"lazy\" decoding=\"async\" width=\"2048\" height=\"2048\" src=\"https:\/\/visaeta.uk\/wp-content\/uploads\/2025\/08\/UK-Visitor-Visa-Application-Process.png\" alt=\"L\u00e1togat\u00f3i v\u00edzum az Egyes\u00fclt Kir\u00e1lys\u00e1gba az USA-b\u00f3l: Egyszer\u0171s\u00edtett \u00fatmutat\u00f3 utaz\u00f3knak\" class=\"aligncenter size-full wp-image-1458\" srcset=\"https:\/\/visaeta.uk\/wp-content\/uploads\/2025\/08\/UK-Visitor-Visa-Application-Process.png 2048w, https:\/\/visaeta.uk\/wp-content\/uploads\/2025\/08\/UK-Visitor-Visa-Application-Process-300x300.png 300w, https:\/\/visaeta.uk\/wp-content\/uploads\/2025\/08\/UK-Visitor-Visa-Application-Process-1024x1024.png 1024w, https:\/\/visaeta.uk\/wp-content\/uploads\/2025\/08\/UK-Visitor-Visa-Application-Process-150x150.png 150w, https:\/\/visaeta.uk\/wp-content\/uploads\/2025\/08\/UK-Visitor-Visa-Application-Process-768x768.png 768w, https:\/\/visaeta.uk\/wp-content\/uploads\/2025\/08\/UK-Visitor-Visa-Application-Process-1536x1536.png 1536w, https:\/\/visaeta.uk\/wp-content\/uploads\/2025\/08\/UK-Visitor-Visa-Application-Process-12x12.png 12w\" sizes=\"auto, (max-width: 2048px) 100vw, 2048px\" \/><\/figure>\n\r\n\r\nIgen, egy mened\u00e9kk\u00e9r\u0151 <a href=\"https:\/\/visaeta.uk\/hu\/\" rel=\"noopener noreferrer\">menek\u00fcltk\u00e9relem<\/a> st\u00e1tusz, ha megalapozottan f\u00e9lnek a haz\u00e1jukban t\u00f6rt\u00e9n\u0151 \u00fcld\u00f6ztet\u00e9st\u0151l. A mened\u00e9kk\u00e9r\u0151knek az Egyes\u00fclt Kir\u00e1lys\u00e1gba \u00e9rkez\u00e9st\u0151l sz\u00e1m\u00edtott els\u0151 \u00e9ven bel\u00fcl be kell ny\u00fajtaniuk k\u00e9relm\u00fcket ahhoz, hogy a nemzetk\u00f6zi jog alapj\u00e1n jogosultak legyenek v\u00e9delemre.\r\n\r\nFontos megjegyezni, hogy am\u00edg a mened\u00e9kk\u00e9r\u0151 k\u00e9relm\u00e9t feldolgozz\u00e1k, addig nem sz\u00e1m\u00edt menek\u00fcltnek, \u00e9s nem rendelkezik ugyanazokkal a jogokkal \u00e9s juttat\u00e1sokkal, mint egy elismert menek\u00fclt. Ugyanakkor v\u00e9delmet \u00e9lveznek a haz\u00e1jukba val\u00f3 visszak\u00fcld\u00e9ssel szemben, am\u00edg a k\u00e9relm\u00fckr\u0151l nem sz\u00fcletik d\u00f6nt\u00e9s.\r\n\r\nHa a mened\u00e9kk\u00e9r\u0151 k\u00e9relm\u00e9t elutas\u00edtj\u00e1k, jog\u00e1ban \u00e1ll fellebbezni a d\u00f6nt\u00e9s ellen, \u00e9s \u00faj bizony\u00edt\u00e9kokkal al\u00e1t\u00e1masztani k\u00e9relm\u00e9t. Ez az elj\u00e1r\u00e1s t\u00f6bb h\u00f3napig vagy ak\u00e1r \u00e9vekig is eltarthat, de lehet\u0151v\u00e9 teszi az egy\u00e9n \u00fcgy\u00e9nek tisztess\u00e9ges \u00e9s alapos vizsg\u00e1lat\u00e1t.\r\n<h2>Lehets\u00e9ges, hogy egy mened\u00e9kk\u00e9r\u0151 munk\u00e1t v\u00e1llalhat az Egyes\u00fclt Kir\u00e1lys\u00e1gban?<\/h2>\r\nIgen, a mened\u00e9kk\u00e9r\u0151k akkor dolgozhatnak az Egyes\u00fclt Kir\u00e1lys\u00e1gban, ha t\u00f6bb mint 12 h\u00f3napja v\u00e1rnak a k\u00e9relm\u00fckkel kapcsolatos d\u00f6nt\u00e9sre, vagy ha kiv\u00e9teles k\u00f6r\u00fclm\u00e9nyek k\u00f6z\u00f6tt vannak. Ezt a munkav\u00e1llal\u00e1si jogot a mened\u00e9kk\u00e9r\u0151k munkav\u00e1llal\u00e1si enged\u00e9lye (Asylum Seeker Employment Permit, ASEP) biztos\u00edtja, \u00e9s lehet\u0151v\u00e9 teszi az egy\u00e9nek sz\u00e1m\u00e1ra, hogy b\u00e1rmilyen ter\u00fcleten munk\u00e1t keressenek, kiv\u00e9ve azokat, amelyekhez biztons\u00e1gi \u00e1tvil\u00e1g\u00edt\u00e1s sz\u00fcks\u00e9ges.\r\n\r\nA mened\u00e9kjog ir\u00e1nti k\u00e9relemr\u0151l sz\u00f3l\u00f3 hat\u00e1rozatra v\u00e1rva t\u00f6rt\u00e9n\u0151 munkav\u00e9gz\u00e9s p\u00e9nz\u00fcgyi stabilit\u00e1st \u00e9s f\u00fcggetlens\u00e9get biztos\u00edthat, valamint seg\u00edtheti az Egyes\u00fclt Kir\u00e1lys\u00e1g t\u00e1rsadalm\u00e1ba val\u00f3 beilleszked\u00e9st. Fontos megjegyezni azt is, hogy a munkav\u00e1llal\u00e1s joga visszavonhat\u00f3, ha az egy\u00e9n mened\u00e9kjogi k\u00e9relm\u00e9t elutas\u00edtj\u00e1k.\r\n\r\nEmellett az Egyes\u00fclt Kir\u00e1lys\u00e1g korm\u00e1nya t\u00e1mogat\u00e1st ny\u00fajt azoknak a mened\u00e9kk\u00e9r\u0151knek, akik nem tudnak dolgozni, p\u00e9ld\u00e1ul \u00e9lelemhez \u00e9s sz\u00e1ll\u00e1shoz jut\u00e1st a Menek\u00fclt\u00fcgyi t\u00e1mogat\u00e1s nev\u0171 rendszeren kereszt\u00fcl. Ez azt hivatott biztos\u00edtani, hogy az egy\u00e9nek alapvet\u0151 sz\u00fcks\u00e9gleteiket kiel\u00e9g\u00edts\u00e9k, am\u00edg k\u00e9relm\u00fck elb\u00edr\u00e1l\u00e1sa folyamatban van.\r\n<h2>Mi\u00e9rt ny\u00fajt mened\u00e9kjogot \u00e9s menek\u00fcltst\u00e1tuszt az Egyes\u00fclt Kir\u00e1lys\u00e1g?<\/h2>\r\n\n<figure class=\"wp-block-image size-large\"><img loading=\"lazy\" decoding=\"async\" width=\"600\" height=\"397\" src=\"https:\/\/visaeta.uk\/wp-content\/uploads\/2025\/12\/Tracking-UK-Visa-Application-Check-Status-Online-Easily.webp\" alt=\"Brit v\u00edzumk\u00e9relem nyomon k\u00f6vet\u00e9se: k\u00f6nnyen ellen\u0151rizhet\u0151 online \u00e1llapot\" class=\"aligncenter size-full wp-image-1616\" srcset=\"https:\/\/visaeta.uk\/wp-content\/uploads\/2025\/12\/Tracking-UK-Visa-Application-Check-Status-Online-Easily.webp 600w, https:\/\/visaeta.uk\/wp-content\/uploads\/2025\/12\/Tracking-UK-Visa-Application-Check-Status-Online-Easily-300x199.webp 300w, https:\/\/visaeta.uk\/wp-content\/uploads\/2025\/12\/Tracking-UK-Visa-Application-Check-Status-Online-Easily-18x12.webp 18w\" sizes=\"auto, (max-width: 600px) 100vw, 600px\" \/><\/figure>\n\r\n\r\nAz Egyes\u00fclt Kir\u00e1lys\u00e1gban hossz\u00fa m\u00faltra tekint vissza a <a href=\"https:\/\/visaeta.uk\/hu\/\" rel=\"noopener noreferrer\">mened\u00e9kjog \u00e9s menek\u00fclt\u00fcgy biztos\u00edt\u00e1sa<\/a> st\u00e1tusz a r\u00e1szorul\u00f3 egy\u00e9neknek. Ez az elk\u00f6telezetts\u00e9g abban gy\u00f6kerezik, hogy az orsz\u00e1g elismeri, hogy erk\u00f6lcsi \u00e9s jogi k\u00f6teless\u00e9ge megv\u00e9deni az \u00fcld\u00f6ztet\u00e9s, a h\u00e1bor\u00fa \u00e9s az er\u0151szak m\u00e1s form\u00e1i el\u0151l menek\u00fcl\u0151ket. \u00cdme n\u00e9h\u00e1ny ok, ami\u00e9rt az Egyes\u00fclt Kir\u00e1lys\u00e1g mened\u00e9kjogot \u00e9s menek\u00fcltst\u00e1tuszt biztos\u00edt:\r\n<h3>Nemzetk\u00f6zi k\u00f6telezetts\u00e9gek teljes\u00edt\u00e9se<\/h3>\r\nAz Egyes\u00fclt Kir\u00e1lys\u00e1g t\u00f6bb nemzetk\u00f6zi szerz\u0151d\u00e9st is al\u00e1\u00edrt, k\u00f6zt\u00fck az 1951. \u00e9vi menek\u00fclt\u00fcgyi egyezm\u00e9nyt \u00e9s annak 1967. \u00e9vi jegyz\u0151k\u00f6nyv\u00e9t, amelyek a menek\u00fcltek jogait \u00e9s v\u00e9delm\u00e9t hat\u00e1rozz\u00e1k meg. Ezen meg\u00e1llapod\u00e1sok tag\u00e1llamak\u00e9nt az Egyes\u00fclt Kir\u00e1lys\u00e1gnak jogi k\u00f6telezetts\u00e9ge, hogy mened\u00e9kjogot \u00e9s menek\u00fcltst\u00e1tuszt biztos\u00edtson a r\u00e1szorul\u00f3knak.\r\n<h3>Humanit\u00e1rius okok<\/h3>\r\nNem lehet el\u00e9gg\u00e9 hangs\u00falyozni a mened\u00e9kjogot k\u00e9r\u0151 szem\u00e9lyek v\u00e9delm\u00e9nek humanit\u00e1rius szempontjait. Az Emberi Jogok Egyetemes Nyilatkozata \u00e1ltal elismert alapvet\u0151 emberi jog, hogy mindenkinek joga van mened\u00e9ket keresni \u00e9s \u00e9lvezni a m\u00e1s orsz\u00e1gokban t\u00f6rt\u00e9n\u0151 \u00fcld\u00f6ztet\u00e9s el\u0151l.\r\n<h3>A menek\u00fcltek t\u00f6rt\u00e9nete az Egyes\u00fclt Kir\u00e1lys\u00e1gban<\/h3>\r\nAz Egyes\u00fclt Kir\u00e1lys\u00e1g hossz\u00fa m\u00faltra tekint vissza a menek\u00fcltek befogad\u00e1s\u00e1ban \u00e9s a sz\u00e1mukra ny\u00fajtott biztons\u00e1gos mened\u00e9kben. A 20. sz\u00e1zad folyam\u00e1n a <a href=\"https:\/\/www.gov.uk\/claim-asylum\">vid\u00e9ki f\u0171r\u00e9sz<\/a> a h\u00e1bor\u00fak idej\u00e9n, p\u00e9ld\u00e1ul a II. vil\u00e1gh\u00e1bor\u00fa \u00e9s a balk\u00e1ni h\u00e1bor\u00fak idej\u00e9n, az 1990-es \u00e9vekben a menek\u00fcl\u0151k sz\u00e1m\u00e1nak n\u00f6veked\u00e9se. Ez el\u0151seg\u00edtette a mened\u00e9kk\u00e9r\u0151kkel szembeni egy\u00fctt\u00e9rz\u00e9s \u00e9s emp\u00e1tia kult\u00far\u00e1j\u00e1t.\r\n<h3>Soksz\u00edn\u0171s\u00e9g \u00e9s multikulturalizmus<\/h3>\r\nA mened\u00e9kk\u00e9r\u0151k \u00e9s menek\u00fcltek kultur\u00e1lis soksz\u00edn\u0171s\u00e9get hoznak, \u00e9s egyedi tapasztalataikkal, k\u00e9szs\u00e9geikkel \u00e9s perspekt\u00edv\u00e1ikkal gazdag\u00edtj\u00e1k a t\u00e1rsadalmat. Az Egyes\u00fclt Kir\u00e1lys\u00e1g elismeri e soksz\u00edn\u0171s\u00e9g \u00e9rt\u00e9k\u00e9t, \u00e9s nemzeti identit\u00e1s\u00e1nak r\u00e9szek\u00e9nt t\u00e1mogatja a multikulturalizmust.\r\n<h3>Gazdas\u00e1gi el\u0151ny\u00f6k<\/h3>\r\nA k\u00f6zhiedelemmel ellent\u00e9tben tanulm\u00e1nyok kimutatt\u00e1k, hogy a menek\u00fcltek pozit\u00edv hat\u00e1ssal lehetnek a gazdas\u00e1gra. Azok a mened\u00e9kk\u00e9r\u0151k, akik menek\u00fcltst\u00e1tuszt kapnak, hozz\u00e1j\u00e1rulhatnak a munkaer\u0151h\u00f6z, ad\u00f3t fizethetnek, \u00e9s olyan v\u00e1llalkoz\u00e1sokat hozhatnak l\u00e9tre, amelyek m\u00e1sok sz\u00e1m\u00e1ra is munkahelyeket teremtenek. Ez nemcsak maguknak az egy\u00e9neknek, hanem a helyi k\u00f6z\u00f6ss\u00e9gnek \u00e9s gazdas\u00e1gnak is el\u0151ny\u00f6s.\r\n<h3>Nemzetk\u00f6zi h\u00edrn\u00e9v<\/h3>\r\nAz Egyes\u00fclt Kir\u00e1lys\u00e1g elk\u00f6telezetts\u00e9ge a mened\u00e9kjog \u00e9s a menek\u00fcltst\u00e1tusz biztos\u00edt\u00e1sa mellett hozz\u00e1j\u00e1rult ahhoz, hogy az Egyes\u00fclt Kir\u00e1lys\u00e1g humanit\u00e1rius vezet\u0151 szerepet t\u00f6lts\u00f6n be a glob\u00e1lis k\u00f6z\u00f6ss\u00e9gben. Ez a h\u00edrn\u00e9v nemcsak pozit\u00edvan hat az orsz\u00e1gra, hanem meger\u0151s\u00edti befoly\u00e1s\u00e1t \u00e9s k\u00e9pess\u00e9g\u00e9t az emberi jogok glob\u00e1lis v\u00e9delm\u00e9re.\r\n\r\n\u00d6sszefoglalva, a mened\u00e9kjog \u00e9s a menek\u00fcltst\u00e1tusz biztos\u00edt\u00e1sa az Egyes\u00fclt Kir\u00e1lys\u00e1g bev\u00e1ndorl\u00e1si rendszer\u00e9nek l\u00e9nyeges eleme. Ez t\u00fckr\u00f6zi az orsz\u00e1g \u00e9rt\u00e9keit, jogi k\u00f6telezetts\u00e9geit, valamint a soksz\u00edn\u0171s\u00e9g \u00e9s a multikulturalizmus el\u0151mozd\u00edt\u00e1sa ir\u00e1nti elk\u00f6telezetts\u00e9g\u00e9t.\r\n<h2><strong>Ki jogosult mened\u00e9kjogra az Egyes\u00fclt Kir\u00e1lys\u00e1gban?<\/strong><\/h2>\r\n\n<figure class=\"wp-block-image size-large\"><img loading=\"lazy\" decoding=\"async\" width=\"600\" height=\"387\" src=\"https:\/\/visaeta.uk\/wp-content\/uploads\/2025\/12\/What-to-Do-If-Your-UK-Tourist-Visa-Is-Denied.webp\" alt=\"Turisztikai v\u00edzumk\u00e9relem az Egyes\u00fclt Kir\u00e1lys\u00e1gba: Teljes ellen\u0151rz\u0151lista\" class=\"aligncenter size-full wp-image-1675\" srcset=\"https:\/\/visaeta.uk\/wp-content\/uploads\/2025\/12\/What-to-Do-If-Your-UK-Tourist-Visa-Is-Denied.webp 600w, https:\/\/visaeta.uk\/wp-content\/uploads\/2025\/12\/What-to-Do-If-Your-UK-Tourist-Visa-Is-Denied-300x194.webp 300w, https:\/\/visaeta.uk\/wp-content\/uploads\/2025\/12\/What-to-Do-If-Your-UK-Tourist-Visa-Is-Denied-18x12.webp 18w\" sizes=\"auto, (max-width: 600px) 100vw, 600px\" \/><\/figure>\n\r\n\r\nAhhoz, hogy jogosult legyen a <a href=\"https:\/\/visaeta.uk\/hu\/\" rel=\"noopener noreferrer\">mened\u00e9kjog az Egyes\u00fclt Kir\u00e1lys\u00e1gban<\/a>, az egy\u00e9nnek meg kell felelnie bizonyos, a nemzetk\u00f6zi \u00e9s az Egyes\u00fclt Kir\u00e1lys\u00e1g jog\u00e1ban meghat\u00e1rozott krit\u00e9riumoknak. Ezek k\u00f6z\u00e9 tartozik, hogy megalapozottan tarthat att\u00f3l, hogy haz\u00e1j\u00e1ban faji, vall\u00e1si, nemzeti, politikai meggy\u0151z\u0151d\u00e9se vagy egy adott t\u00e1rsadalmi csoporthoz val\u00f3 tartoz\u00e1sa miatt \u00fcld\u00f6ztet\u00e9snek van kit\u00e9ve. Az al\u00e1bbiakban ismertetj\u00fck azokat a f\u0151bb t\u00e9nyez\u0151ket, amelyek meghat\u00e1rozz\u00e1k, hogy egy szem\u00e9ly jogosult-e mened\u00e9kjogra az Egyes\u00fclt Kir\u00e1lys\u00e1gban:\r\n<h4>Megalapozott f\u00e9lelem az \u00fcld\u00f6ztet\u00e9st\u0151l<\/h4>\r\nA szem\u00e9lynek megalapozottan kell tartania att\u00f3l, hogy haz\u00e1j\u00e1ban a fent eml\u00edtett \u00f6t ok valamelyike miatt \u00fcld\u00f6ztet\u00e9st\u0151l tart. Ez azt jelenti, hogy val\u00f3s \u00e9s \u00e9sszer\u0171 es\u00e9lye van annak, hogy visszat\u00e9r\u00e9se eset\u00e9n b\u00e1ntalmaz\u00e1s vagy rossz b\u00e1n\u00e1sm\u00f3d \u00e9rn\u00e9.\r\n<h4>Nincs m\u00e1s lehet\u0151s\u00e9g a v\u00e9delemre<\/h4>\r\nAhhoz, hogy valaki mened\u00e9kjogot kapjon, bizony\u00edtania kell, hogy haz\u00e1j\u00e1ban nincs m\u00e1s lehet\u0151s\u00e9g a v\u00e9delemre. Ez lehet az\u00e9rt, mert a korm\u00e1nyuk nem k\u00e9pes vagy nem hajland\u00f3 v\u00e9delmet ny\u00fajtani nekik, vagy mert a nem korm\u00e1nyzati szerepl\u0151k fenyeget\u00e9st jelentenek.\r\n<h4>Id\u0151szer\u0171 alkalmaz\u00e1s<\/h4>\r\nMint kor\u00e1bban eml\u00edtett\u00fck, az egy\u00e9nnek az Egyes\u00fclt Kir\u00e1lys\u00e1gba \u00e9rkez\u00e9se ut\u00e1n a lehet\u0151 leghamarabb mened\u00e9kjogot kell k\u00e9rnie. Ez az\u00e9rt fontos, mert a k\u00e9relem k\u00e9sedelmes beny\u00fajt\u00e1sa k\u00e9ts\u00e9geket \u00e9breszthet a k\u00e9relem hiteless\u00e9g\u00e9t illet\u0151en.\r\n<h4>Az \u00e1ll\u00edt\u00e1s hiteless\u00e9ge<\/h4>\r\nAz egy\u00e9n \u00e1ll\u00edt\u00e1s\u00e1nak hiteless\u00e9ge d\u00f6nt\u0151 fontoss\u00e1g\u00fa a mened\u00e9kjogra val\u00f3 jogosults\u00e1g meg\u00e1llap\u00edt\u00e1sakor. Ha a Bel\u00fcgyminiszt\u00e9rium \u00fagy tal\u00e1lja, hogy a k\u00e9relmez\u0151 besz\u00e1mol\u00f3j\u00e1ban ellentmond\u00e1sok vagy ellentmond\u00e1sok vannak, az befoly\u00e1solhatja a k\u00e9relemr\u0151l sz\u00f3l\u00f3 d\u00f6nt\u00e9st.\r\n<h4>Az \u00e1ll\u00edt\u00e1s al\u00e1t\u00e1maszt\u00e1s\u00e1ra szolg\u00e1l\u00f3 bizony\u00edt\u00e9kok<\/h4>\r\nA hiteless\u00e9g megteremt\u00e9se mellett az \u00e1ll\u00edt\u00e1s al\u00e1t\u00e1maszt\u00e1s\u00e1ra szolg\u00e1l\u00f3 bizony\u00edt\u00e9kok szolg\u00e1ltat\u00e1sa is elengedhetetlen. Ez mag\u00e1ban foglalhat olyan dokumentumokat, tan\u00fakat vagy szak\u00e9rt\u0151i jelent\u00e9seket, amelyek al\u00e1t\u00e1masztj\u00e1k az egy\u00e9n t\u00f6rt\u00e9net\u00e9t, \u00e9s bizony\u00edtj\u00e1k az \u00fcld\u00f6ztet\u00e9st\u0151l val\u00f3 megalapozott f\u00e9lelmet.\r\n<h4>Kiv\u00e9teles k\u00f6r\u00fclm\u00e9nyek<\/h4>\r\nEgyes esetekben el\u0151fordulhat, hogy egy szem\u00e9ly nem felel meg a mened\u00e9kjoghoz sz\u00fcks\u00e9ges valamennyi felt\u00e9telnek, de ennek ellen\u00e9re humanit\u00e1rius v\u00e9delemben vagy m\u00e9rlegel\u00e9si jogk\u00f6rben enged\u00e9lyt kaphat arra, hogy az Egyes\u00fclt Kir\u00e1lys\u00e1gban maradhasson. Erre \u00e1ltal\u00e1ban kiv\u00e9teles k\u00f6r\u00fclm\u00e9nyek k\u00f6z\u00f6tt ker\u00fcl sor, p\u00e9ld\u00e1ul eg\u00e9szs\u00e9g\u00fcgyi sz\u00fcks\u00e9gletek vagy csal\u00e1di k\u00f6tel\u00e9kek eset\u00e9n.\r\n\r\nKi jogosult mened\u00e9kjogra az Egyes\u00fclt Kir\u00e1lys\u00e1gban? V\u00e9gs\u0151 soron a Bel\u00fcgyminiszt\u00e9rium feladata annak meg\u00e1llap\u00edt\u00e1sa, hogy az egy\u00e9n megfelel-e a sz\u00fcks\u00e9ges krit\u00e9riumoknak, \u00e9s jogosult-e v\u00e9delemre az orsz\u00e1gban. Minden egyes esetet a saj\u00e1t \u00e9rdemei alapj\u00e1n \u00e9rt\u00e9kelnek, \u00e9s a k\u00e9relmez\u0151knek jogi tan\u00e1csot kell k\u00e9rni\u00fck annak \u00e9rdek\u00e9ben, hogy a lehet\u0151 legjobb es\u00e9ly\u00fck legyen a sikeres k\u00e9relem beny\u00fajt\u00e1s\u00e1ra.\r\n<h2>L\u00e9p\u00e9sr\u0151l l\u00e9p\u00e9sre \u00fatmutat\u00f3 a mened\u00e9kjog ir\u00e1nti k\u00e9relem beny\u00fajt\u00e1s\u00e1hoz<\/h2>\r\n\n<figure class=\"wp-block-image size-large\"><img loading=\"lazy\" decoding=\"async\" width=\"612\" height=\"408\" src=\"https:\/\/visaeta.uk\/wp-content\/uploads\/2025\/12\/Key-Components-of-a-UK-Visa-Application-Covering-Letter.jpg\" alt=\"Az Egyes\u00fclt Kir\u00e1lys\u00e1g v\u00edzumk\u00e9relm\u00e9hez csatoland\u00f3 k\u00eds\u00e9r\u0151lev\u00e9l \u2013 Megfontol\u00e1sra val\u00f3 felk\u00e9r\u00e9s\" class=\"aligncenter size-full wp-image-1685\" srcset=\"https:\/\/visaeta.uk\/wp-content\/uploads\/2025\/12\/Key-Components-of-a-UK-Visa-Application-Covering-Letter.jpg 612w, https:\/\/visaeta.uk\/wp-content\/uploads\/2025\/12\/Key-Components-of-a-UK-Visa-Application-Covering-Letter-300x200.jpg 300w, https:\/\/visaeta.uk\/wp-content\/uploads\/2025\/12\/Key-Components-of-a-UK-Visa-Application-Covering-Letter-18x12.jpg 18w\" sizes=\"auto, (max-width: 612px) 100vw, 612px\" \/><\/figure>\n\r\n\r\nAz Egyes\u00fclt Kir\u00e1lys\u00e1gban mened\u00e9kjog\u00e9rt folyamodni bonyolult \u00e9s <a href=\"https:\/\/visaeta.uk\/hu\/\" rel=\"noopener noreferrer\">ijeszt\u0151 folyamat<\/a>, de ha tiszt\u00e1ban vagyunk a l\u00e9p\u00e9sekkel, k\u00f6nnyebb\u00e9 v\u00e1lhat a t\u00e1j\u00e9koz\u00f3d\u00e1s. Az al\u00e1bbiakban l\u00e9p\u00e9sr\u0151l l\u00e9p\u00e9sre ismertetj\u00fck, hogyan kell mened\u00e9kjogot k\u00e9rni az Egyes\u00fclt Kir\u00e1lys\u00e1gban:\r\n<h3>1. l\u00e9p\u00e9s - \u00c9rkez\u00e9s az Egyes\u00fclt Kir\u00e1lys\u00e1gba<\/h3>\r\nAz els\u0151 l\u00e9p\u00e9s az Egyes\u00fclt Kir\u00e1lys\u00e1gba val\u00f3 fizikai meg\u00e9rkez\u00e9s. Ez t\u00f6bbf\u00e9le m\u00f3don t\u00f6rt\u00e9nhet, p\u00e9ld\u00e1ul \u00e9rv\u00e9nyes v\u00edzummal t\u00f6rt\u00e9n\u0151 beutaz\u00e1ssal vagy mened\u00e9kjog ir\u00e1nti k\u00e9relemmel egy bel\u00e9p\u00e9si kik\u00f6t\u0151ben.\r\n<h3>2. l\u00e9p\u00e9s - Azonnali menek\u00fclt\u00fcgyi \u00e1tvil\u00e1g\u00edt\u00e1s<\/h3>\r\n\u00c9rkez\u00e9skor az egy\u00e9nek a hat\u00e1r\u0151r\u00f6k \u00e1ltal a bel\u00e9ptet\u00e9si kik\u00f6t\u0151kben vagy az orsz\u00e1gon bel\u00fcl kijel\u00f6lt menek\u00fclt\u00fcgyi \u00e1tvil\u00e1g\u00edt\u00f3 egys\u00e9gekben (ASU) elv\u00e9gzett kezdeti \u00e1tvil\u00e1g\u00edt\u00e1son esnek \u00e1t. Ennek sor\u00e1n meg kell adni a szem\u00e9lyes adatokat, a mened\u00e9kk\u00e9r\u00e9s indokait \u00e9s az ujjlenyomatokat.\r\n<h3>3. l\u00e9p\u00e9s - Regisztr\u00e1ci\u00f3 a bel\u00fcgyminiszt\u00e9riumban<\/h3>\r\nAz els\u0151 sz\u0171r\u00e9sen val\u00f3 \u00e1tjut\u00e1s ut\u00e1n a szem\u00e9lyeket regisztr\u00e1lj\u00e1k a bel\u00fcgyminiszt\u00e9riumban, \u00e9s egyedi azonos\u00edt\u00f3 sz\u00e1mot kapnak. Ez az \u00fagynevezett Application Registration Card (ARC).\r\n<h3>4. l\u00e9p\u00e9s - Menek\u00fclt\u00fcgyi k\u00e9relem beny\u00fajt\u00e1sa<\/h3>\r\nA regisztr\u00e1ci\u00f3t k\u00f6vet\u0151en az egy\u00e9neknek legfeljebb h\u00e9t napjuk van arra, hogy beny\u00fajts\u00e1k a teljes mened\u00e9kjog ir\u00e1nti k\u00e9relm\u00fcket. Ez mag\u00e1ban foglalja a r\u00e9szletes besz\u00e1mol\u00f3t arr\u00f3l, hogy mi\u00e9rt k\u00e9rnek mened\u00e9kjogot, valamint az ezt al\u00e1t\u00e1maszt\u00f3 bizony\u00edt\u00e9kokat.\r\n<h3>5. l\u00e9p\u00e9s - Els\u0151 interj\u00fa<\/h3>\r\nA k\u00e9relem beny\u00fajt\u00e1sa ut\u00e1n a k\u00e9relmez\u0151k egy els\u0151 interj\u00fan vesznek r\u00e9szt, ahol tov\u00e1bbi inform\u00e1ci\u00f3kat adnak meg az ig\u00e9ny\u00fckr\u0151l. Ez t\u00f6rt\u00e9nhet a menek\u00fclt\u00fcgyi felv\u00e9teli egys\u00e9gben vagy videoh\u00edv\u00e1son kereszt\u00fcl.\r\n<h3>6. l\u00e9p\u00e9s - \u00dcgy\u00e9p\u00edt\u00e9s \u00e9s bizony\u00edt\u00e9kgy\u0171jt\u00e9s<\/h3>\r\nAz els\u0151 meghallgat\u00e1st k\u00f6vet\u0151en a Bel\u00fcgyminiszt\u00e9rium tov\u00e1bbi inform\u00e1ci\u00f3kat \u00e9s bizony\u00edt\u00e9kokat gy\u0171jt, hogy al\u00e1t\u00e1massza vagy vitassa az egy\u00e9n mened\u00e9kjog ir\u00e1nti k\u00e9relm\u00e9t. Ez mag\u00e1ban foglalhat tov\u00e1bbi interj\u00fakat, orvosi vizsg\u00e1latokat \u00e9s sz\u00e1rmaz\u00e1si orsz\u00e1gr\u00f3l sz\u00f3l\u00f3 jelent\u00e9seket.\r\n<h3>7. l\u00e9p\u00e9s - D\u00f6nt\u00e9s a mened\u00e9kjog ir\u00e1nti k\u00e9relemr\u0151l<\/h3>\r\nA Bel\u00fcgyminiszt\u00e9rium a rendelkez\u00e9sre \u00e1ll\u00f3 \u00f6sszes inform\u00e1ci\u00f3 alapj\u00e1n d\u00f6nt az egy\u00e9n k\u00e9relm\u00e9r\u0151l. A hat\u00f3s\u00e1gok szavahihet\u0151s\u00e9gi vizsg\u00e1latot is v\u00e9gezhetnek annak meg\u00e1llap\u00edt\u00e1s\u00e1ra, hogy a k\u00e9relmez\u0151 igazat mond-e.\r\n<h3>8. l\u00e9p\u00e9s - Fellebbez\u00e9s vagy tov\u00e1bbi beadv\u00e1nyok<\/h3>\r\nHa az egy\u00e9n k\u00e9relm\u00e9t elutas\u00edtj\u00e1k, bizonyos hat\u00e1rid\u0151n bel\u00fcl jog\u00e1ban \u00e1ll fellebbezni a d\u00f6nt\u00e9s ellen. Alternat\u00edvak\u00e9nt tov\u00e1bbi bizony\u00edt\u00e9kokat is beny\u00fajthatnak k\u00e9relm\u00fck al\u00e1t\u00e1maszt\u00e1s\u00e1ra.\r\n<h3>9. l\u00e9p\u00e9s - Mened\u00e9kjog vagy alternat\u00edv v\u00e9delem megad\u00e1sa<\/h3>\r\nHa a k\u00e9relem sikeres, a Bel\u00fcgyminiszt\u00e9rium menek\u00fcltst\u00e1tuszt vagy m\u00e1sfajta v\u00e9delmet, p\u00e9ld\u00e1ul humanit\u00e1rius v\u00e9delmet vagy az Egyes\u00fclt Kir\u00e1lys\u00e1gban val\u00f3 tart\u00f3zkod\u00e1sra jogos\u00edt\u00f3 enged\u00e9lyt ad.\r\n<h3>10. l\u00e9p\u00e9s - Beilleszked\u00e9s a t\u00e1rsadalomba<\/h3>\r\nMiut\u00e1n mened\u00e9kjogot kaptak, az egy\u00e9neknek be kell illeszkedni\u00fck a brit t\u00e1rsadalomba. Ez mag\u00e1ban foglalja a lakhat\u00e1s \u00e9s a munkav\u00e1llal\u00e1s megtal\u00e1l\u00e1s\u00e1t, az angol nyelv elsaj\u00e1t\u00edt\u00e1s\u00e1t \u00e9s a k\u00f6z\u00f6ss\u00e9gi tev\u00e9kenys\u00e9gekben val\u00f3 r\u00e9szv\u00e9telt.\r\n<h2>Menek\u00fclt csal\u00e1degyes\u00edt\u00e9si v\u00edzum<\/h2>\r\nA mened\u00e9kjog ir\u00e1nti k\u00e9relem mellett azok a szem\u00e9lyek, akik menek\u00fcltst\u00e1tuszt kaptak az Egyes\u00fclt Kir\u00e1lys\u00e1gban, menek\u00fclt csal\u00e1degyes\u00edt\u00e9si v\u00edzumot is ig\u00e9nyelhetnek. Ez a v\u00edzum lehet\u0151v\u00e9 teszi bizonyos csal\u00e1dtagok sz\u00e1m\u00e1ra, hogy csatlakozzanak hozz\u00e1juk az Egyes\u00fclt Kir\u00e1lys\u00e1gban, bele\u00e9rtve a h\u00e1zast\u00e1rsakat vagy \u00e9lett\u00e1rsakat, a 18 \u00e9v alatti gyermekeket, a sz\u00fcl\u0151ket, ha az egy\u00e9n 18 \u00e9v alatti, valamint a feln\u0151tt eltartott rokonokat.\r\n\r\nAhhoz, hogy jogosult legyen erre a v\u00edzumra, az illet\u0151nek az elm\u00falt \u00f6t \u00e9vben menek\u00fcltst\u00e1tuszt kell kapnia, \u00e9s meg kell felelnie az Egyes\u00fclt Kir\u00e1lys\u00e1gba behozni k\u00edv\u00e1nt csal\u00e1dtaggal val\u00f3 kapcsolat\u00e1ra vonatkoz\u00f3 k\u00fcl\u00f6nleges krit\u00e9riumoknak.\r\n\r\nA k\u00e9relmez\u00e9si folyamat sor\u00e1n ki kell t\u00f6lteni a k\u00e9relmez\u00e9si \u0171rlapot, be kell ny\u00fajtani az olyan igazol\u00f3 dokumentumokat, mint p\u00e9ld\u00e1ul a sz\u00fclet\u00e9si \u00e9s h\u00e1zass\u00e1gi anyak\u00f6nyvi kivonat, \u00e9s be kell fizetni a d\u00edjat. A bel\u00fcgyminiszt\u00e9rium minden egyes esetet egyedileg \u00e9rt\u00e9kel, miel\u0151tt d\u00f6nt\u00e9st hoz.\r\n\r\n\u00d6sszefoglalva, az Egyes\u00fclt Kir\u00e1lys\u00e1gban mened\u00e9kjogot k\u00e9rni hosszadalmas \u00e9s kih\u00edv\u00e1sokkal teli folyamat lehet, de alapvet\u0151 fontoss\u00e1g\u00fa azon szem\u00e9lyek sz\u00e1m\u00e1ra, akik \u00fcld\u00f6ztet\u00e9st\u0151l tartanak haz\u00e1jukban.\r\n<h2>A mened\u00e9kk\u00e9r\u0151k jogai az Egyes\u00fclt Kir\u00e1lys\u00e1gban<\/h2>\r\n\n<figure class=\"wp-block-image size-large\"><img loading=\"lazy\" decoding=\"async\" width=\"600\" height=\"499\" src=\"https:\/\/visaeta.uk\/wp-content\/uploads\/2025\/12\/Tourist-Visa-Application-for-UK.webp\" alt=\"Turisztikai v\u00edzumk\u00e9relem az Egyes\u00fclt Kir\u00e1lys\u00e1gba: Teljes ellen\u0151rz\u0151lista\" class=\"aligncenter size-full wp-image-1674\" srcset=\"https:\/\/visaeta.uk\/wp-content\/uploads\/2025\/12\/Tourist-Visa-Application-for-UK.webp 600w, https:\/\/visaeta.uk\/wp-content\/uploads\/2025\/12\/Tourist-Visa-Application-for-UK-300x250.webp 300w, https:\/\/visaeta.uk\/wp-content\/uploads\/2025\/12\/Tourist-Visa-Application-for-UK-14x12.webp 14w\" sizes=\"auto, (max-width: 600px) 100vw, 600px\" \/><\/figure>\n\r\n\r\nA <a href=\"https:\/\/visaeta.uk\/hu\/\" rel=\"noopener noreferrer\">menek\u00fclt\u00fcgyi elj\u00e1r\u00e1s<\/a>, az egy\u00e9neknek vannak bizonyos jogaik \u00e9s jogosults\u00e1gaik, amelyeket az Egyes\u00fclt Kir\u00e1lys\u00e1g joga v\u00e9d. Ezek k\u00f6z\u00e9 tartozik az eg\u00e9szs\u00e9g\u00fcgyi ell\u00e1t\u00e1shoz val\u00f3 hozz\u00e1f\u00e9r\u00e9s, a gyermekek oktat\u00e1sa, a jogi k\u00e9pviselet, valamint a fogva tart\u00e1s al\u00f3li mentess\u00e9g, kiv\u00e9ve, ha fenn\u00e1ll a sz\u00f6k\u00e9s vagy m\u00e1soknak okozott k\u00e1r vesz\u00e9lye.\r\n\r\nA mened\u00e9kk\u00e9r\u0151knek bizonyos k\u00f6r\u00fclm\u00e9nyek k\u00f6z\u00f6tt joguk van dolgozni is, p\u00e9ld\u00e1ul ha k\u00e9relm\u00fck t\u00f6bb mint hat h\u00f3napja f\u00fcgg\u0151ben van, vagy ha bizonyos kateg\u00f3ri\u00e1kba tartoznak, p\u00e9ld\u00e1ul azok k\u00f6z\u00e9, akik emberi jogi okokb\u00f3l kaptak enged\u00e9lyt a marad\u00e1sra. A bel\u00fcgyminiszt\u00e9rium menek\u00fclt\u00fcgyi t\u00e1mogat\u00e1si programj\u00e1n kereszt\u00fcl p\u00e9nz\u00fcgyi t\u00e1mogat\u00e1sra is jogosultak lehetnek.\r\n\r\nAz Egyes\u00fclt Kir\u00e1lys\u00e1gban mened\u00e9kjogot k\u00e9r\u0151 szem\u00e9lyek sz\u00e1m\u00e1ra alapvet\u0151 fontoss\u00e1g\u00fa, hogy ismerj\u00e9k jogaikat, \u00e9s jogi tan\u00e1csot k\u00e9rjenek, ha \u00fagy \u00e9rzik, hogy e jogaik s\u00e9r\u00fclnek. Az olyan szervezetek, mint a Menek\u00fclt\u00fcgyi Tan\u00e1cs \u00e9s a Brit V\u00f6r\u00f6skereszt ingyenes jogi tan\u00e1csad\u00e1st ny\u00fajtanak a mened\u00e9kk\u00e9r\u0151knek.\r\n<h2>Alkalmaz\u00e1si eredm\u00e9nyek<\/h2>\r\nA mened\u00e9kjogi elj\u00e1r\u00e1s lefolytat\u00e1sa ut\u00e1n az egy\u00e9n k\u00e9relm\u00e9nek t\u00f6bb lehets\u00e9ges kimenetele is van:\r\n<ul>\r\n \t<li><strong>Menek\u00fcltst\u00e1tusz<\/strong>: Ez azt jelenti, hogy az illet\u0151t menek\u00fcltk\u00e9nt ismert\u00e9k el, \u00e9s enged\u00e9lyt kapott arra, hogy az Egyes\u00fclt Kir\u00e1lys\u00e1gban maradhasson. A brit \u00e1llampolg\u00e1rok\u00e9hoz hasonl\u00f3 jogok \u00e9s jogosults\u00e1gok illetik meg.<\/li>\r\n \t<li><strong>Humanit\u00e1rius v\u00e9delem:<\/strong> Ha egy szem\u00e9ly nem felel meg a menek\u00fcltst\u00e1tusz felt\u00e9teleinek, de haz\u00e1j\u00e1ban m\u00e9gis s\u00falyos vesz\u00e9lynek van kit\u00e9ve, humanit\u00e1rius v\u00e9delemben r\u00e9szes\u00fclhet. Ez lehet\u0151v\u00e9 teszi sz\u00e1mukra, hogy korl\u00e1tozott ideig az Egyes\u00fclt Kir\u00e1lys\u00e1gban maradjanak, \u00e9s hozz\u00e1f\u00e9rjenek bizonyos jogokhoz, p\u00e9ld\u00e1ul az oktat\u00e1shoz \u00e9s az eg\u00e9szs\u00e9g\u00fcgyi ell\u00e1t\u00e1shoz.<\/li>\r\n \t<li><strong>Diszkrecion\u00e1lis szabads\u00e1g<\/strong>: Kiv\u00e9teles k\u00f6r\u00fclm\u00e9nyek k\u00f6z\u00f6tt az Egyes\u00fclt Kir\u00e1lys\u00e1gban val\u00f3 tart\u00f3zkod\u00e1sra diszkrecion\u00e1lis enged\u00e9lyt kaphatnak olyan szem\u00e9lyek, akik nem felelnek meg a menek\u00fcltst\u00e1tusz vagy a humanit\u00e1rius v\u00e9delem felt\u00e9teleinek. Ezt \u00e1ltal\u00e1ban korl\u00e1tozott id\u0151tartamra adj\u00e1k meg, \u00e9s meghosszabb\u00edthat\u00f3, ha a haz\u00e1jukban fenn\u00e1ll\u00f3 kock\u00e1zatok fenn\u00e1llnak.<\/li>\r\n \t<li><strong>A k\u00e9relem elutas\u00edt\u00e1sa<\/strong>: Sajnos nem minden mened\u00e9kk\u00e9relem sikeres. Ha egy k\u00e9relmet elutas\u00edtanak, az \u00e9rintettnek joga lehet fellebbezni a d\u00f6nt\u00e9s ellen, vagy tov\u00e1bbi bizony\u00edt\u00e9kokat ny\u00fajthat be. Ha minden lehet\u0151s\u00e9get kimer\u00edtettek, \u00e9s m\u00e9g mindig kitoloncol\u00e1ssal kell szemben\u00e9zni\u00fck, d\u00f6nthetnek \u00fagy, hogy elrejt\u0151znek, vagy pap\u00edrok n\u00e9lk\u00fcli bev\u00e1ndorl\u00f3k\u00e9nt \u00e9lnek.<\/li>\r\n<\/ul>\r\nAz Egyes\u00fclt Kir\u00e1lys\u00e1gban mened\u00e9kjogot k\u00e9r\u0151 szem\u00e9lyek sz\u00e1m\u00e1ra elengedhetetlen, hogy tiszt\u00e1ban legyenek ezekkel a lehets\u00e9ges k\u00f6vetkezm\u00e9nyekkel, \u00e9s ennek megfelel\u0151en k\u00e9sz\u00fcljenek fel. A pozit\u00edv kimenetel es\u00e9lyeinek n\u00f6vel\u00e9se \u00e9rdek\u00e9ben fontol\u00f3ra kell venni\u00fck azt is, hogy jogi k\u00e9pviseletet k\u00e9rjenek az elj\u00e1r\u00e1s sor\u00e1n.\r\n<h2>Jogi seg\u00edts\u00e9gny\u00fajt\u00e1s \u00e9s t\u00e1mogat\u00e1si forr\u00e1sok az Egyes\u00fclt Kir\u00e1lys\u00e1gban<\/h2>\r\n<img loading=\"lazy\" decoding=\"async\" width=\"2048\" height=\"1889\" src=\"https:\/\/visaeta.uk\/wp-content\/uploads\/2025\/08\/Application-Requirements.png\" alt=\"Kell-e v\u00edzum az amerikai \u00e1llampolg\u00e1roknak az Egyes\u00fclt Kir\u00e1lys\u00e1gba 2025-ben? Legfrissebb friss\u00edt\u00e9sek\" class=\"aligncenter size-full wp-image-1405\" srcset=\"https:\/\/visaeta.uk\/wp-content\/uploads\/2025\/08\/Application-Requirements.png 2048w, https:\/\/visaeta.uk\/wp-content\/uploads\/2025\/08\/Application-Requirements-300x277.png 300w, https:\/\/visaeta.uk\/wp-content\/uploads\/2025\/08\/Application-Requirements-1024x945.png 1024w, https:\/\/visaeta.uk\/wp-content\/uploads\/2025\/08\/Application-Requirements-768x708.png 768w, https:\/\/visaeta.uk\/wp-content\/uploads\/2025\/08\/Application-Requirements-1536x1417.png 1536w, https:\/\/visaeta.uk\/wp-content\/uploads\/2025\/08\/Application-Requirements-13x12.png 13w\" sizes=\"auto, (max-width: 2048px) 100vw, 2048px\" \/>\r\n\r\nA menek\u00fclt\u00fcgyi elj\u00e1r\u00e1s lehet <a href=\"https:\/\/visaeta.uk\/hu\/\" rel=\"noopener noreferrer\">\u00f6sszetett \u00e9s nyomaszt\u00f3<\/a>, k\u00fcl\u00f6n\u00f6sen azon szem\u00e9lyek eset\u00e9ben, akik haz\u00e1jukban traum\u00e1val szembes\u00fcltek. Elengedhetetlen, hogy jogi seg\u00edts\u00e9get \u00e9s t\u00e1mogat\u00e1st k\u00e9rjenek az elj\u00e1r\u00e1s sor\u00e1n.\r\n\r\nAz Egyes\u00fclt Kir\u00e1lys\u00e1gban n\u00e9h\u00e1ny szervezet ingyenes jogi tan\u00e1csad\u00e1st ny\u00fajt a mened\u00e9kk\u00e9r\u0151knek, t\u00f6bbek k\u00f6z\u00f6tt:\r\n\r\n<strong>Menek\u00fclt\u00fcgyi Tan\u00e1cs<\/strong>Ez a szervezet ingyenes jogi tan\u00e1csad\u00e1st \u00e9s k\u00e9pviseletet k\u00edn\u00e1l menek\u00fclteknek az Egyes\u00fclt Kir\u00e1lys\u00e1g eg\u00e9sz ter\u00fclet\u00e9n. K\u00e9pzett \u00fcgyv\u00e9dekb\u0151l \u00e9s bev\u00e1ndorl\u00e1si \u00fcgyint\u00e9z\u0151kb\u0151l \u00e1ll\u00f3 csapatuk van, akik seg\u00edtenek a mened\u00e9kjogi k\u00e9relmek, fellebbez\u00e9sek \u00e9s csal\u00e1degyes\u00edt\u00e9si v\u00edzumok \u00fcgy\u00e9ben.\r\n\r\n<strong>Brit V\u00f6r\u00f6skereszt<\/strong>A Brit V\u00f6r\u00f6skereszt ingyenes jogi tan\u00e1csad\u00e1st, t\u00e1j\u00e9koztat\u00e1st \u00e9s \u00fatmutat\u00e1st is ny\u00fajt az Egyes\u00fclt Kir\u00e1lys\u00e1gban \u00e9l\u0151 mened\u00e9kk\u00e9r\u0151knek. Van egy k\u00fcl\u00f6n menek\u00fclteket t\u00e1mogat\u00f3 szolg\u00e1latuk, amely seg\u00edt a mened\u00e9kjogi k\u00e9relmek, fellebbez\u00e9sek, leteleped\u00e9si t\u00e1mogat\u00e1s \u00e9s egy\u00e9b k\u00e9rd\u00e9sekben.\r\n\r\n<strong>Polg\u00e1ri Tan\u00e1csad\u00f3 Iroda<\/strong>A helyi polg\u00e1ri tan\u00e1csad\u00f3 irod\u00e1k \u00e1ltal\u00e1nos tan\u00e1csad\u00e1st ny\u00fajtanak k\u00fcl\u00f6nb\u00f6z\u0151 k\u00e9rd\u00e9sekben, t\u00f6bbek k\u00f6z\u00f6tt bev\u00e1ndorl\u00e1si \u00fcgyekben. B\u00e1r nem specializ\u00e1l\u00f3dhatnak kifejezetten a menek\u00fclt\u00fcgyi jogra, \u00e9rt\u00e9kes inform\u00e1ci\u00f3kkal szolg\u00e1lhatnak, \u00e9s m\u00e1s szervezetekhez ir\u00e1ny\u00edthatj\u00e1k az egy\u00e9neket konkr\u00e9t seg\u00edts\u00e9g\u00e9rt.\r\n\r\n<strong>Jogi k\u00f6zpontok<\/strong>:\r\n\r\nA jogi k\u00f6zpontok ingyenes jogi tan\u00e1csad\u00e1st \u00e9s k\u00e9pviseletet biztos\u00edtanak olyan szem\u00e9lyek sz\u00e1m\u00e1ra, akik nem engedhetik meg maguknak, hogy mag\u00e1n\u00fcgyv\u00e9det fogadjanak. A jog k\u00fcl\u00f6nb\u00f6z\u0151 ter\u00fcletein, t\u00f6bbek k\u00f6z\u00f6tt a bev\u00e1ndorl\u00e1s \u00e9s a menek\u00fclt\u00fcgy ter\u00fclet\u00e9n rendelkeznek szak\u00e9rtelemmel.\r\n\r\nA sikeres kimenetel es\u00e9lyeinek n\u00f6vel\u00e9se \u00e9rdek\u00e9ben elengedhetetlen, hogy olyan j\u00f3 h\u00edr\u0171 szervezet vagy \u00fcgyv\u00e9d seg\u00edts\u00e9g\u00e9t k\u00e9rje, aki rendelkezik tapasztalattal a menek\u00fclt\u00fcgyi \u00fcgyekben. Emellett l\u00e9teznek olyan t\u00e1mogat\u00f3 csoportok \u00e9s j\u00f3t\u00e9konys\u00e1gi szervezetek, amelyek \u00e9rzelmi \u00e9s gyakorlati t\u00e1mogat\u00e1st ny\u00fajtanak az Egyes\u00fclt Kir\u00e1lys\u00e1gban \u00e9l\u0151 menek\u00fclteknek \u00e9s mened\u00e9kk\u00e9r\u0151knek. Ezek k\u00f6z\u00e9 tartozik t\u00f6bbek k\u00f6z\u00f6tt a Refugee Action, a Migrant Help \u00e9s az Asylum Welcome.\r\n<h2><strong>Tippek a sikeres mened\u00e9kjog ir\u00e1nti k\u00e9relemhez<\/strong><\/h2>\r\n\u00cdme n\u00e9h\u00e1ny tipp az Egyes\u00fclt Kir\u00e1lys\u00e1gban zajl\u00f3 menek\u00fclt\u00fcgyi elj\u00e1r\u00e1s sor\u00e1n \u00e9rintett szem\u00e9lyek sz\u00e1m\u00e1ra:\r\n<ul>\r\n \t<li><strong>Keressen jogi k\u00e9pviseletet:<\/strong> Amint azt m\u00e1r kor\u00e1bban eml\u00edtett\u00fck, egy k\u00e9pzett \u00fcgyv\u00e9d vagy bev\u00e1ndorl\u00e1si \u00fcgyint\u00e9z\u0151 nagym\u00e9rt\u00e9kben n\u00f6velheti a sikeres elj\u00e1r\u00e1s es\u00e9ly\u00e9t.<\/li>\r\n \t<li><strong>Alapos \u00e9s pontos t\u00e1j\u00e9koztat\u00e1s<\/strong>: A p\u00e1ly\u00e1zat kit\u00f6lt\u00e9sekor elengedhetetlen, hogy minden l\u00e9nyeges inform\u00e1ci\u00f3t \u00e9s igazol\u00f3 dokumentumot megadjon. B\u00e1rmilyen elt\u00e9r\u00e9s vagy hi\u00e1nyz\u00f3 inform\u00e1ci\u00f3 k\u00e9sedelmet vagy elutas\u00edt\u00e1st eredm\u00e9nyezhet.<\/li>\r\n \t<li><strong>Legyen \u0151szinte \u00e9s k\u00f6vetkezetes<\/strong>: Alapvet\u0151 fontoss\u00e1g\u00fa, hogy az eg\u00e9sz folyamat sor\u00e1n \u0151szint\u00e9nek kell lenni, az els\u0151 k\u00e9relem beny\u00fajt\u00e1s\u00e1t\u00f3l kezdve a bel\u00fcgyminiszt\u00e9rium tisztvisel\u0151ivel folytatott interj\u00fakig. Az \u00e1ll\u00edt\u00e1sokban l\u00e9v\u0151 ellentmond\u00e1sok felkelthetik a figyelmet, \u00e9s ronthatj\u00e1k az egy\u00e9n hiteless\u00e9g\u00e9t.<\/li>\r\n \t<li><strong>Minden dokumentumr\u00f3l m\u00e1solatot kell k\u00e9sz\u00edteni<\/strong>: C\u00e9lszer\u0171 m\u00e1solatot k\u00e9sz\u00edteni a menek\u00fclt\u00fcgyi elj\u00e1r\u00e1s sor\u00e1n beny\u00fajtott \u00e9s kapott valamennyi dokumentumr\u00f3l, bele\u00e9rtve a k\u00e9relem formanyomtatv\u00e1nyait, az igazol\u00f3 dokumentumokat \u00e9s a Bel\u00fcgyminiszt\u00e9riummal folytatott levelez\u00e9st.<\/li>\r\n \t<li><strong>Keressen \u00e9rzelmi t\u00e1mogat\u00e1st<\/strong>: A menek\u00fclt\u00fcgyi elj\u00e1r\u00e1s \u00e9rzelmileg megterhel\u0151 lehet, \u00e9s elengedhetetlen, hogy a stressz vagy a trauma feldolgoz\u00e1s\u00e1hoz seg\u00edts\u00e9get k\u00e9rjen bar\u00e1tokt\u00f3l, csal\u00e1dtagokt\u00f3l vagy t\u00e1mogat\u00f3 csoportokt\u00f3l.<\/li>\r\n<\/ul>\r\n<h2>GYIK<\/h2>\r\n<h3><strong>Milyen elj\u00e1r\u00e1s vonatkozik az Egyes\u00fclt Kir\u00e1lys\u00e1gban mened\u00e9kjogot k\u00e9r\u0151kre?<\/strong><\/h3>\r\nAz Egyes\u00fclt Kir\u00e1lys\u00e1gban mened\u00e9kjogot k\u00e9r\u0151 szem\u00e9lyeknek a beutaz\u00e1si kik\u00f6t\u0151ben vagy az orsz\u00e1gba val\u00f3 meg\u00e9rkez\u00e9s ut\u00e1n a lehet\u0151 leghamarabb mened\u00e9kjogot kell k\u00e9rni\u00fck. Az elj\u00e1r\u00e1s egy sz\u0171r\u0151interj\u00fab\u00f3l \u00e1ll, amelyet egy \u00e9rdemi mened\u00e9kjogi meghallgat\u00e1s k\u00f6vet, ahol a mened\u00e9kjog ir\u00e1nti k\u00e9relm\u00fcket al\u00e1t\u00e1maszt\u00f3 bizony\u00edt\u00e9kokkal kell al\u00e1t\u00e1masztaniuk. A k\u00e9relmez\u0151knek tiszt\u00e1ban kell lenni\u00fck az illeg\u00e1lis migr\u00e1ci\u00f3r\u00f3l sz\u00f3l\u00f3 t\u00f6rv\u00e9ny szerinti szab\u00e1lyokkal, amelyek befoly\u00e1solhatj\u00e1k k\u00e9relm\u00fcket.\r\n<h3><strong>Hogyan hat az illeg\u00e1lis migr\u00e1ci\u00f3s t\u00f6rv\u00e9ny azokra, akik mened\u00e9kjogot k\u00e9rtek?<\/strong><\/h3>\r\nAz illeg\u00e1lis migr\u00e1ci\u00f3r\u00f3l sz\u00f3l\u00f3 t\u00f6rv\u00e9ny olyan int\u00e9zked\u00e9seket vezet be, amelyek befoly\u00e1solhatj\u00e1k a mened\u00e9kjogot k\u00e9relmez\u0151k helyzet\u00e9t. Az illeg\u00e1lis beutaz\u00e1sok visszaszor\u00edt\u00e1s\u00e1ra \u00f6sszpontos\u00edt, \u00e9s korl\u00e1tozhatja azon szem\u00e9lyek jogait, akik nem k\u00f6vetik a mened\u00e9kk\u00e9relemmel kapcsolatos megfelel\u0151 elj\u00e1r\u00e1sokat. A k\u00e9relmez\u0151k sz\u00e1m\u00e1ra kulcsfontoss\u00e1g\u00fa, hogy meg\u00e9rts\u00e9k ezeket a k\u00f6vetkezm\u00e9nyeket, \u00e9s biztos\u00edts\u00e1k, hogy k\u00e9relm\u00fck megfeleljen a hat\u00e1lyos jogszab\u00e1lyoknak.\r\n<h3><strong>Milyen t\u00e1mogat\u00e1st kaphat egy k\u00eds\u00e9r\u0151 n\u00e9lk\u00fcli mened\u00e9kk\u00e9r\u0151 gyermek?<\/strong><\/h3>\r\nA k\u00eds\u00e9r\u0151 n\u00e9lk\u00fcli mened\u00e9kk\u00e9r\u0151 gyermek k\u00fcl\u00f6nleges t\u00e1mogat\u00e1si \u00e9s v\u00e9delmi int\u00e9zked\u00e9sekre jogosult. Az Egyes\u00fclt Kir\u00e1lys\u00e1g korm\u00e1nya seg\u00edts\u00e9get ny\u00fajt a lakhat\u00e1shoz, az oktat\u00e1shoz \u00e9s a jogi k\u00e9pviselethez, hogy seg\u00edtsen eligazodni a mened\u00e9kjog ir\u00e1nti k\u00e9relem beny\u00fajt\u00e1s\u00e1nak folyamat\u00e1ban. Ezeket a gyermekeket kiemelten kezelik, hogy biztons\u00e1gukat \u00e9s j\u00f3l\u00e9t\u00fcket biztos\u00edts\u00e1k a mened\u00e9kjog ir\u00e1nti k\u00e9relm\u00fck elb\u00edr\u00e1l\u00e1sa sor\u00e1n.\r\n<h3><strong>Mire sz\u00e1m\u00edthatnak az egy\u00e9nek az \u00e9rdemi menek\u00fclt\u00fcgyi meghallgat\u00e1s sor\u00e1n?<\/strong><\/h3>\r\nAz \u00e9rdemi meghallgat\u00e1s sor\u00e1n a mened\u00e9kjogot k\u00e9r\u0151 szem\u00e9lyek alaposan megvitatj\u00e1k k\u00e9relm\u00fck r\u00e9szleteit. Ez a meghallgat\u00e1s lehet\u0151s\u00e9get ad arra, hogy bizony\u00edt\u00e9kokat mutassanak be, \u00e9s megmagyar\u00e1zz\u00e1k, mi\u00e9rt menek\u00fcltek el haz\u00e1jukb\u00f3l. Ez egy kritikus l\u00e9p\u00e9s, ahol a mened\u00e9kjog ir\u00e1nti k\u00e9relem hiteless\u00e9g\u00e9t \u00e9rt\u00e9kelik, \u00e9s a k\u00e9relmez\u0151knek fel kell k\u00e9sz\u00fclni\u00fck arra, hogy r\u00e9szletes t\u00e1j\u00e9koztat\u00e1st adjanak k\u00f6r\u00fclm\u00e9nyeikr\u0151l.\r\n\n<h2>Hivatalos forr\u00e1sok \u00e9s hivatkoz\u00e1sok<\/h2>\n<p>Ez az \u00fatmutat\u00f3 az Egyes\u00fclt Kir\u00e1lys\u00e1g hivatalos korm\u00e1nyzati forr\u00e1sain alapul. Minden inform\u00e1ci\u00f3 a 2026-os \u00e1llapotnak megfelel\u0151.<\/p>\n<p><strong>Kulcsfontoss\u00e1g\u00fa t\u00e9ny:<\/strong> Az Egyes\u00fclt Kir\u00e1lys\u00e1gban az ETA 20 fontba ker\u00fcl k\u00e9relemenk\u00e9nt, 2 \u00e9vig vagy az \u00fatlev\u00e9l lej\u00e1rt\u00e1ig \u00e9rv\u00e9nyes, \u00e9s korl\u00e1tlan sz\u00e1m\u00fa, egyenk\u00e9nt legfeljebb 6 h\u00f3napos l\u00e1togat\u00e1st tesz lehet\u0151v\u00e9. A 48 jogosult orsz\u00e1g \u00e1llampolg\u00e1rainak utaz\u00e1sa el\u0151tt ETA-t kell szerezni\u00fck (Forr\u00e1s: <a href=\"https:\/\/www.gov.uk\/guidance\/apply-for-an-electronic-travel-authorisation-eta\" target=\"_blank\" rel=\"noopener\">GOV.UK<\/a>).<\/p>\n<ol>\n<li><a href=\"https:\/\/www.gov.uk\/guidance\/apply-for-an-electronic-travel-authorisation-eta\" target=\"_blank\" rel=\"noopener\">Egyes\u00fclt Kir\u00e1lys\u00e1g korm\u00e1nya - ETA k\u00e9relmez\u00e9se<\/a><\/li>\n<li><a href=\"https:\/\/www.gov.uk\/guidance\/electronic-travel-authorisation-eta\" target=\"_blank\" rel=\"noopener\">Az Egyes\u00fclt Kir\u00e1lys\u00e1g korm\u00e1nya - ETA ir\u00e1nymutat\u00e1s<\/a><\/li>\n<li><a href=\"https:\/\/www.gov.uk\/check-uk-visa\" target=\"_blank\" rel=\"noopener\">Egyes\u00fclt Kir\u00e1lys\u00e1g korm\u00e1nya - Ellen\u0151rizze, hogy sz\u00fcks\u00e9ge van-e brit v\u00edzumra<\/a><\/li>\n<li><a href=\"https:\/\/www.gov.uk\/standard-visitor\" target=\"_blank\" rel=\"noopener\">Egyes\u00fclt Kir\u00e1lys\u00e1g korm\u00e1nya - Standard l\u00e1togat\u00f3<\/a><\/li>\n<li><a href=\"https:\/\/www.visitbritain.com\/en\/plan-your-trip\/getting-to-britain\" target=\"_blank\" rel=\"noopener\">VisitBritain - Utaz\u00e1s Nagy-Britanni\u00e1ba<\/a><\/li>\n<\/ol>\n<h2>K\u00f6vetkeztet\u00e9s<\/h2>\r\n\u00d6sszefoglalva, ez az \u00fatmutat\u00f3 felv\u00e1zolta az Egyes\u00fclt Kir\u00e1lys\u00e1gban val\u00f3 eligazod\u00e1s alapvet\u0151 l\u00e9p\u00e9seit \u00e9s szempontjait. <a href=\"https:\/\/visaeta.uk\/hu\/\" rel=\"noopener noreferrer\">mened\u00e9kjog \u00e9s menek\u00fcltv\u00edzum<\/a> jelentkez\u00e9si folyamat.\r\n\r\nA jogosults\u00e1gi felt\u00e9telek meg\u00e9rt\u00e9s\u00e9vel, az interj\u00fara val\u00f3 alapos felk\u00e9sz\u00fcl\u00e9ssel \u00e9s a sz\u00fcks\u00e9ges dokument\u00e1ci\u00f3 ismeret\u00e9vel a p\u00e1ly\u00e1z\u00f3k magabiztosan v\u00e1ghatnak neki ennek az \u00fatnak. Ez az \u00fatmutat\u00f3 l\u00e9tfontoss\u00e1g\u00fa forr\u00e1sk\u00e9nt szolg\u00e1l, amely egy\u00e9rtelm\u0171s\u00e9get \u00e9s t\u00e1mogat\u00e1st ny\u00fajt, mik\u00f6zben biztos\u00edtja, hogy a k\u00e9relmez\u0151k tiszt\u00e1ban legyenek jogaikkal \u00e9s a rendelkez\u00e9sre \u00e1ll\u00f3 forr\u00e1sokkal.\r\n\r\nCsapatunk elk\u00f6telezett amellett, hogy v\u00e9gigvezesse \u00d6nt az al\u00e1bbi folyamatokon<a class=\"text-indigo-700 underline underline-offset-4\" href=\"https:\/\/visaeta.uk\/hu\/\" rel=\"noreferrer\"> Egyes\u00fclt Kir\u00e1lys\u00e1g Menek\u00fclt\u00fcgyi \u00e9s menek\u00fclt\u00fcgyi<\/a> V\u00edzumk\u00e9relmez\u00e9si folyamat, seg\u00edt meg\u00e9rteni a k\u00f6vetelm\u00e9nyeket, \u00e9s n\u00f6veli a sikeres k\u00e9relem es\u00e9ly\u00e9t. Keressen minket a k\u00f6vetkez\u0151 c\u00edmen <a href=\"https:\/\/visaeta.uk\/hu\/\" rel=\"noopener noreferrer\">visaeta.uk<\/a> szak\u00e9rt\u0151i tan\u00e1csad\u00e1s\u00e9rt \u00e9s az \u00d6n egyedi k\u00f6r\u00fclm\u00e9nyeire szabott, z\u00f6kken\u0151mentes \u00e9lm\u00e9ny\u00e9rt.","protected":false},"excerpt":{"rendered":"<p>UK Asylum and Refugee Visa Application Guide Navigating the UK asylum and refugee visa application process can be daunting, but understanding the legal framework and procedures is crucial for those seeking protection. This guide is designed to illuminate the path for applicants, offering essential insights into the complexities of securing asylum or refugee status in [&hellip;]<\/p>\n","protected":false},"author":3,"featured_media":1458,"comment_status":"open","ping_status":"open","sticky":false,"template":"","format":"standard","meta":{"site-sidebar-layout":"default","site-content-layout":"","ast-site-content-layout":"default","site-content-style":"default","site-sidebar-style":"default","ast-global-header-display":"","ast-banner-title-visibility":"","ast-main-header-display":"","ast-hfb-above-header-display":"","ast-hfb-below-header-display":"","ast-hfb-mobile-header-display":"","site-post-title":"","ast-breadcrumbs-content":"","ast-featured-img":"","footer-sml-layout":"","theme-transparent-header-meta":"default","adv-header-id-meta":"","stick-header-meta":"","header-above-stick-meta":"","header-main-stick-meta":"","header-below-stick-meta":"","astra-migrate-meta-layouts":"set","ast-page-background-enabled":"default","ast-page-background-meta":{"desktop":{"background-color":"var(--ast-global-color-4)","background-image":"","background-repeat":"repeat","background-position":"center center","background-size":"auto","background-attachment":"scroll","background-type":"","background-media":"","overlay-type":"","overlay-color":"","overlay-opacity":"","overlay-gradient":""},"tablet":{"background-color":"","background-image":"","background-repeat":"repeat","background-position":"center center","background-size":"auto","background-attachment":"scroll","background-type":"","background-media":"","overlay-type":"","overlay-color":"","overlay-opacity":"","overlay-gradient":""},"mobile":{"background-color":"","background-image":"","background-repeat":"repeat","background-position":"center center","background-size":"auto","background-attachment":"scroll","background-type":"","background-media":"","overlay-type":"","overlay-color":"","overlay-opacity":"","overlay-gradient":""}},"ast-content-background-meta":{"desktop":{"background-color":"var(--ast-global-color-5)","background-image":"","background-repeat":"repeat","background-position":"center center","background-size":"auto","background-attachment":"scroll","background-type":"","background-media":"","overlay-type":"","overlay-color":"","overlay-opacity":"","overlay-gradient":""},"tablet":{"background-color":"var(--ast-global-color-5)","background-image":"","background-repeat":"repeat","background-position":"center center","background-size":"auto","background-attachment":"scroll","background-type":"","background-media":"","overlay-type":"","overlay-color":"","overlay-opacity":"","overlay-gradient":""},"mobile":{"background-color":"var(--ast-global-color-5)","background-image":"","background-repeat":"repeat","background-position":"center center","background-size":"auto","background-attachment":"scroll","background-type":"","background-media":"","overlay-type":"","overlay-color":"","overlay-opacity":"","overlay-gradient":""}},"footnotes":""},"categories":[12,128],"tags":[134,133,136],"class_list":["post-536","post","type-post","status-publish","format-standard","has-post-thumbnail","hentry","category-blog","category-uk-eta-application","tag-eta-application","tag-uk-eta-2026","tag-uk-visa"],"yoast_head":"<!-- This site is optimized with the Yoast SEO plugin v27.8 - https:\/\/yoast.com\/product\/yoast-seo-wordpress\/ -->\n<title>Refugee Visa UK 2026: Asylum Application Process Explained<\/title>\n<meta name=\"description\" content=\"Refugee visa UK 2026: how to claim asylum, eligibility, required documents, interview process and what to do if you arrived on a tourist visa.\" \/>\n<meta name=\"robots\" content=\"index, follow, max-snippet:-1, max-image-preview:large, max-video-preview:-1\" \/>\n<link rel=\"canonical\" href=\"https:\/\/visaeta.uk\/hu\/blog\/uk-asylum-and-refugee-visa-application-guide\/\" \/>\n<meta property=\"og:locale\" content=\"hu_HU\" \/>\n<meta property=\"og:type\" content=\"article\" \/>\n<meta property=\"og:title\" content=\"Refugee Visa UK 2026: Asylum Application Process Explained\" \/>\n<meta property=\"og:description\" content=\"Refugee visa UK 2026: how to claim asylum, eligibility, required documents, interview process and what to do if you arrived on a tourist visa.\" \/>\n<meta property=\"og:url\" content=\"https:\/\/visaeta.uk\/hu\/blog\/uk-asylum-and-refugee-visa-application-guide\/\" \/>\n<meta property=\"og:site_name\" content=\"ETA VISA UK\" \/>\n<meta property=\"article:published_time\" content=\"2024-11-30T19:00:06+00:00\" \/>\n<meta property=\"article:modified_time\" content=\"2026-05-16T09:54:57+00:00\" \/>\n<meta property=\"og:image\" content=\"https:\/\/visaeta.uk\/wp-content\/uploads\/2025\/08\/UK-Visitor-Visa-Application-Process-1024x1024.png\" \/>\n\t<meta property=\"og:image:width\" content=\"1024\" \/>\n\t<meta property=\"og:image:height\" content=\"1024\" \/>\n\t<meta property=\"og:image:type\" content=\"image\/png\" \/>\n<meta name=\"author\" content=\"Luqman C\" \/>\n<meta name=\"twitter:card\" content=\"summary_large_image\" \/>\n<meta name=\"twitter:label1\" content=\"Szerz\u0151:\" \/>\n\t<meta name=\"twitter:data1\" content=\"Luqman C\" \/>\n\t<meta name=\"twitter:label2\" content=\"Becs\u00fclt olvas\u00e1si id\u0151\" \/>\n\t<meta name=\"twitter:data2\" content=\"16 perc\" \/>\n<script type=\"application\/ld+json\" class=\"yoast-schema-graph\">{\"@context\":\"https:\\\/\\\/schema.org\",\"@graph\":[{\"@type\":\"Article\",\"@id\":\"https:\\\/\\\/visaeta.uk\\\/blog\\\/uk-asylum-and-refugee-visa-application-guide\\\/#article\",\"isPartOf\":{\"@id\":\"https:\\\/\\\/visaeta.uk\\\/blog\\\/uk-asylum-and-refugee-visa-application-guide\\\/\"},\"author\":{\"name\":\"Luqman C\",\"@id\":\"https:\\\/\\\/visaeta.uk\\\/#\\\/schema\\\/person\\\/2a2d6f2dc5a3b4baa5b51ab35bd9328b\"},\"headline\":\"UK Asylum and Refugee Visa Application Guide\",\"datePublished\":\"2024-11-30T19:00:06+00:00\",\"dateModified\":\"2026-05-16T09:54:57+00:00\",\"mainEntityOfPage\":{\"@id\":\"https:\\\/\\\/visaeta.uk\\\/blog\\\/uk-asylum-and-refugee-visa-application-guide\\\/\"},\"wordCount\":3404,\"commentCount\":0,\"publisher\":{\"@id\":\"https:\\\/\\\/visaeta.uk\\\/#organization\"},\"image\":{\"@id\":\"https:\\\/\\\/visaeta.uk\\\/blog\\\/uk-asylum-and-refugee-visa-application-guide\\\/#primaryimage\"},\"thumbnailUrl\":\"https:\\\/\\\/visaeta.uk\\\/wp-content\\\/uploads\\\/2025\\\/08\\\/UK-Visitor-Visa-Application-Process.png\",\"keywords\":[\"ETA Application\",\"UK ETA 2026\",\"UK Visa\"],\"articleSection\":[\"BLOG\",\"UK ETA Application\"],\"inLanguage\":\"hu\",\"potentialAction\":[{\"@type\":\"CommentAction\",\"name\":\"Comment\",\"target\":[\"https:\\\/\\\/visaeta.uk\\\/blog\\\/uk-asylum-and-refugee-visa-application-guide\\\/#respond\"]}]},{\"@type\":\"WebPage\",\"@id\":\"https:\\\/\\\/visaeta.uk\\\/blog\\\/uk-asylum-and-refugee-visa-application-guide\\\/\",\"url\":\"https:\\\/\\\/visaeta.uk\\\/blog\\\/uk-asylum-and-refugee-visa-application-guide\\\/\",\"name\":\"Refugee Visa UK 2026: Asylum Application Process Explained\",\"isPartOf\":{\"@id\":\"https:\\\/\\\/visaeta.uk\\\/#website\"},\"primaryImageOfPage\":{\"@id\":\"https:\\\/\\\/visaeta.uk\\\/blog\\\/uk-asylum-and-refugee-visa-application-guide\\\/#primaryimage\"},\"image\":{\"@id\":\"https:\\\/\\\/visaeta.uk\\\/blog\\\/uk-asylum-and-refugee-visa-application-guide\\\/#primaryimage\"},\"thumbnailUrl\":\"https:\\\/\\\/visaeta.uk\\\/wp-content\\\/uploads\\\/2025\\\/08\\\/UK-Visitor-Visa-Application-Process.png\",\"datePublished\":\"2024-11-30T19:00:06+00:00\",\"dateModified\":\"2026-05-16T09:54:57+00:00\",\"description\":\"Refugee visa UK 2026: how to claim asylum, eligibility, required documents, interview process and what to do if you arrived on a tourist visa.\",\"breadcrumb\":{\"@id\":\"https:\\\/\\\/visaeta.uk\\\/blog\\\/uk-asylum-and-refugee-visa-application-guide\\\/#breadcrumb\"},\"inLanguage\":\"hu\",\"potentialAction\":[{\"@type\":\"ReadAction\",\"target\":[\"https:\\\/\\\/visaeta.uk\\\/blog\\\/uk-asylum-and-refugee-visa-application-guide\\\/\"]}]},{\"@type\":\"ImageObject\",\"inLanguage\":\"hu\",\"@id\":\"https:\\\/\\\/visaeta.uk\\\/blog\\\/uk-asylum-and-refugee-visa-application-guide\\\/#primaryimage\",\"url\":\"https:\\\/\\\/visaeta.uk\\\/wp-content\\\/uploads\\\/2025\\\/08\\\/UK-Visitor-Visa-Application-Process.png\",\"contentUrl\":\"https:\\\/\\\/visaeta.uk\\\/wp-content\\\/uploads\\\/2025\\\/08\\\/UK-Visitor-Visa-Application-Process.png\",\"width\":2048,\"height\":2048,\"caption\":\"UK Visitor Visa from USA: Simplified Guide for Travelers\"},{\"@type\":\"BreadcrumbList\",\"@id\":\"https:\\\/\\\/visaeta.uk\\\/blog\\\/uk-asylum-and-refugee-visa-application-guide\\\/#breadcrumb\",\"itemListElement\":[{\"@type\":\"ListItem\",\"position\":1,\"name\":\"Home\",\"item\":\"https:\\\/\\\/visaeta.uk\\\/\"},{\"@type\":\"ListItem\",\"position\":2,\"name\":\"UK Asylum and Refugee Visa Application Guide\"}]},{\"@type\":\"WebSite\",\"@id\":\"https:\\\/\\\/visaeta.uk\\\/#website\",\"url\":\"https:\\\/\\\/visaeta.uk\\\/\",\"name\":\"ETA VISA TO THE GREAT BRITAIN - UK\",\"description\":\"\",\"publisher\":{\"@id\":\"https:\\\/\\\/visaeta.uk\\\/#organization\"},\"alternateName\":\"ETA visa to the UK\",\"potentialAction\":[{\"@type\":\"SearchAction\",\"target\":{\"@type\":\"EntryPoint\",\"urlTemplate\":\"https:\\\/\\\/visaeta.uk\\\/?s={search_term_string}\"},\"query-input\":{\"@type\":\"PropertyValueSpecification\",\"valueRequired\":true,\"valueName\":\"search_term_string\"}}],\"inLanguage\":\"hu\"},{\"@type\":\"Organization\",\"@id\":\"https:\\\/\\\/visaeta.uk\\\/#organization\",\"name\":\"ETA VISA UK\",\"url\":\"https:\\\/\\\/visaeta.uk\\\/\",\"logo\":{\"@type\":\"ImageObject\",\"inLanguage\":\"hu\",\"@id\":\"https:\\\/\\\/visaeta.uk\\\/#\\\/schema\\\/logo\\\/image\\\/\",\"url\":\"https:\\\/\\\/visaeta.uk\\\/wp-content\\\/uploads\\\/2023\\\/11\\\/cropped-ETA-UK-2.png\",\"contentUrl\":\"https:\\\/\\\/visaeta.uk\\\/wp-content\\\/uploads\\\/2023\\\/11\\\/cropped-ETA-UK-2.png\",\"width\":269,\"height\":53,\"caption\":\"ETA VISA UK\"},\"image\":{\"@id\":\"https:\\\/\\\/visaeta.uk\\\/#\\\/schema\\\/logo\\\/image\\\/\"}},{\"@type\":\"Person\",\"@id\":\"https:\\\/\\\/visaeta.uk\\\/#\\\/schema\\\/person\\\/2a2d6f2dc5a3b4baa5b51ab35bd9328b\",\"name\":\"Luqman C\",\"image\":{\"@type\":\"ImageObject\",\"inLanguage\":\"hu\",\"@id\":\"https:\\\/\\\/secure.gravatar.com\\\/avatar\\\/0c71459532b80d80b6a6f027962c7712d8db11abd6bbaa46d398a71f1081c1cb?s=96&d=mm&r=g\",\"url\":\"https:\\\/\\\/secure.gravatar.com\\\/avatar\\\/0c71459532b80d80b6a6f027962c7712d8db11abd6bbaa46d398a71f1081c1cb?s=96&d=mm&r=g\",\"contentUrl\":\"https:\\\/\\\/secure.gravatar.com\\\/avatar\\\/0c71459532b80d80b6a6f027962c7712d8db11abd6bbaa46d398a71f1081c1cb?s=96&d=mm&r=g\",\"caption\":\"Luqman C\"},\"url\":\"https:\\\/\\\/visaeta.uk\\\/hu\\\/author\\\/luqman\\\/\"}]}<\/script>\n<!-- \/ Yoast SEO plugin. -->","yoast_head_json":{"title":"Menek\u00fclt V\u00edzum Egyes\u00fclt Kir\u00e1lys\u00e1g 2026: Mened\u00e9kk\u00e9relem Beny\u00fajt\u00e1si Folyamat Magyar\u00e1zata","description":"Menek\u00fclt v\u00edzum Egyes\u00fclt Kir\u00e1lys\u00e1g 2026: hogyan lehet mened\u00e9kk\u00e9relmet beny\u00fajtani, jogosults\u00e1g, sz\u00fcks\u00e9ges dokumentumok, interj\u00fafolyamat \u00e9s mit kell tenni, ha turista v\u00edzummal \u00e9rkezt\u00e9l.","robots":{"index":"index","follow":"follow","max-snippet":"max-snippet:-1","max-image-preview":"max-image-preview:large","max-video-preview":"max-video-preview:-1"},"canonical":"https:\/\/visaeta.uk\/hu\/blog\/uk-asylum-and-refugee-visa-application-guide\/","og_locale":"hu_HU","og_type":"article","og_title":"Refugee Visa UK 2026: Asylum Application Process Explained","og_description":"Refugee visa UK 2026: how to claim asylum, eligibility, required documents, interview process and what to do if you arrived on a tourist visa.","og_url":"https:\/\/visaeta.uk\/hu\/blog\/uk-asylum-and-refugee-visa-application-guide\/","og_site_name":"ETA VISA UK","article_published_time":"2024-11-30T19:00:06+00:00","article_modified_time":"2026-05-16T09:54:57+00:00","og_image":[{"width":1024,"height":1024,"url":"https:\/\/visaeta.uk\/wp-content\/uploads\/2025\/08\/UK-Visitor-Visa-Application-Process-1024x1024.png","type":"image\/png"}],"author":"Luqman C","twitter_card":"summary_large_image","twitter_misc":{"Szerz\u0151:":"Luqman C","Becs\u00fclt olvas\u00e1si id\u0151":"16 perc"},"schema":{"@context":"https:\/\/schema.org","@graph":[{"@type":"Article","@id":"https:\/\/visaeta.uk\/blog\/uk-asylum-and-refugee-visa-application-guide\/#article","isPartOf":{"@id":"https:\/\/visaeta.uk\/blog\/uk-asylum-and-refugee-visa-application-guide\/"},"author":{"name":"Luqman C","@id":"https:\/\/visaeta.uk\/#\/schema\/person\/2a2d6f2dc5a3b4baa5b51ab35bd9328b"},"headline":"UK Asylum and Refugee Visa Application Guide","datePublished":"2024-11-30T19:00:06+00:00","dateModified":"2026-05-16T09:54:57+00:00","mainEntityOfPage":{"@id":"https:\/\/visaeta.uk\/blog\/uk-asylum-and-refugee-visa-application-guide\/"},"wordCount":3404,"commentCount":0,"publisher":{"@id":"https:\/\/visaeta.uk\/#organization"},"image":{"@id":"https:\/\/visaeta.uk\/blog\/uk-asylum-and-refugee-visa-application-guide\/#primaryimage"},"thumbnailUrl":"https:\/\/visaeta.uk\/wp-content\/uploads\/2025\/08\/UK-Visitor-Visa-Application-Process.png","keywords":["ETA Application","UK ETA 2026","UK Visa"],"articleSection":["BLOG","UK ETA Application"],"inLanguage":"hu","potentialAction":[{"@type":"CommentAction","name":"Comment","target":["https:\/\/visaeta.uk\/blog\/uk-asylum-and-refugee-visa-application-guide\/#respond"]}]},{"@type":"WebPage","@id":"https:\/\/visaeta.uk\/blog\/uk-asylum-and-refugee-visa-application-guide\/","url":"https:\/\/visaeta.uk\/blog\/uk-asylum-and-refugee-visa-application-guide\/","name":"Menek\u00fclt V\u00edzum Egyes\u00fclt Kir\u00e1lys\u00e1g 2026: Mened\u00e9kk\u00e9relem Beny\u00fajt\u00e1si Folyamat Magyar\u00e1zata","isPartOf":{"@id":"https:\/\/visaeta.uk\/#website"},"primaryImageOfPage":{"@id":"https:\/\/visaeta.uk\/blog\/uk-asylum-and-refugee-visa-application-guide\/#primaryimage"},"image":{"@id":"https:\/\/visaeta.uk\/blog\/uk-asylum-and-refugee-visa-application-guide\/#primaryimage"},"thumbnailUrl":"https:\/\/visaeta.uk\/wp-content\/uploads\/2025\/08\/UK-Visitor-Visa-Application-Process.png","datePublished":"2024-11-30T19:00:06+00:00","dateModified":"2026-05-16T09:54:57+00:00","description":"Menek\u00fclt v\u00edzum Egyes\u00fclt Kir\u00e1lys\u00e1g 2026: hogyan lehet mened\u00e9kk\u00e9relmet beny\u00fajtani, jogosults\u00e1g, sz\u00fcks\u00e9ges dokumentumok, interj\u00fafolyamat \u00e9s mit kell tenni, ha turista v\u00edzummal \u00e9rkezt\u00e9l.","breadcrumb":{"@id":"https:\/\/visaeta.uk\/blog\/uk-asylum-and-refugee-visa-application-guide\/#breadcrumb"},"inLanguage":"hu","potentialAction":[{"@type":"ReadAction","target":["https:\/\/visaeta.uk\/blog\/uk-asylum-and-refugee-visa-application-guide\/"]}]},{"@type":"ImageObject","inLanguage":"hu","@id":"https:\/\/visaeta.uk\/blog\/uk-asylum-and-refugee-visa-application-guide\/#primaryimage","url":"https:\/\/visaeta.uk\/wp-content\/uploads\/2025\/08\/UK-Visitor-Visa-Application-Process.png","contentUrl":"https:\/\/visaeta.uk\/wp-content\/uploads\/2025\/08\/UK-Visitor-Visa-Application-Process.png","width":2048,"height":2048,"caption":"UK Visitor Visa from USA: Simplified Guide for Travelers"},{"@type":"BreadcrumbList","@id":"https:\/\/visaeta.uk\/blog\/uk-asylum-and-refugee-visa-application-guide\/#breadcrumb","itemListElement":[{"@type":"ListItem","position":1,"name":"Home","item":"https:\/\/visaeta.uk\/"},{"@type":"ListItem","position":2,"name":"UK Asylum and Refugee Visa Application Guide"}]},{"@type":"WebSite","@id":"https:\/\/visaeta.uk\/#website","url":"https:\/\/visaeta.uk\/","name":"ETA V\u00cdZUM NAGY-BRITANNI\u00c1BA - UK","description":"","publisher":{"@id":"https:\/\/visaeta.uk\/#organization"},"alternateName":"ETA visa to the UK","potentialAction":[{"@type":"SearchAction","target":{"@type":"EntryPoint","urlTemplate":"https:\/\/visaeta.uk\/?s={search_term_string}"},"query-input":{"@type":"PropertyValueSpecification","valueRequired":true,"valueName":"search_term_string"}}],"inLanguage":"hu"},{"@type":"Organization","@id":"https:\/\/visaeta.uk\/#organization","name":"ETA v\u00edzum Egyes\u00fclt Kir\u00e1lys\u00e1g","url":"https:\/\/visaeta.uk\/","logo":{"@type":"ImageObject","inLanguage":"hu","@id":"https:\/\/visaeta.uk\/#\/schema\/logo\/image\/","url":"https:\/\/visaeta.uk\/wp-content\/uploads\/2023\/11\/cropped-ETA-UK-2.png","contentUrl":"https:\/\/visaeta.uk\/wp-content\/uploads\/2023\/11\/cropped-ETA-UK-2.png","width":269,"height":53,"caption":"ETA VISA UK"},"image":{"@id":"https:\/\/visaeta.uk\/#\/schema\/logo\/image\/"}},{"@type":"Person","@id":"https:\/\/visaeta.uk\/#\/schema\/person\/2a2d6f2dc5a3b4baa5b51ab35bd9328b","name":"Luqman C","image":{"@type":"ImageObject","inLanguage":"hu","@id":"https:\/\/secure.gravatar.com\/avatar\/0c71459532b80d80b6a6f027962c7712d8db11abd6bbaa46d398a71f1081c1cb?s=96&d=mm&r=g","url":"https:\/\/secure.gravatar.com\/avatar\/0c71459532b80d80b6a6f027962c7712d8db11abd6bbaa46d398a71f1081c1cb?s=96&d=mm&r=g","contentUrl":"https:\/\/secure.gravatar.com\/avatar\/0c71459532b80d80b6a6f027962c7712d8db11abd6bbaa46d398a71f1081c1cb?s=96&d=mm&r=g","caption":"Luqman C"},"url":"https:\/\/visaeta.uk\/hu\/author\/luqman\/"}]}},"_links":{"self":[{"href":"https:\/\/visaeta.uk\/hu\/wp-json\/wp\/v2\/posts\/536","targetHints":{"allow":["GET"]}}],"collection":[{"href":"https:\/\/visaeta.uk\/hu\/wp-json\/wp\/v2\/posts"}],"about":[{"href":"https:\/\/visaeta.uk\/hu\/wp-json\/wp\/v2\/types\/post"}],"author":[{"embeddable":true,"href":"https:\/\/visaeta.uk\/hu\/wp-json\/wp\/v2\/users\/3"}],"replies":[{"embeddable":true,"href":"https:\/\/visaeta.uk\/hu\/wp-json\/wp\/v2\/comments?post=536"}],"version-history":[{"count":12,"href":"https:\/\/visaeta.uk\/hu\/wp-json\/wp\/v2\/posts\/536\/revisions"}],"predecessor-version":[{"id":5823,"href":"https:\/\/visaeta.uk\/hu\/wp-json\/wp\/v2\/posts\/536\/revisions\/5823"}],"wp:featuredmedia":[{"embeddable":true,"href":"https:\/\/visaeta.uk\/hu\/wp-json\/wp\/v2\/media\/1458"}],"wp:attachment":[{"href":"https:\/\/visaeta.uk\/hu\/wp-json\/wp\/v2\/media?parent=536"}],"wp:term":[{"taxonomy":"category","embeddable":true,"href":"https:\/\/visaeta.uk\/hu\/wp-json\/wp\/v2\/categories?post=536"},{"taxonomy":"post_tag","embeddable":true,"href":"https:\/\/visaeta.uk\/hu\/wp-json\/wp\/v2\/tags?post=536"}],"curies":[{"name":"wp","href":"https:\/\/api.w.org\/{rel}","templated":true}]}}