{"id":1507,"date":"2025-09-09T05:33:12","date_gmt":"2025-09-09T04:33:12","guid":{"rendered":"https:\/\/visaeta.uk\/news\/northern-group-allies-gather-in-warsaw-to-address-european-security-issues\/"},"modified":"2026-05-16T11:09:31","modified_gmt":"2026-05-16T10:09:31","slug":"northern-group-warsaw-meeting-uk-european-security","status":"publish","type":"post","link":"https:\/\/visaeta.uk\/is\/blog\/northern-group-warsaw-meeting-uk-european-security\/","title":{"rendered":"Bandamenn Nor\u00f0urh\u00f3psins safnast saman \u00ed Varsj\u00e1 til a\u00f0 fjalla um \u00f6ryggism\u00e1l \u00ed Evr\u00f3pu."},"content":{"rendered":"<p><strong>Fundur Nor\u00f0urh\u00f3psins \u00ed Varsj\u00e1<\/strong> \u00deetta marka\u00f0i vendipunkt \u00ed \u00f6ryggi Evr\u00f3pu. S\u00e9rstaklega sameina\u00f0i \u00fea\u00f0 varnarm\u00e1lar\u00e1\u00f0herra Bretlands, Ben Wallace, og jafningja fr\u00e1 ellefu nor\u00f0ur-evr\u00f3pskum r\u00edkjum. Fyrst og fremst beindist fundur Nor\u00f0urh\u00f3psins \u00ed Varsj\u00e1 a\u00f0 samh\u00e6f\u00f0um vi\u00f0br\u00f6g\u00f0um vi\u00f0 \u00e1framhaldandi str\u00ed\u00f0i R\u00fasslands \u00ed \u00dakra\u00ednu og langt\u00edma afvopnun. Enn fremur styrkti \u00fea\u00f0 hlutverk Bretlands sem hornsteins \u00ed \u00f6ryggissamstarfi \u00e1 Balkanskaga og \u00e1 Nor\u00f0url\u00f6ndum. \u00deessi tengsl m\u00f3ta einnig n\u00faverandi reglur um fer\u00f0al\u00f6g og innt\u00f6ku breskra gesta.<\/p>\n<h2>Hva\u00f0 er Northern Group Warsaw Defence Meeting?<\/h2>\n<p>Nor\u00f0urh\u00f3purinn er \u00f3formlegt en stefnum\u00f3tandi mikilv\u00e6gt samstarfsvettvangur \u00ed varnarm\u00e1lum, sem t\u00f3lf a\u00f0ildarr\u00edki hans st\u00fdra \u00e1 skiptum. Athyglisvert er a\u00f0 fundur Nor\u00f0urh\u00f3psins \u00ed Varsj\u00e1 \u00e1ri\u00f0 2025 var haldinn eftir a\u00f0 P\u00f3lland t\u00f3k vi\u00f0 formennsku, sem undirstrikar vaxandi \u00e1hrif Varsj\u00e1r \u00ed \u00f6ryggisarkitekt\u00far Evr\u00f3pu. Enn fremur sty\u00f0ur vettvangurinn NATO frekar en a\u00f0 endurtaka \u00fea\u00f0, og gerir kleift a\u00f0 r\u00e6\u00f0a hreinskili\u00f0 \u00f3gnir \u00e1 sv\u00e6\u00f0inu me\u00f0al samstarfsa\u00f0ila sem deila s\u00f6mu s\u00fdn.<\/p>\n<p>\u00cd dag komst fundur r\u00e1\u00f0herra Nor\u00f0urh\u00f3psins saman \u00ed Varsj\u00e1 \u00ed P\u00f3llandi. R\u00e1\u00f0herrar og fulltr\u00faar komu fr\u00e1 Danm\u00f6rku, Eistlandi, Finnlandi, \u00de\u00fdskalandi, \u00cdslandi, Lettlandi, Lith\u00e1en, Hollandi, Noregi, P\u00f3llandi, Sv\u00ed\u00fej\u00f3\u00f0 og Bretlandi.<\/p>\n<p>Undir formennsku P\u00f3llands s\u00f3tti varnarm\u00e1lar\u00e1\u00f0herra Bretlands, Ben Wallace, fundinn sem varnarm\u00e1lar\u00e1\u00f0herra Mariusz B\u0142aszczak h\u00e9lt \u00ed Legionowo, n\u00e1l\u00e6gt Varsj\u00e1.<\/p>\n<p>Fundurinn fjalla\u00f0i um \u00f3gnir og \u00e1skoranir sem ste\u00f0ja a\u00f0 \u00f6ryggi Evr\u00f3pu. Allir samstarfsa\u00f0ilar vi\u00f0urkenndu a\u00f0 \u00f3l\u00f6gm\u00e6t innr\u00e1s P\u00fat\u00edns \u00ed \u00dakra\u00ednu hafi breytt \u00f6ryggislandslaginu. \u00cd stuttu m\u00e1li felur \u00e1r\u00e1sargj\u00f6rn afsta\u00f0a R\u00fasslands beinl\u00ednis \u00ed s\u00e9r \u00f3gn vi\u00f0 \u00f6ryggi og st\u00f6\u00f0ugleika evr\u00f3psk-atlant\u00edska sv\u00e6\u00f0isins.<\/p>\n<h2>Helstu \u00fe\u00e1tttakendur \u00e1 fundi Nor\u00f0urh\u00f3psins \u00ed Varsj\u00e1<\/h2>\n\n<figure class=\"wp-block-image size-large\"><img loading=\"lazy\" decoding=\"async\" width=\"1200\" height=\"1800\" src=\"https:\/\/visaeta.uk\/wp-content\/uploads\/2026\/04\/uk-eta-families-children-applications-group-travel-img-4.jpg\" alt=\"Komut\u00edmi \u00ed Bretlandi fyrir fj\u00f6lskyldur: Ums\u00f3knir barna og r\u00e1\u00f0 fyrir h\u00f3pafer\u00f0ir \u2013 mynd 4 sem s\u00fdnir feril samhengi\" class=\"wp-image-4981\" srcset=\"https:\/\/visaeta.uk\/wp-content\/uploads\/2026\/04\/uk-eta-families-children-applications-group-travel-img-4.jpg 1200w, https:\/\/visaeta.uk\/wp-content\/uploads\/2026\/04\/uk-eta-families-children-applications-group-travel-img-4-200x300.jpg 200w, https:\/\/visaeta.uk\/wp-content\/uploads\/2026\/04\/uk-eta-families-children-applications-group-travel-img-4-683x1024.jpg 683w, https:\/\/visaeta.uk\/wp-content\/uploads\/2026\/04\/uk-eta-families-children-applications-group-travel-img-4-768x1152.jpg 768w, https:\/\/visaeta.uk\/wp-content\/uploads\/2026\/04\/uk-eta-families-children-applications-group-travel-img-4-1024x1536.jpg 1024w, https:\/\/visaeta.uk\/wp-content\/uploads\/2026\/04\/uk-eta-families-children-applications-group-travel-img-4-8x12.jpg 8w\" sizes=\"auto, (max-width: 1200px) 100vw, 1200px\" \/><\/figure>\n\n\n<p>T\u00f3lf \u00fej\u00f3\u00f0ir sendu r\u00e1\u00f0herra \u00e1 fund Nor\u00f0urh\u00f3psins \u00ed Varsj\u00e1. Danm\u00f6rk, Eistland, Finnland, \u00de\u00fdskaland, \u00cdsland, Lettland, Lith\u00e1en, Ni\u00f0url\u00f6nd, Noregur, P\u00f3lland, Sv\u00ed\u00fej\u00f3\u00f0 og Bretland t\u00f3ku \u00f6ll \u00fe\u00e1tt. \u00dev\u00ed t\u00e1kna\u00f0i samkoman alla nor\u00f0urv\u00e6ng NATO auk hlutlausra n\u00e1granna \u00cdrlands. Ennfremur h\u00fdsti p\u00f3lski varnarm\u00e1lar\u00e1\u00f0herrann Mariusz B\u0142aszczak formlega fundinn \u00ed Legionowo, r\u00e9tt utan vi\u00f0 Varsj\u00e1, og undirstrika\u00f0i \u00fear me\u00f0 framl\u00ednust\u00f6\u00f0u P\u00f3llands.<\/p>\n<p>Auk Ben Wallace komu \u00e6\u00f0stu fulltr\u00faar me\u00f0 s\u00ednar eigin forgangsr\u00f6\u00f0anir \u00ed \u00fej\u00f3\u00f0arv\u00f6rnum \u00e1 bor\u00f0i\u00f0. Til d\u00e6mis beita Balt\u00edkt\u00edkin st\u00f6\u00f0ugt s\u00e9r fyrir aukinni vi\u00f0veru NATO \u00e1 austurm\u00f6rkum bandalagsins. \u00c1 sama t\u00edma \u00fdta norr\u00e6nu a\u00f0ildarr\u00edkin undir aukinn \u00f6ryggis- og sj\u00f3eftirlitsm\u00e1tt \u00e1 heimskautasv\u00e6\u00f0inu. \u00cd stuttu m\u00e1li er Nor\u00f0urh\u00f3purinn \u00fear sem sv\u00e6\u00f0isbundin bl\u00e6brig\u00f0i m\u00e6tast alhli\u00f0a stefnu bandalagsins.<\/p>\n<h2>Af hverju skiptir fundur Nor\u00f0urh\u00f3psins \u00ed Varsj\u00e1 m\u00e1li fyrir \u00f6ryggi Evr\u00f3pu<\/h2>\n<p>Me\u00f0limir Nor\u00f0urh\u00f3psins voru samm\u00e1la um eitt atri\u00f0i. A\u00f0 veita \u00dakra\u00ednu frekari herna\u00f0ara\u00f0sto\u00f0 er enn nau\u00f0synlegt til varnar gegn \u00e1r\u00e1sum R\u00fasslands.<\/p>\n<blockquote>\n<p class=\"last-child\">Varnarsamstarf eins og Northern Group er nau\u00f0synlegt til a\u00f0 takast \u00e1 vi\u00f0 sameiginlegar \u00f3gnir. Sem \u00fej\u00f3\u00f0ir me\u00f0 samstilltan hagsmuni skuldbindum vi\u00f0 okkur til a\u00f0 sty\u00f0ja \u00dakra\u00ednu gegn r\u00fassneskri \u00e1r\u00e1sargirni svo lengi sem \u00fe\u00f6rf krefur.<\/p>\n<\/blockquote>\n<blockquote>\n<p class=\"last-child\">\u00dea\u00f0 var \u00e1n\u00e6gjulegt a\u00f0 tengjast aftur vini m\u00ednum og n\u00e1nu varnarsamstarfs\u00ada\u00f0ila, Mariusz B\u0142aszczak. Vi\u00f0 h\u00f6fum noti\u00f0 yfir 150 \u00e1ra sterks varnarsamstarfs vi\u00f0 P\u00f3lland, og samstarf okkar eflir \u00f6ryggi og st\u00f6\u00f0ugleika um alla Evr\u00f3pu.<\/p>\n<\/blockquote>\n<p>Fram yfir allt sta\u00f0festi fundur Nor\u00f0urh\u00f3psins \u00ed Varsj\u00e1 enn og aftur a\u00f0 eining um \u00dakra\u00ednu s\u00e9 \u00f3umr\u00e6\u00f0anleg. Enn fremur ur\u00f0u \u00fe\u00e1tttakendur samm\u00e1la um a\u00f0 hra\u00f0a nokkrum fyrirliggjandi skuldbindingum. \u00dear \u00e1 me\u00f0al eru framlei\u00f0sla skotf\u00e6ra, uppsetning loftvarnakerfa og \u00fej\u00e1lfunarverkefni fyrir \u00fakra\u00ednsku herdeildirnar. \u00deess vegna munu \u00e1kvar\u00f0anir af fundi Nor\u00f0urh\u00f3psins \u00ed Varsj\u00e1 \u00fer\u00f3ast \u00ed \u00e1\u00fereifanleg herna\u00f0arpakka \u00e1 komandi m\u00e1nu\u00f0um.<\/p>\n\n<figure class=\"wp-block-image size-large\"><img loading=\"lazy\" decoding=\"async\" width=\"2048\" height=\"1889\" src=\"https:\/\/visaeta.uk\/wp-content\/uploads\/2025\/08\/UK-ETA-Non-European-Travel-Requirement.png\" alt=\"UK ETA: Fer\u00f0akr\u00f6fur fyrir utan-Evr\u00f3pu\" class=\"wp-image-1324\" srcset=\"https:\/\/visaeta.uk\/wp-content\/uploads\/2025\/08\/UK-ETA-Non-European-Travel-Requirement.png 2048w, https:\/\/visaeta.uk\/wp-content\/uploads\/2025\/08\/UK-ETA-Non-European-Travel-Requirement-300x277.png 300w, https:\/\/visaeta.uk\/wp-content\/uploads\/2025\/08\/UK-ETA-Non-European-Travel-Requirement-1024x945.png 1024w, https:\/\/visaeta.uk\/wp-content\/uploads\/2025\/08\/UK-ETA-Non-European-Travel-Requirement-768x708.png 768w, https:\/\/visaeta.uk\/wp-content\/uploads\/2025\/08\/UK-ETA-Non-European-Travel-Requirement-1536x1417.png 1536w, https:\/\/visaeta.uk\/wp-content\/uploads\/2025\/08\/UK-ETA-Non-European-Travel-Requirement-13x12.png 13w\" sizes=\"auto, (max-width: 2048px) 100vw, 2048px\" \/><\/figure>\n\n\n<p>\u00cd kj\u00f6lfar \u00feessara umr\u00e6\u00f0na sta\u00f0festu nokkur a\u00f0ildarr\u00edki \u00e1\u00e6tlanir um a\u00f0 d\u00fdpka tv\u00edhli\u00f0a varnarsamninga vi\u00f0 Bretland. S\u00e9rstaklega er bresk s\u00e9rfr\u00e6\u00f0i\u00feekking \u00e1 fl\u00f3knum vopnum og sam\u00fe\u00e6ttri loftv\u00f6rn enn \u00ed mikilli eftirspurn innan Nor\u00f0urh\u00f3psins. Aflei\u00f0ingin er s\u00fa a\u00f0 breskir varnari\u00f0na\u00f0arframlei\u00f0endur munu hagnast \u00e1 bylgju margra \u00e1ra p\u00f6ntunar sem stafar af umr\u00e6\u00f0um \u00ed Varsj\u00e1.<\/p>\n<h2>Fundur Nor\u00f0urh\u00f3psins \u00ed Varsj\u00e1: Helstu atri\u00f0i varnarsamstarfs Bretlands og P\u00f3llands<\/h2>\n<p>Toppfundur NATO \u00ed Viln\u00edus var einnig til umr\u00e6\u00f0u, me\u00f0 \u00e1herslu \u00e1 framkv\u00e6md samninga sem ger\u00f0ir voru \u00e1 fundinum \u00ed Madr\u00edd \u00e1ri\u00f0 2022. Me\u00f0limir Nor\u00f0urh\u00f3psins voru samm\u00e1la um a\u00f0 Viln\u00edus-toppfundurinn \u00e6tti a\u00f0 efla sv\u00e6\u00f0is\u00f6ryggi me\u00f0 frekari styrkingu \u00e1 f\u00e6lingar- og varnarstefnu bandamanna.<\/p>\n<p>\u00c1 fundinum \u00e1tti varnarm\u00e1lar\u00e1\u00f0herra Ben Wallace tv\u00edhli\u00f0a vi\u00f0r\u00e6\u00f0ur vi\u00f0 samstarfsa\u00f0ila sinn, Mariusz B\u0142aszczak. Ekki er li\u00f0inn m\u00e1nu\u00f0ur s\u00ed\u00f0an Ben Wallace heims\u00f3tti P\u00f3lland s\u00ed\u00f0ast sem gestur \u00e1 Bucharest 9-fundinum. Fyrri fundur \u00feeirra var \u00ed okt\u00f3ber 2022, \u00fear sem \u00feeir undirritu\u00f0u minnisbla\u00f0 um samstarf \u00ed flugvarnakerfum (MOU) og yfirl\u00fdsingu um fyrir\u00e6tlanir Arrowhead-140.<\/p>\n<p>Memorandum um loftvarnir gerir Bretlandi og P\u00f3llandi kleift a\u00f0 vinna saman a\u00f0 n\u00faverandi og framt\u00ed\u00f0ar fl\u00f3knum vopnum. Auk \u00feess styrkir \u00fea\u00f0 samning um varnar- og \u00f6ryggissamstarf (2017) og eykur samh\u00e6fni herna\u00f0arli\u00f0a okkar. Yfirl\u00fdsing um \u00e1setninga Arrowhead-140 dregur upp ramma fyrir sameiginlega a\u00f0ger\u00f0. B\u00e1\u00f0ar r\u00edkisstj\u00f3rnir munu vinna saman a\u00f0 innkaupum og rekstri \u00feriggja Arrowhead-140 fregatta. \u00dea\u00f0 ber a\u00f0 taka fram a\u00f0 p\u00f3lsku fregattarnar eru afbrig\u00f0i af \u00feessu l\u00edkani.<\/p>\n<p>Raunar hefur tv\u00edhli\u00f0a sambandi\u00f0 milli Bretlands og P\u00f3llands or\u00f0i\u00f0 eitt virkasta varnarsamstarf innan NATO. N\u00e1nar tilteki\u00f0 vinna \u00feessi tv\u00f6 l\u00f6nd saman \u00e1 m\u00f6rgum svi\u00f0um. \u00dear m\u00e1 nefna eldflaugakerfi, landbundna loftvarnakerfi, herskipasm\u00ed\u00f0i og sameiginlegar \u00fej\u00e1lfunarhringr\u00e1sir. \u00c1 undangengnum \u00e1ratugum var umfangi\u00f0 \u00ferengri og einbeittist a\u00f0allega a\u00f0 sam\u00fe\u00e6ttingu vegna a\u00f0ildar a\u00f0 NATO. \u00cd dag er tenging Varsj\u00e1ar og London b\u00e6\u00f0i herna\u00f0arleg, vi\u00f0skiptaleg og p\u00f3lit\u00edsk.<\/p>\n<table><thead><tr><th>Samkomulag<\/th><th>Gildi<\/th><th>Undirrita\u00f0ur<\/th><th>\u00c1hrif<\/th><\/tr><\/thead><tbody><tr><td>Memorandum um vopn fyrir loftvarnarkerfi<\/td><td>Rammi<\/td><td>2022<\/td><td>Samstarf um n\u00faverandi og framt\u00ed\u00f0ar vopn<\/td><\/tr><tr><td>Arrowhead-140 Yfirl\u00fdsing um fyrir\u00e6tlanir<\/td><td>Rammi<\/td><td>2022<\/td><td>\u00derj\u00e1r fregattur fyrir P\u00f3lland<\/td><\/tr><tr><td>MBDA CAMM \u00fatflutningur<\/td><td>1,9 milljar\u00f0ar punda<\/td><td>2023<\/td><td>22 p\u00f3lsk loftvarnarbyssubatter\u00ed<\/td><\/tr><tr><td>Sky Sabre-uppsetning<\/td><td>Rekstrar<\/td><td>\u00cd gangi<\/td><td>Bresk loftvarnadeild sta\u00f0sett \u00ed P\u00f3llandi<\/td><\/tr><\/tbody><\/table>\n<h2>Fundur Nor\u00f0urh\u00f3psins \u00ed Varsj\u00e1: Aflei\u00f0ingar fyrir breska fer\u00f0alanga \u00ed Nor\u00f0ur-Evr\u00f3pu<\/h2>\n\n<figure class=\"wp-block-image size-large\"><img loading=\"lazy\" decoding=\"async\" width=\"1200\" height=\"801\" src=\"https:\/\/visaeta.uk\/wp-content\/uploads\/2026\/04\/uk-eta-families-children-applications-group-travel-img-5.jpg\" alt=\"UK ETA fyrir fj\u00f6lskyldur: Ums\u00f3knir barna og r\u00e1\u00f0 fyrir h\u00f3pafer\u00f0ir Mynd 5 sem s\u00fdnir fer\u00f0asamhengi\" class=\"wp-image-4982\" srcset=\"https:\/\/visaeta.uk\/wp-content\/uploads\/2026\/04\/uk-eta-families-children-applications-group-travel-img-5.jpg 1200w, https:\/\/visaeta.uk\/wp-content\/uploads\/2026\/04\/uk-eta-families-children-applications-group-travel-img-5-300x200.jpg 300w, https:\/\/visaeta.uk\/wp-content\/uploads\/2026\/04\/uk-eta-families-children-applications-group-travel-img-5-1024x684.jpg 1024w, https:\/\/visaeta.uk\/wp-content\/uploads\/2026\/04\/uk-eta-families-children-applications-group-travel-img-5-768x513.jpg 768w, https:\/\/visaeta.uk\/wp-content\/uploads\/2026\/04\/uk-eta-families-children-applications-group-travel-img-5-18x12.jpg 18w\" sizes=\"auto, (max-width: 1200px) 100vw, 1200px\" \/><\/figure>\n\n\n<p>\u00de\u00f3 a\u00f0 fundur Nor\u00f0urh\u00f3psins \u00ed Varsj\u00e1 s\u00e9 a\u00f0allega varnarm\u00e1lavettvangur, m\u00f3tar hann einnig fer\u00f0a- og landam\u00e6rar\u00f6\u00f0ger\u00f0ir. Til d\u00e6mis lei\u00f0ir aukin samvinna Bretlands vi\u00f0 P\u00f3lland, Balt\u00edkur\u00edkin og Nor\u00f0url\u00f6ndin til grei\u00f0ari kons\u00falar\u00fej\u00f3nustu fyrir breska fer\u00f0amenn \u00ed \u00feessum l\u00f6ndum. \u00c1 sama h\u00e1tt nj\u00f3ta gagnkv\u00e6mir fer\u00f0astraumar g\u00f3\u00f0s af fyrirsj\u00e1anlegum stj\u00f3rnm\u00e1lasamb\u00f6ndum. Einfaldlega sagt skiptir \u00feetta m\u00e1li fyrir alla sem hyggjast fara me\u00f0 Eurostar e\u00f0a taka ferju til Skandinav\u00edu.<\/p>\n<p>\u00c1 sama t\u00edma halda fer\u00f0alangar einnig \u00ed gagnst\u00e6\u00f0a \u00e1tt. Fr\u00e1 P\u00f3llandi, \u00de\u00fdskalandi, Nor\u00f0ur- og Balt\u00edkurl\u00f6ndum ver\u00f0a gestir n\u00fa a\u00f0 s\u00e6kja um a <a href=\"https:\/\/visaeta.uk\/is\/blog\/uk-eta-2026\/\">\u00c1\u00e6tlu\u00f0 komut\u00edmi \u00ed Bretlandi \u00e1\u00f0ur en um bor\u00f0 er fari\u00f0<\/a>. S\u00e9rstaklega eru vegabr\u00e9faeigendur fr\u00e1 P\u00f3llandi, \u00de\u00fdskalandi og Skandinav\u00edu n\u00fa fullkomlega skr\u00e1\u00f0ir \u00ed ETA-kerfi\u00f0. Auk \u00feess eru n\u00e1nari uppl\u00fdsingar um <a href=\"https:\/\/visaeta.uk\/is\/blog\/who-needs-eta-uk-2026\/\">Hver \u00fearf UK ETA<\/a> og \u00e1 <a href=\"https:\/\/visaeta.uk\/is\/blog\/uk-eta-requirements-by-country-language-guide-2026\/\">kr\u00f6fur land fyrir land<\/a> eru f\u00e1anlegar \u00e1 lei\u00f0beiningas\u00ed\u00f0um okkar.<\/p>\n<p>\u00c1 sama h\u00e1tt heims\u00e6kja breskir fer\u00f0amenn h\u00f6fu\u00f0borgir samstarfsa\u00f0ila, svo sem Varsj\u00e1, Viln\u00edus, Hels\u00ednki, Tallinn, Kaupmannah\u00f6fn, \u00d3sl\u00f3 og Stokkh\u00f3lm. \u00deeir nj\u00f3ta \u00e1vinnings af Schengen-reglunum um vegabr\u00e9fa\u00e1ritunarlaust a\u00f0gengi, sem hafa ekki breyst vegna varnarvi\u00f0r\u00e6\u00f0nanna. Athugi\u00f0 \u00fe\u00f3 a\u00f0 ETIAS mun flj\u00f3tlega gilda um breska r\u00edkisborgara sem fer\u00f0ast inn \u00e1 Schengen-sv\u00e6\u00f0i\u00f0. Fyrir n\u00e1nari sk\u00fdringu, lestr\u00f0u okkar <a href=\"https:\/\/visaeta.uk\/is\/blog\/uk-eta-vs-etias-2026-comparison\/\">Lei\u00f0arv\u00edsir um samanbur\u00f0 ETA fyrir Bretland og ETIAS<\/a>.<\/p>\n<h2>Samhengi: Fr\u00e1 NATO \u00e1 kalda str\u00ed\u00f0inu til n\u00fat\u00edma nor\u00f0ursamstarfsins \u00e1 Varsj\u00e1rfundinum<\/h2>\n<p>Fyrst og fremst var Nor\u00f0urh\u00f3purinn stofna\u00f0ur \u00e1ri\u00f0 2010 a\u00f0 frumkv\u00e6\u00f0i Bretlands til a\u00f0 formgera \u00feegar til sta\u00f0ar mynstur sv\u00e6\u00f0isbundins varnarsamskipta. S\u00ed\u00f0an \u00fe\u00e1 hefur dagskr\u00e1 h\u00f3psins f\u00e6rst fr\u00e1 st\u00f6\u00f0ugleika \u00ed kj\u00f6lfar kalda str\u00ed\u00f0sins yfir \u00ed virka afvopnun r\u00fassneskrar \u00e1r\u00e1sarhneig\u00f0ar. Ennfremur er \u00f3formleiki h\u00f3psins kostur fremur en galli: hann gerir r\u00e1\u00f0herrum kleift a\u00f0 gefa hreinskilnar skuldbindingar \u00e1n m\u00e1lsme\u00f0fer\u00f0ar\u00e1lags sem fylgir fullri bandalagsr\u00e1\u00f0stefnu.<\/p>\n\n<figure class=\"wp-block-image size-large\"><img loading=\"lazy\" decoding=\"async\" width=\"1200\" height=\"904\" src=\"https:\/\/visaeta.uk\/wp-content\/uploads\/2026\/04\/uk-eta-families-children-applications-group-travel-img-3.jpg\" alt=\"Komut\u00edmi \u00ed Bretlandi fyrir fj\u00f6lskyldur: Barnauppl\u00fdsingar og r\u00e1\u00f0 fyrir h\u00f3pafer\u00f0ir \u2013 mynd 2 sem s\u00fdnir fer\u00f0arsamhengi\" class=\"wp-image-4979\" srcset=\"https:\/\/visaeta.uk\/wp-content\/uploads\/2026\/04\/uk-eta-families-children-applications-group-travel-img-3.jpg 1200w, https:\/\/visaeta.uk\/wp-content\/uploads\/2026\/04\/uk-eta-families-children-applications-group-travel-img-3-300x201.jpg 300w, https:\/\/visaeta.uk\/wp-content\/uploads\/2026\/04\/uk-eta-families-children-applications-group-travel-img-3-1024x684.jpg 1024w, https:\/\/visaeta.uk\/wp-content\/uploads\/2026\/04\/uk-eta-families-children-applications-group-travel-img-3-768x513.jpg 768w, https:\/\/visaeta.uk\/wp-content\/uploads\/2026\/04\/uk-eta-families-children-applications-group-travel-img-3-18x12.jpg 18w\" sizes=\"auto, (max-width: 1200px) 100vw, 1200px\" \/><\/figure>\n\n\n<p>\u00cd gegnum \u00e1rin hefur vettvangurinn fjalla\u00f0 um m\u00f6rg m\u00e1lefni. \u00deau spanna fr\u00e1 greiningu kafb\u00e1ta \u00ed Nor\u00f0ur-Atlantshafi til net\u00feols, orku\u00f6ryggis og samh\u00e6fni stj\u00f3rnkerfa. \u00deess vegna er fundur Nor\u00f0urh\u00f3psins \u00ed Varsj\u00e1 merki um \u00feroska \u00feeirrar dagskr\u00e1r \u00ed v\u00ed\u00f0t\u00e6ka varnarm\u00e1ladisk\u00fassj\u00f3n. Auk \u00feess tryggir forsetaskipti a\u00f0 hver me\u00f0limur f\u00e1i sinn hlut \u00ed a\u00f0 h\u00fdsa og m\u00f3ta sv\u00e6\u00f0isbundna fr\u00e1s\u00f6gn.<\/p>\n<h2>Hva\u00f0 gerist eftir fund Nor\u00f0urh\u00f3psins \u00ed Varsj\u00e1<\/h2>\n<p>Eftir fund Nor\u00f0urh\u00f3psins \u00ed Varsj\u00e1 ver\u00f0a a\u00f0ildarr\u00edkin a\u00f0 \u00fe\u00fd\u00f0a p\u00f3lit\u00edskar yfirl\u00fdsingar \u00ed a\u00f0ger\u00f0ir. N\u00e1nar tilteki\u00f0 felur \u00feetta \u00ed s\u00e9r skuldbindingar var\u00f0andi herna\u00f0ara\u00f0ger\u00f0ir, vopna- og b\u00fana\u00f0arkaup og skiptimenntun. Bretland mun \u00e1fram senda Sky Sabre-einingar til P\u00f3llands og halda \u00e1fram a\u00f0 afhenda samningsbundna v\u00f6rur fr\u00e1 MBDA \u00e1 r\u00e9ttum t\u00edma. Enn fremur er l\u00edklegt a\u00f0 n\u00e6sti r\u00e1\u00f0herrafundur ver\u00f0i haldinn \u00ed annarri nor\u00f0url\u00f6ndum h\u00f6fu\u00f0borg, til a\u00f0 vi\u00f0halda reglubundnum takti h\u00f3psins.<\/p>\n<p>\u00c1 me\u00f0an munu borgarar og fyrirt\u00e6ki um allt Nor\u00f0urh\u00f3pinn finna fyrir \u00f3beinum \u00e1hrifum. \u00dear \u00e1 me\u00f0al eru varnar\u00fatgj\u00f6ld, i\u00f0na\u00f0arpantanir og samr\u00e6ming fer\u00f0astefnu milli Bretlands og sv\u00e6\u00f0is\u00fe\u00e1tttakenda \u00feess. \u00deess vegna er gagnlegt a\u00f0 fylgjast me\u00f0 komandi fundum, ekki a\u00f0eins fyrir stefnum\u00f3tendur heldur einnig fyrir alla sem hyggjast skipuleggja \u00feverlandam\u00e6ra fer\u00f0al\u00f6g, vinnu e\u00f0a n\u00e1m \u00ed Nor\u00f0ur-Evr\u00f3pu.<\/p>\n<h2>Algengar spurningar<\/h2>\n<h3>Hva\u00f0 sn\u00fdst fundur Nor\u00f0urh\u00f3psins \u00ed Varsj\u00e1 um?<\/h3>\n<p>Fundur Nor\u00f0urh\u00f3psins \u00ed Varsj\u00e1 er varnarm\u00e1lavettvangur \u00e1 h\u00e1u stigi sem s\u00f3ttur er af r\u00e1\u00f0herrum t\u00f3lf nor\u00f0ur-evr\u00f3pskra r\u00edkja auk Bretlands. Hann fjallar s\u00e9rstaklega um \u00f6ryggis\u00f3gnir \u00ed Evr\u00f3pu, stu\u00f0ning vi\u00f0 \u00dakra\u00ednu og sv\u00e6\u00f0issamstarf \u00ed loftv\u00f6rnum, net\u00feol og sameiginlegri \u00fej\u00e1lfun.<\/p>\n<h3>Hva\u00f0a l\u00f6nd taka \u00fe\u00e1tt \u00ed Nor\u00f0urh\u00f3pnum?<\/h3>\n<p>Me\u00f0limir eru Danm\u00f6rk, Eistland, Finnland, \u00de\u00fdskaland, \u00cdsland, Lettland, Lith\u00e1en, Ni\u00f0url\u00f6nd, Noregur, P\u00f3lland, Sv\u00ed\u00fej\u00f3\u00f0 og Bretland. \u00dear af lei\u00f0andi stendur h\u00f3purinn fyrir nor\u00f0urv\u00e6ng NATO. Hann b\u00e6tir einnig vi\u00f0 minni norr\u00e6num og baltneskum \u00fe\u00e1tttakendum.<\/p>\n<h3>Hver st\u00fdr\u00f0i fundi Nor\u00f0urh\u00f3psins \u00ed Varsj\u00e1?<\/h3>\n\n<figure class=\"wp-block-image size-large\"><img loading=\"lazy\" decoding=\"async\" width=\"2048\" height=\"1866\" src=\"https:\/\/visaeta.uk\/wp-content\/uploads\/2025\/08\/How-to-Apply-for-the-UK-ETA.png\" alt=\"UK ETA: Fer\u00f0akr\u00f6fur fyrir utan-Evr\u00f3pu\" class=\"wp-image-1322\" srcset=\"https:\/\/visaeta.uk\/wp-content\/uploads\/2025\/08\/How-to-Apply-for-the-UK-ETA.png 2048w, https:\/\/visaeta.uk\/wp-content\/uploads\/2025\/08\/How-to-Apply-for-the-UK-ETA-300x273.png 300w, https:\/\/visaeta.uk\/wp-content\/uploads\/2025\/08\/How-to-Apply-for-the-UK-ETA-1024x933.png 1024w, https:\/\/visaeta.uk\/wp-content\/uploads\/2025\/08\/How-to-Apply-for-the-UK-ETA-768x700.png 768w, https:\/\/visaeta.uk\/wp-content\/uploads\/2025\/08\/How-to-Apply-for-the-UK-ETA-1536x1400.png 1536w, https:\/\/visaeta.uk\/wp-content\/uploads\/2025\/08\/How-to-Apply-for-the-UK-ETA-13x12.png 13w\" sizes=\"auto, (max-width: 2048px) 100vw, 2048px\" \/><\/figure>\n\n\n<p>P\u00f3lland gegnir n\u00fa formennsku \u00e1 skiptingu. Af \u00feeim s\u00f6kum f\u00f3r fundurinn fram \u00ed Legionowo vi\u00f0 Varsj\u00e1. Enn fremur st\u00fdr\u00f0i p\u00f3lski varnarm\u00e1lar\u00e1\u00f0herrann Mariusz B\u0142aszczak dagskr\u00e1inni, \u00e1 me\u00f0an breski varnarm\u00e1lar\u00e1\u00f0herrann Ben Wallace t\u00f3k \u00fe\u00e1tt sem lykiltv\u00edhli\u00f0a samstarfsa\u00f0ili.<\/p>\n<h3>Hvernig hefur \u00feetta \u00e1hrif \u00e1 breska fer\u00f0amenn sem heims\u00e6kja P\u00f3lland e\u00f0a Balt\u00edkurl\u00f6ndin?<\/h3>\n<p>\u00de\u00f3 a\u00f0 fundur Nor\u00f0urh\u00f3psins \u00ed Varsj\u00e1 s\u00e9 varnarm\u00e1lavettvangur, \u00fe\u00fd\u00f0a sterkari p\u00f3lit\u00edsk tengsl yfirleitt betri kons\u00fall\u00fej\u00f3nustu og grei\u00f0ari landam\u00e6ravi\u00f0skipti fyrir breska gesti. Auk \u00feess nj\u00f3ta breskir r\u00edkisborgarar \u00e1fram \u00e1nvisk\u00fana\u00f0ar samkv\u00e6mt Schengen-reglunum \u00feegar \u00feeir heims\u00e6kja \u00f6ll a\u00f0ildarr\u00edki Nor\u00f0urh\u00f3psins.<\/p>\n<h3>\u00deurfa p\u00f3lskir og skandinav\u00edskir fer\u00f0amenn \u00e1 UK ETA a\u00f0 halda til a\u00f0 heims\u00e6kja Bretland?<\/h3>\n<p>J\u00e1. Fr\u00e1 og me\u00f0 2. apr\u00edl 2025 ver\u00f0a p\u00f3lskir, \u00fe\u00fdskir, norr\u00e6nir og baltneskir vegfarask\u00edrteiniseigendur a\u00f0 s\u00e6kja um rafr\u00e6na fer\u00f0au\u00f0kenningu (ETA) fyrir Bretland \u00e1\u00f0ur en \u00feeir fer\u00f0ast til Bretlands. Auk \u00feess kostar ETA 16 pund, gildir \u00ed tv\u00f6 \u00e1r og gerir kleift a\u00f0 heims\u00e6kja landi\u00f0 \u00ed m\u00f6rgum fer\u00f0um, allt a\u00f0 sex m\u00e1nu\u00f0um \u00ed hverri fer\u00f0.<\/p>\n<h3>Er Nor\u00f0urh\u00f3purinn hluti af NATO?<\/h3>\n<p>Nei. Nor\u00f0urh\u00f3purinn er \u00f3formlegt sv\u00e6\u00f0isbundi\u00f0 samstarfsvettvangur sem b\u00e6tir vi\u00f0 NATO en er ekki hluti af opinberu skipulagi \u00feess. \u00der\u00e1tt fyrir \u00fea\u00f0 eru flestir me\u00f0limir bandamenn NATO, sem \u00fe\u00fd\u00f0ir a\u00f0 umr\u00e6\u00f0ur renna e\u00f0lilega inn \u00ed v\u00ed\u00f0t\u00e6kari bandalags\u00e1\u00e6tlanager\u00f0.<\/p>\n<h3>Hven\u00e6r var Nor\u00f0urh\u00f3purinn stofna\u00f0ur?<\/h3>\n<p>Bretland stofna\u00f0i Nor\u00f0urh\u00f3pinn \u00e1ri\u00f0 2010. S\u00ed\u00f0an \u00fe\u00e1 hefur verksvi\u00f0 hans st\u00e6kka\u00f0 \u00far almennum sv\u00e6\u00f0isvi\u00f0r\u00e6\u00f0um yfir \u00ed virka afvopnun, i\u00f0na\u00f0arsamstarf og stu\u00f0ning vi\u00f0 \u00dakra\u00ednu eftir innr\u00e1s R\u00fasslands.<\/p>\n<h3>Hvar get \u00e9g lesi\u00f0 meira um varnarsamninga Bretlands og P\u00f3llands?<\/h3>\n<p>Opinberar tilkynningar eru gefnar \u00fat af varnarm\u00e1lar\u00e1\u00f0uneyti Bretlands \u00e1 <a href=\"https:\/\/www.gov.uk\/government\/organisations\/ministry-of-defence\" target=\"_blank\" rel=\"noopener\">stj\u00f3rnv\u00f6ld.uk<\/a>. Auk \u00feess \u00fatsk\u00fdra fer\u00f0ami\u00f0a\u00f0ir lei\u00f0arv\u00edsar okkar hvernig p\u00f3lit\u00edsk samvinna m\u00f3tar <a href=\"https:\/\/visaeta.uk\/is\/blog\/uk-eta-2026\/\">Reglur um komut\u00edma \u00ed Bretlandi<\/a> fyrir gesti fr\u00e1 l\u00f6ndum Nor\u00f0urh\u00f3psins.<\/p>","protected":false},"excerpt":{"rendered":"<p>The Northern Group Warsaw meeting marked a pivotal moment for European security. Notably, it brought together UK Defence Secretary Ben Wallace and counterparts from eleven northern European nations. First of all, the Northern Group Warsaw meeting focused on coordinated responses to Russia&#8217;s ongoing war in Ukraine and long-term deterrence. Moreover, it reinforced the UK&#8217;s role [&hellip;]<\/p>\n","protected":false},"author":1,"featured_media":4981,"comment_status":"open","ping_status":"open","sticky":false,"template":"","format":"standard","meta":{"site-sidebar-layout":"default","site-content-layout":"","ast-site-content-layout":"default","site-content-style":"default","site-sidebar-style":"default","ast-global-header-display":"","ast-banner-title-visibility":"","ast-main-header-display":"","ast-hfb-above-header-display":"","ast-hfb-below-header-display":"","ast-hfb-mobile-header-display":"","site-post-title":"","ast-breadcrumbs-content":"","ast-featured-img":"","footer-sml-layout":"","theme-transparent-header-meta":"","adv-header-id-meta":"","stick-header-meta":"","header-above-stick-meta":"","header-main-stick-meta":"","header-below-stick-meta":"","astra-migrate-meta-layouts":"default","ast-page-background-enabled":"default","ast-page-background-meta":{"desktop":{"background-color":"var(--ast-global-color-4)","background-image":"","background-repeat":"repeat","background-position":"center center","background-size":"auto","background-attachment":"scroll","background-type":"","background-media":"","overlay-type":"","overlay-color":"","overlay-opacity":"","overlay-gradient":""},"tablet":{"background-color":"","background-image":"","background-repeat":"repeat","background-position":"center center","background-size":"auto","background-attachment":"scroll","background-type":"","background-media":"","overlay-type":"","overlay-color":"","overlay-opacity":"","overlay-gradient":""},"mobile":{"background-color":"","background-image":"","background-repeat":"repeat","background-position":"center center","background-size":"auto","background-attachment":"scroll","background-type":"","background-media":"","overlay-type":"","overlay-color":"","overlay-opacity":"","overlay-gradient":""}},"ast-content-background-meta":{"desktop":{"background-color":"var(--ast-global-color-5)","background-image":"","background-repeat":"repeat","background-position":"center center","background-size":"auto","background-attachment":"scroll","background-type":"","background-media":"","overlay-type":"","overlay-color":"","overlay-opacity":"","overlay-gradient":""},"tablet":{"background-color":"var(--ast-global-color-5)","background-image":"","background-repeat":"repeat","background-position":"center center","background-size":"auto","background-attachment":"scroll","background-type":"","background-media":"","overlay-type":"","overlay-color":"","overlay-opacity":"","overlay-gradient":""},"mobile":{"background-color":"var(--ast-global-color-5)","background-image":"","background-repeat":"repeat","background-position":"center center","background-size":"auto","background-attachment":"scroll","background-type":"","background-media":"","overlay-type":"","overlay-color":"","overlay-opacity":"","overlay-gradient":""}},"footnotes":""},"categories":[12],"tags":[188,133,139,136],"class_list":["post-1507","post","type-post","status-publish","format-standard","has-post-thumbnail","hentry","category-blog","tag-poland","tag-uk-eta-2026","tag-uk-travel","tag-uk-visa"],"yoast_head":"<!-- This site is optimized with the Yoast SEO plugin v27.8 - https:\/\/yoast.com\/product\/yoast-seo-wordpress\/ -->\n<title>Northern Group Warsaw Meeting: UK &amp; European Security Analysis<\/title>\n<meta name=\"description\" content=\"Northern Group Warsaw meeting unites UK and 11 allies on European security, Ukraine aid and UK\u2013Poland defence contracts. Analysis and FAQs.\" \/>\n<meta name=\"robots\" content=\"index, follow, max-snippet:-1, max-image-preview:large, max-video-preview:-1\" \/>\n<link rel=\"canonical\" href=\"https:\/\/visaeta.uk\/is\/blog\/northern-group-warsaw-meeting-uk-european-security\/\" \/>\n<meta property=\"og:locale\" content=\"is_IS\" \/>\n<meta property=\"og:type\" content=\"article\" \/>\n<meta property=\"og:title\" content=\"Northern Group Warsaw Meeting: UK &amp; European Security Analysis\" \/>\n<meta property=\"og:description\" content=\"Northern Group Warsaw meeting unites UK and 11 allies on European security, Ukraine aid and UK\u2013Poland defence contracts. Analysis and FAQs.\" \/>\n<meta property=\"og:url\" content=\"https:\/\/visaeta.uk\/is\/blog\/northern-group-warsaw-meeting-uk-european-security\/\" \/>\n<meta property=\"og:site_name\" content=\"ETA VISA UK\" \/>\n<meta property=\"article:published_time\" content=\"2025-09-09T04:33:12+00:00\" \/>\n<meta property=\"article:modified_time\" content=\"2026-05-16T10:09:31+00:00\" \/>\n<meta property=\"og:image\" content=\"https:\/\/visaeta.uk\/wp-content\/uploads\/2026\/04\/uk-eta-families-children-applications-group-travel-img-4.jpg\" \/>\n\t<meta property=\"og:image:width\" content=\"1200\" \/>\n\t<meta property=\"og:image:height\" content=\"1800\" \/>\n\t<meta property=\"og:image:type\" content=\"image\/jpeg\" \/>\n<meta name=\"author\" content=\"VisaETA Editorial Team\" \/>\n<meta name=\"twitter:card\" content=\"summary_large_image\" \/>\n<meta name=\"twitter:label1\" content=\"Written by\" \/>\n\t<meta name=\"twitter:data1\" content=\"VisaETA Editorial Team\" \/>\n\t<meta name=\"twitter:label2\" content=\"Est. reading time\" \/>\n\t<meta name=\"twitter:data2\" content=\"8 minutes\" \/>\n<script type=\"application\/ld+json\" class=\"yoast-schema-graph\">{\"@context\":\"https:\\\/\\\/schema.org\",\"@graph\":[{\"@type\":\"Article\",\"@id\":\"https:\\\/\\\/visaeta.uk\\\/blog\\\/northern-group-warsaw-meeting-uk-european-security\\\/#article\",\"isPartOf\":{\"@id\":\"https:\\\/\\\/visaeta.uk\\\/blog\\\/northern-group-warsaw-meeting-uk-european-security\\\/\"},\"author\":{\"name\":\"VisaETA Editorial Team\",\"@id\":\"https:\\\/\\\/visaeta.uk\\\/#\\\/schema\\\/person\\\/81b5965766d02d43333b31730f5fa1c3\"},\"headline\":\"Northern Group allies gather in Warsaw to address European security issues.\",\"datePublished\":\"2025-09-09T04:33:12+00:00\",\"dateModified\":\"2026-05-16T10:09:31+00:00\",\"mainEntityOfPage\":{\"@id\":\"https:\\\/\\\/visaeta.uk\\\/blog\\\/northern-group-warsaw-meeting-uk-european-security\\\/\"},\"wordCount\":1716,\"commentCount\":0,\"publisher\":{\"@id\":\"https:\\\/\\\/visaeta.uk\\\/#organization\"},\"image\":{\"@id\":\"https:\\\/\\\/visaeta.uk\\\/blog\\\/northern-group-warsaw-meeting-uk-european-security\\\/#primaryimage\"},\"thumbnailUrl\":\"https:\\\/\\\/visaeta.uk\\\/wp-content\\\/uploads\\\/2026\\\/04\\\/uk-eta-families-children-applications-group-travel-img-4.jpg\",\"keywords\":[\"Poland\",\"UK ETA 2026\",\"UK Travel\",\"UK Visa\"],\"articleSection\":[\"BLOG\"],\"inLanguage\":\"is\",\"potentialAction\":[{\"@type\":\"CommentAction\",\"name\":\"Comment\",\"target\":[\"https:\\\/\\\/visaeta.uk\\\/blog\\\/northern-group-warsaw-meeting-uk-european-security\\\/#respond\"]}]},{\"@type\":\"WebPage\",\"@id\":\"https:\\\/\\\/visaeta.uk\\\/blog\\\/northern-group-warsaw-meeting-uk-european-security\\\/\",\"url\":\"https:\\\/\\\/visaeta.uk\\\/blog\\\/northern-group-warsaw-meeting-uk-european-security\\\/\",\"name\":\"Northern Group Warsaw Meeting: UK & European Security Analysis\",\"isPartOf\":{\"@id\":\"https:\\\/\\\/visaeta.uk\\\/#website\"},\"primaryImageOfPage\":{\"@id\":\"https:\\\/\\\/visaeta.uk\\\/blog\\\/northern-group-warsaw-meeting-uk-european-security\\\/#primaryimage\"},\"image\":{\"@id\":\"https:\\\/\\\/visaeta.uk\\\/blog\\\/northern-group-warsaw-meeting-uk-european-security\\\/#primaryimage\"},\"thumbnailUrl\":\"https:\\\/\\\/visaeta.uk\\\/wp-content\\\/uploads\\\/2026\\\/04\\\/uk-eta-families-children-applications-group-travel-img-4.jpg\",\"datePublished\":\"2025-09-09T04:33:12+00:00\",\"dateModified\":\"2026-05-16T10:09:31+00:00\",\"description\":\"Northern Group Warsaw meeting unites UK and 11 allies on European security, Ukraine aid and UK\u2013Poland defence contracts. Analysis and FAQs.\",\"breadcrumb\":{\"@id\":\"https:\\\/\\\/visaeta.uk\\\/blog\\\/northern-group-warsaw-meeting-uk-european-security\\\/#breadcrumb\"},\"inLanguage\":\"is\",\"potentialAction\":[{\"@type\":\"ReadAction\",\"target\":[\"https:\\\/\\\/visaeta.uk\\\/blog\\\/northern-group-warsaw-meeting-uk-european-security\\\/\"]}]},{\"@type\":\"ImageObject\",\"inLanguage\":\"is\",\"@id\":\"https:\\\/\\\/visaeta.uk\\\/blog\\\/northern-group-warsaw-meeting-uk-european-security\\\/#primaryimage\",\"url\":\"https:\\\/\\\/visaeta.uk\\\/wp-content\\\/uploads\\\/2026\\\/04\\\/uk-eta-families-children-applications-group-travel-img-4.jpg\",\"contentUrl\":\"https:\\\/\\\/visaeta.uk\\\/wp-content\\\/uploads\\\/2026\\\/04\\\/uk-eta-families-children-applications-group-travel-img-4.jpg\",\"width\":1200,\"height\":1800,\"caption\":\"Planning ahead helps every traveller.\"},{\"@type\":\"BreadcrumbList\",\"@id\":\"https:\\\/\\\/visaeta.uk\\\/blog\\\/northern-group-warsaw-meeting-uk-european-security\\\/#breadcrumb\",\"itemListElement\":[{\"@type\":\"ListItem\",\"position\":1,\"name\":\"Home\",\"item\":\"https:\\\/\\\/visaeta.uk\\\/\"},{\"@type\":\"ListItem\",\"position\":2,\"name\":\"Northern Group allies gather in Warsaw to address European security issues.\"}]},{\"@type\":\"WebSite\",\"@id\":\"https:\\\/\\\/visaeta.uk\\\/#website\",\"url\":\"https:\\\/\\\/visaeta.uk\\\/\",\"name\":\"ETA VISA TO THE GREAT BRITAIN - UK\",\"description\":\"\",\"publisher\":{\"@id\":\"https:\\\/\\\/visaeta.uk\\\/#organization\"},\"alternateName\":\"ETA visa to the UK\",\"potentialAction\":[{\"@type\":\"SearchAction\",\"target\":{\"@type\":\"EntryPoint\",\"urlTemplate\":\"https:\\\/\\\/visaeta.uk\\\/?s={search_term_string}\"},\"query-input\":{\"@type\":\"PropertyValueSpecification\",\"valueRequired\":true,\"valueName\":\"search_term_string\"}}],\"inLanguage\":\"is\"},{\"@type\":\"Organization\",\"@id\":\"https:\\\/\\\/visaeta.uk\\\/#organization\",\"name\":\"ETA VISA UK\",\"url\":\"https:\\\/\\\/visaeta.uk\\\/\",\"logo\":{\"@type\":\"ImageObject\",\"inLanguage\":\"is\",\"@id\":\"https:\\\/\\\/visaeta.uk\\\/#\\\/schema\\\/logo\\\/image\\\/\",\"url\":\"https:\\\/\\\/visaeta.uk\\\/wp-content\\\/uploads\\\/2023\\\/11\\\/cropped-ETA-UK-2.png\",\"contentUrl\":\"https:\\\/\\\/visaeta.uk\\\/wp-content\\\/uploads\\\/2023\\\/11\\\/cropped-ETA-UK-2.png\",\"width\":269,\"height\":53,\"caption\":\"ETA VISA UK\"},\"image\":{\"@id\":\"https:\\\/\\\/visaeta.uk\\\/#\\\/schema\\\/logo\\\/image\\\/\"}},{\"@type\":\"Person\",\"@id\":\"https:\\\/\\\/visaeta.uk\\\/#\\\/schema\\\/person\\\/81b5965766d02d43333b31730f5fa1c3\",\"name\":\"VisaETA Editorial Team\",\"image\":{\"@type\":\"ImageObject\",\"inLanguage\":\"is\",\"@id\":\"https:\\\/\\\/secure.gravatar.com\\\/avatar\\\/77324b0d1ba9a1c5a0b04ea41b2c3f26d5e8eefd0ee6b4f256de4805c6ebd71c?s=96&d=mm&r=g\",\"url\":\"https:\\\/\\\/secure.gravatar.com\\\/avatar\\\/77324b0d1ba9a1c5a0b04ea41b2c3f26d5e8eefd0ee6b4f256de4805c6ebd71c?s=96&d=mm&r=g\",\"contentUrl\":\"https:\\\/\\\/secure.gravatar.com\\\/avatar\\\/77324b0d1ba9a1c5a0b04ea41b2c3f26d5e8eefd0ee6b4f256de4805c6ebd71c?s=96&d=mm&r=g\",\"caption\":\"VisaETA Editorial Team\"},\"sameAs\":[\"http:\\\/\\\/visaeta.uk\"],\"url\":\"https:\\\/\\\/visaeta.uk\\\/is\\\/author\\\/admin\\\/\"}]}<\/script>\n<!-- \/ Yoast SEO plugin. -->","yoast_head_json":{"title":"Fundur Nor\u00f0urh\u00f3psins \u00ed Varsj\u00e1: \u00d6ryggisgreining Bretlands og Evr\u00f3pu","description":"Fundur Nor\u00f0urh\u00f3psins \u00ed Varsj\u00e1 sameinar Bretland og ellefu bandamenn um \u00f6ryggi \u00ed Evr\u00f3pu, a\u00f0sto\u00f0 vi\u00f0 \u00dakra\u00ednu og varnarsamninga milli Bretlands og P\u00f3llands. Greining og algengar spurningar.","robots":{"index":"index","follow":"follow","max-snippet":"max-snippet:-1","max-image-preview":"max-image-preview:large","max-video-preview":"max-video-preview:-1"},"canonical":"https:\/\/visaeta.uk\/is\/blog\/northern-group-warsaw-meeting-uk-european-security\/","og_locale":"is_IS","og_type":"article","og_title":"Northern Group Warsaw Meeting: UK & European Security Analysis","og_description":"Northern Group Warsaw meeting unites UK and 11 allies on European security, Ukraine aid and UK\u2013Poland defence contracts. Analysis and FAQs.","og_url":"https:\/\/visaeta.uk\/is\/blog\/northern-group-warsaw-meeting-uk-european-security\/","og_site_name":"ETA VISA UK","article_published_time":"2025-09-09T04:33:12+00:00","article_modified_time":"2026-05-16T10:09:31+00:00","og_image":[{"width":1200,"height":1800,"url":"https:\/\/visaeta.uk\/wp-content\/uploads\/2026\/04\/uk-eta-families-children-applications-group-travel-img-4.jpg","type":"image\/jpeg"}],"author":"VisaETA Editorial Team","twitter_card":"summary_large_image","twitter_misc":{"Written by":"VisaETA Editorial Team","Est. reading time":"8 minutes"},"schema":{"@context":"https:\/\/schema.org","@graph":[{"@type":"Article","@id":"https:\/\/visaeta.uk\/blog\/northern-group-warsaw-meeting-uk-european-security\/#article","isPartOf":{"@id":"https:\/\/visaeta.uk\/blog\/northern-group-warsaw-meeting-uk-european-security\/"},"author":{"name":"VisaETA Editorial Team","@id":"https:\/\/visaeta.uk\/#\/schema\/person\/81b5965766d02d43333b31730f5fa1c3"},"headline":"Northern Group allies gather in Warsaw to address European security issues.","datePublished":"2025-09-09T04:33:12+00:00","dateModified":"2026-05-16T10:09:31+00:00","mainEntityOfPage":{"@id":"https:\/\/visaeta.uk\/blog\/northern-group-warsaw-meeting-uk-european-security\/"},"wordCount":1716,"commentCount":0,"publisher":{"@id":"https:\/\/visaeta.uk\/#organization"},"image":{"@id":"https:\/\/visaeta.uk\/blog\/northern-group-warsaw-meeting-uk-european-security\/#primaryimage"},"thumbnailUrl":"https:\/\/visaeta.uk\/wp-content\/uploads\/2026\/04\/uk-eta-families-children-applications-group-travel-img-4.jpg","keywords":["Poland","UK ETA 2026","UK Travel","UK Visa"],"articleSection":["BLOG"],"inLanguage":"is","potentialAction":[{"@type":"CommentAction","name":"Comment","target":["https:\/\/visaeta.uk\/blog\/northern-group-warsaw-meeting-uk-european-security\/#respond"]}]},{"@type":"WebPage","@id":"https:\/\/visaeta.uk\/blog\/northern-group-warsaw-meeting-uk-european-security\/","url":"https:\/\/visaeta.uk\/blog\/northern-group-warsaw-meeting-uk-european-security\/","name":"Fundur Nor\u00f0urh\u00f3psins \u00ed Varsj\u00e1: \u00d6ryggisgreining Bretlands og Evr\u00f3pu","isPartOf":{"@id":"https:\/\/visaeta.uk\/#website"},"primaryImageOfPage":{"@id":"https:\/\/visaeta.uk\/blog\/northern-group-warsaw-meeting-uk-european-security\/#primaryimage"},"image":{"@id":"https:\/\/visaeta.uk\/blog\/northern-group-warsaw-meeting-uk-european-security\/#primaryimage"},"thumbnailUrl":"https:\/\/visaeta.uk\/wp-content\/uploads\/2026\/04\/uk-eta-families-children-applications-group-travel-img-4.jpg","datePublished":"2025-09-09T04:33:12+00:00","dateModified":"2026-05-16T10:09:31+00:00","description":"Fundur Nor\u00f0urh\u00f3psins \u00ed Varsj\u00e1 sameinar Bretland og ellefu bandamenn um \u00f6ryggi \u00ed Evr\u00f3pu, a\u00f0sto\u00f0 vi\u00f0 \u00dakra\u00ednu og varnarsamninga milli Bretlands og P\u00f3llands. Greining og algengar spurningar.","breadcrumb":{"@id":"https:\/\/visaeta.uk\/blog\/northern-group-warsaw-meeting-uk-european-security\/#breadcrumb"},"inLanguage":"is","potentialAction":[{"@type":"ReadAction","target":["https:\/\/visaeta.uk\/blog\/northern-group-warsaw-meeting-uk-european-security\/"]}]},{"@type":"ImageObject","inLanguage":"is","@id":"https:\/\/visaeta.uk\/blog\/northern-group-warsaw-meeting-uk-european-security\/#primaryimage","url":"https:\/\/visaeta.uk\/wp-content\/uploads\/2026\/04\/uk-eta-families-children-applications-group-travel-img-4.jpg","contentUrl":"https:\/\/visaeta.uk\/wp-content\/uploads\/2026\/04\/uk-eta-families-children-applications-group-travel-img-4.jpg","width":1200,"height":1800,"caption":"Planning ahead helps every traveller."},{"@type":"BreadcrumbList","@id":"https:\/\/visaeta.uk\/blog\/northern-group-warsaw-meeting-uk-european-security\/#breadcrumb","itemListElement":[{"@type":"ListItem","position":1,"name":"Home","item":"https:\/\/visaeta.uk\/"},{"@type":"ListItem","position":2,"name":"Northern Group allies gather in Warsaw to address European security issues."}]},{"@type":"WebSite","@id":"https:\/\/visaeta.uk\/#website","url":"https:\/\/visaeta.uk\/","name":"ETA-visum til St\u00f3ra-Bretlands","description":"","publisher":{"@id":"https:\/\/visaeta.uk\/#organization"},"alternateName":"ETA visa to the UK","potentialAction":[{"@type":"SearchAction","target":{"@type":"EntryPoint","urlTemplate":"https:\/\/visaeta.uk\/?s={search_term_string}"},"query-input":{"@type":"PropertyValueSpecification","valueRequired":true,"valueName":"search_term_string"}}],"inLanguage":"is"},{"@type":"Organization","@id":"https:\/\/visaeta.uk\/#organization","name":"ETA vegabr\u00e9fs\u00e1ritun Bretland","url":"https:\/\/visaeta.uk\/","logo":{"@type":"ImageObject","inLanguage":"is","@id":"https:\/\/visaeta.uk\/#\/schema\/logo\/image\/","url":"https:\/\/visaeta.uk\/wp-content\/uploads\/2023\/11\/cropped-ETA-UK-2.png","contentUrl":"https:\/\/visaeta.uk\/wp-content\/uploads\/2023\/11\/cropped-ETA-UK-2.png","width":269,"height":53,"caption":"ETA VISA UK"},"image":{"@id":"https:\/\/visaeta.uk\/#\/schema\/logo\/image\/"}},{"@type":"Person","@id":"https:\/\/visaeta.uk\/#\/schema\/person\/81b5965766d02d43333b31730f5fa1c3","name":"VisaETA ritstj\u00f3rnarteymi","image":{"@type":"ImageObject","inLanguage":"is","@id":"https:\/\/secure.gravatar.com\/avatar\/77324b0d1ba9a1c5a0b04ea41b2c3f26d5e8eefd0ee6b4f256de4805c6ebd71c?s=96&d=mm&r=g","url":"https:\/\/secure.gravatar.com\/avatar\/77324b0d1ba9a1c5a0b04ea41b2c3f26d5e8eefd0ee6b4f256de4805c6ebd71c?s=96&d=mm&r=g","contentUrl":"https:\/\/secure.gravatar.com\/avatar\/77324b0d1ba9a1c5a0b04ea41b2c3f26d5e8eefd0ee6b4f256de4805c6ebd71c?s=96&d=mm&r=g","caption":"VisaETA Editorial Team"},"sameAs":["http:\/\/visaeta.uk"],"url":"https:\/\/visaeta.uk\/is\/author\/admin\/"}]}},"_links":{"self":[{"href":"https:\/\/visaeta.uk\/is\/wp-json\/wp\/v2\/posts\/1507","targetHints":{"allow":["GET"]}}],"collection":[{"href":"https:\/\/visaeta.uk\/is\/wp-json\/wp\/v2\/posts"}],"about":[{"href":"https:\/\/visaeta.uk\/is\/wp-json\/wp\/v2\/types\/post"}],"author":[{"embeddable":true,"href":"https:\/\/visaeta.uk\/is\/wp-json\/wp\/v2\/users\/1"}],"replies":[{"embeddable":true,"href":"https:\/\/visaeta.uk\/is\/wp-json\/wp\/v2\/comments?post=1507"}],"version-history":[{"count":6,"href":"https:\/\/visaeta.uk\/is\/wp-json\/wp\/v2\/posts\/1507\/revisions"}],"predecessor-version":[{"id":5950,"href":"https:\/\/visaeta.uk\/is\/wp-json\/wp\/v2\/posts\/1507\/revisions\/5950"}],"wp:featuredmedia":[{"embeddable":true,"href":"https:\/\/visaeta.uk\/is\/wp-json\/wp\/v2\/media\/4981"}],"wp:attachment":[{"href":"https:\/\/visaeta.uk\/is\/wp-json\/wp\/v2\/media?parent=1507"}],"wp:term":[{"taxonomy":"category","embeddable":true,"href":"https:\/\/visaeta.uk\/is\/wp-json\/wp\/v2\/categories?post=1507"},{"taxonomy":"post_tag","embeddable":true,"href":"https:\/\/visaeta.uk\/is\/wp-json\/wp\/v2\/tags?post=1507"}],"curies":[{"name":"vp","href":"https:\/\/api.w.org\/{rel}","templated":true}]}}